{"id":10018,"date":"2017-02-07T15:00:12","date_gmt":"2017-02-07T14:00:12","guid":{"rendered":"http:\/\/iratiirratia.eus\/?p=10018"},"modified":"2017-02-07T15:00:12","modified_gmt":"2017-02-07T14:00:12","slug":"elkartasuna-herrien-arteko-samurtasuna","status":"publish","type":"post","link":"https:\/\/iratiirratia.eus\/index.php\/2017\/02\/07\/elkartasuna-herrien-arteko-samurtasuna\/","title":{"rendered":"Elkartasuna herrien arteko samurtasuna"},"content":{"rendered":"<p><strong>Lur Gil<\/strong> Askapenako kidearekin , Askapena eta erakunde honek antolatzen dituen brigaden inguruan egon gara solasean. Lurrek ondo azaldu digu zer nolako irakaspen eta hartuemanak sortzen diren beste herriekin brigadetan. Azpimarratu digu ere esperientzia oso aberasgarria dela brigada baten parte izatea bai pertsonalki eta bai herri bezala.<\/p>\n<p><a title=\"Askapena 2017\" href=\"http:\/\/iratiirratia.net\/audio\/17-02-07Askapena.mp3\" target=\"_blank\">Klikatu hemen elkarrizketa jaisteko<\/a><\/p>\n<p class=\"audioplayer_container\"><span style=\"display:block;padding:5px;border:1px solid #dddddd;background:#f8f8f8\" id=\"audioplayer_1\">Audio clip: Adobe Flash Player (version 9 or above) is required to play this audio clip. Download the latest version <a href=\"http:\/\/www.adobe.com\/shockwave\/download\/download.cgi?P1_Prod_Version=ShockwaveFlash&amp;promoid=BIOW\" title=\"Download Adobe Flash Player\">here<\/a>. You also need to have JavaScript enabled in your browser.<\/span><\/p>\n<p><img data-attachment-id=\"10019\" data-permalink=\"https:\/\/iratiirratia.eus\/index.php\/2017\/02\/07\/elkartasuna-herrien-arteko-samurtasuna\/aska\/\" data-orig-file=\"https:\/\/i0.wp.com\/iratiirratia.eus\/wp-content\/uploads\/2017\/02\/aska.jpg?fit=848%2C1200&amp;ssl=1\" data-orig-size=\"848,1200\" data-comments-opened=\"1\" data-image-meta=\"{&quot;aperture&quot;:&quot;0&quot;,&quot;credit&quot;:&quot;&quot;,&quot;camera&quot;:&quot;&quot;,&quot;caption&quot;:&quot;&quot;,&quot;created_timestamp&quot;:&quot;0&quot;,&quot;copyright&quot;:&quot;&quot;,&quot;focal_length&quot;:&quot;0&quot;,&quot;iso&quot;:&quot;0&quot;,&quot;shutter_speed&quot;:&quot;0&quot;,&quot;title&quot;:&quot;&quot;,&quot;orientation&quot;:&quot;0&quot;}\" data-image-title=\"aska\" data-image-description=\"\" data-image-caption=\"\" data-medium-file=\"https:\/\/i0.wp.com\/iratiirratia.eus\/wp-content\/uploads\/2017\/02\/aska.jpg?fit=212%2C300&amp;ssl=1\" data-large-file=\"https:\/\/i0.wp.com\/iratiirratia.eus\/wp-content\/uploads\/2017\/02\/aska.jpg?fit=640%2C905&amp;ssl=1\" decoding=\"async\" loading=\"lazy\" src=\"https:\/\/i0.wp.com\/iratiirratia.eus\/wp-content\/uploads\/2017\/02\/aska.jpg?resize=212%2C300\" alt=\"aska\" width=\"212\" height=\"300\" class=\"alignnone size-medium wp-image-10019\" srcset=\"https:\/\/i0.wp.com\/iratiirratia.eus\/wp-content\/uploads\/2017\/02\/aska.jpg?resize=212%2C300&amp;ssl=1 212w, https:\/\/i0.wp.com\/iratiirratia.eus\/wp-content\/uploads\/2017\/02\/aska.jpg?resize=768%2C1087&amp;ssl=1 768w, https:\/\/i0.wp.com\/iratiirratia.eus\/wp-content\/uploads\/2017\/02\/aska.jpg?resize=724%2C1024&amp;ssl=1 724w, https:\/\/i0.wp.com\/iratiirratia.eus\/wp-content\/uploads\/2017\/02\/aska.jpg?resize=700%2C991&amp;ssl=1 700w, https:\/\/i0.wp.com\/iratiirratia.eus\/wp-content\/uploads\/2017\/02\/aska.jpg?w=848&amp;ssl=1 848w\" sizes=\"(max-width: 212px) 100vw, 212px\" data-recalc-dims=\"1\" \/><\/p>\n","protected":false},"excerpt":{"rendered":"<p>Lur Gil Askapenako kidearekin , Askapena eta erakunde honek antolatzen dituen brigaden inguruan egon gara solasean. Lurrek ondo azaldu digu zer nolako irakaspen eta hartuemanak sortzen diren beste herriekin brigadetan. Azpimarratu digu ere esperientzia oso aberasgarria dela brigada baten parte izatea bai pertsonalki eta bai herri bezala. Klikatu hemen elkarrizketa jaisteko [Audio clip: view full [&hellip;]<\/p>\n","protected":false},"author":1,"featured_media":10020,"comment_status":"open","ping_status":"open","sticky":false,"template":"","format":"standard","meta":{"jetpack_post_was_ever_published":false,"_jetpack_newsletter_access":"","_jetpack_newsletter_tier_id":0,"jetpack_publicize_message":"","jetpack_is_tweetstorm":false,"jetpack_publicize_feature_enabled":true,"jetpack_social_post_already_shared":true,"jetpack_social_options":{"image_generator_settings":{"template":"highway","enabled":false}}},"categories":[2,6],"tags":[],"jetpack_publicize_connections":[],"jetpack_featured_media_url":"https:\/\/i0.wp.com\/iratiirratia.eus\/wp-content\/uploads\/2017\/02\/aska2-e1486476002316.jpg?fit=849%2C504&ssl=1","jetpack_shortlink":"https:\/\/wp.me\/p7eaXY-2BA","jetpack_sharing_enabled":true,"jetpack-related-posts":[{"id":10016,"url":"https:\/\/iratiirratia.eus\/index.php\/2017\/02\/07\/egun-on-aunamendi-800\/","url_meta":{"origin":10018,"position":0},"title":"Egun on, Au\u00f1amendi!","author":"Irati Irratia","date":"7 otsaila, 2017","format":false,"excerpt":"Gaurkoan Quark saioa izan dugu gurean telefono mugikorren eztandagarritasunaren inguruan hitzegiten . Ondoren Martin Juanena, Aralar irratiko esataria bisitatu dugu eta bertako berriak kontatu dizkigu.Gero Lur Gil -ekin Askapena zer den eta erakunde horrek antolatu dituen brigadetaz solastu gara.Eta, nola ez, berriak, inguruko abisuak eta agenda errepasatu ditugu. Entzun! Izenburua:\u2026","rel":"","context":"In &quot;Egun on, Au\u00f1amendi!&quot;","block_context":{"text":"Egun on, Au\u00f1amendi!","link":"https:\/\/iratiirratia.eus\/index.php\/category\/egunon-aunamendi\/"},"img":{"alt_text":"","src":"","width":0,"height":0},"classes":[]},{"id":23066,"url":"https:\/\/iratiirratia.eus\/index.php\/2025\/12\/19\/herriaren-eta-herritarren-askatasuna-aldarri-ospatuko-da-aske-jaialdia-abenduaren-27an\/","url_meta":{"origin":10018,"position":1},"title":"Herriaren eta herritarren askatasuna aldarri ospatuko da Aske jaialdia abenduaren 27an","author":"Eneko Villegas","date":"19 abendua, 2025","format":false,"excerpt":"Hatortxurock-ek utzitako kapital humano horrek martxan jarri du ekimen berri bat, Aske Jaialdia, zeina abenduaren 27an Atarrabia izanen du agertoki. Herria eta herritarren askatzen bideari soinu-banda jartzeko jaialdia izanen da, auzolana oinarri izanen duena. Garai eta erronka berriei aurre egiteko egitasmoa izanen da eta horretarako ere jendearen parte-hartzea beharrezkoa duen\u2026","rel":"","context":"In &quot;Berriak&quot;","block_context":{"text":"Berriak","link":"https:\/\/iratiirratia.eus\/index.php\/category\/berriak\/"},"img":{"alt_text":"","src":"https:\/\/i0.wp.com\/iratiirratia.eus\/wp-content\/uploads\/2025\/12\/AskeKartela-1.jpeg?fit=990%2C1200&ssl=1&resize=350%2C200","width":350,"height":200,"srcset":"https:\/\/i0.wp.com\/iratiirratia.eus\/wp-content\/uploads\/2025\/12\/AskeKartela-1.jpeg?fit=990%2C1200&ssl=1&resize=350%2C200 1x, https:\/\/i0.wp.com\/iratiirratia.eus\/wp-content\/uploads\/2025\/12\/AskeKartela-1.jpeg?fit=990%2C1200&ssl=1&resize=525%2C300 1.5x, https:\/\/i0.wp.com\/iratiirratia.eus\/wp-content\/uploads\/2025\/12\/AskeKartela-1.jpeg?fit=990%2C1200&ssl=1&resize=700%2C400 2x"},"classes":[]},{"id":10343,"url":"https:\/\/iratiirratia.eus\/index.php\/2017\/04\/06\/korrika-7-eguna\/","url_meta":{"origin":10018,"position":2},"title":"Korrika 7.eguna","author":"Irati Irratia","date":"6 apirila, 2017","format":false,"excerpt":"Gaurkoan probestuta Arrosa sareko kide den Ainhoa Villaverde dugula Korrikaren jarraipena egiten, saioan kronika hori luzatu dugu.Ezin izan digu audiorik bidali baina bere errelatoa bai eta halaxe helarazi dizuegu. Klikatu hemen elkarrizketa jaisteko [audio:http:\/\/iratiirratia.net\/audio\/Korrika7 eguna ona.mp3|titles=Korrika]","rel":"","context":"In &quot;Berriak&quot;","block_context":{"text":"Berriak","link":"https:\/\/iratiirratia.eus\/index.php\/category\/berriak\/"},"img":{"alt_text":"","src":"https:\/\/i0.wp.com\/iratiirratia.eus\/wp-content\/uploads\/2017\/04\/apirilak-5.jpg?fit=1200%2C154&ssl=1&resize=350%2C200","width":350,"height":200,"srcset":"https:\/\/i0.wp.com\/iratiirratia.eus\/wp-content\/uploads\/2017\/04\/apirilak-5.jpg?fit=1200%2C154&ssl=1&resize=350%2C200 1x, https:\/\/i0.wp.com\/iratiirratia.eus\/wp-content\/uploads\/2017\/04\/apirilak-5.jpg?fit=1200%2C154&ssl=1&resize=525%2C300 1.5x, https:\/\/i0.wp.com\/iratiirratia.eus\/wp-content\/uploads\/2017\/04\/apirilak-5.jpg?fit=1200%2C154&ssl=1&resize=700%2C400 2x, https:\/\/i0.wp.com\/iratiirratia.eus\/wp-content\/uploads\/2017\/04\/apirilak-5.jpg?fit=1200%2C154&ssl=1&resize=1050%2C600 3x"},"classes":[]},{"id":7273,"url":"https:\/\/iratiirratia.eus\/index.php\/2015\/10\/08\/david-soto-izugarria-izan-da-eskualdean-jaso-dugun-babesa\/","url_meta":{"origin":10018,"position":3},"title":"David Soto: &#8220;Izugarria izan da eskualdean jaso dugun babesa&#8221;","author":"Irati Irratia","date":"8 urria, 2015","format":false,"excerpt":"Datorren urriaren 19an hasiko da Espainiako Auzitegi Nazionalean Askapenako bost kideen aurkako epaiketa. ETAko kide izatearen akusaziopean seina urteko espetxe zigorra eskatu du fiskaltzak bakoitzarentzat. Talde internazionalistaren disoluzioa eta ilegalizazioa ere eskatu ditu, baita Askape\u00f1a, Herriak Aske eta Elkar Truke elkartena ere. Aizpugirekin harreman estua duen David Soto gonbidatu dugu\u2026","rel":"","context":"In &quot;Berriak&quot;","block_context":{"text":"Berriak","link":"https:\/\/iratiirratia.eus\/index.php\/category\/berriak\/"},"img":{"alt_text":"","src":"","width":0,"height":0},"classes":[]},{"id":15265,"url":"https:\/\/iratiirratia.eus\/index.php\/2020\/09\/03\/col-du-soudeten-askatasuna-hitza-argiztatuko-dute-erabakitze-eskubidearen-alde\/","url_meta":{"origin":10018,"position":4},"title":"Col du Soudeten Askatasuna hitza argiztatuko dute erabakitze eskubidearen alde","author":"Irati Irratia","date":"3 iraila, 2020","format":false,"excerpt":"Gure Esku Dago hartu du bere gain Euskal Herrian dinamika hau mugitzeko. Llum i Llibertat eta ANCrekin elkarlanean burutuko da ekimena Tourraren igarotzea aprobetxatuz. Honetaz Gure Esku Dagoko koordinatzailea den Jexux Olaziregirekin izan gara gaurkoan. Izena emateko aukera http:\/\/gureesku.eus Jexux Olaziregi Irati irratian [audio:http:\/\/www.iratiirratia.eus\/audio\/20-09-03JexuxGureesku.mp3]","rel":"","context":"In &quot;Berriak&quot;","block_context":{"text":"Berriak","link":"https:\/\/iratiirratia.eus\/index.php\/category\/berriak\/"},"img":{"alt_text":"","src":"https:\/\/i0.wp.com\/iratiirratia.eus\/wp-content\/uploads\/2017\/09\/maxresdefault.jpg?fit=1200%2C675&ssl=1&resize=350%2C200","width":350,"height":200,"srcset":"https:\/\/i0.wp.com\/iratiirratia.eus\/wp-content\/uploads\/2017\/09\/maxresdefault.jpg?fit=1200%2C675&ssl=1&resize=350%2C200 1x, https:\/\/i0.wp.com\/iratiirratia.eus\/wp-content\/uploads\/2017\/09\/maxresdefault.jpg?fit=1200%2C675&ssl=1&resize=525%2C300 1.5x, https:\/\/i0.wp.com\/iratiirratia.eus\/wp-content\/uploads\/2017\/09\/maxresdefault.jpg?fit=1200%2C675&ssl=1&resize=700%2C400 2x, https:\/\/i0.wp.com\/iratiirratia.eus\/wp-content\/uploads\/2017\/09\/maxresdefault.jpg?fit=1200%2C675&ssl=1&resize=1050%2C600 3x"},"classes":[]},{"id":5841,"url":"https:\/\/iratiirratia.eus\/index.php\/2015\/04\/23\/alderdiekin-egindako-mahai-inguruako-audioa-audio-de-la-mesa-redonda-con-los-partidos\/","url_meta":{"origin":10018,"position":5},"title":"Alderdiekin egindako mahai-inguruko audioa &#8211; Audio de la mesa redonda con los partidos","author":"Irati Irratia","date":"23 apirila, 2015","format":false,"excerpt":"Izenburua: Mahai-inguruko audioa Iraupena: 2:30 ordu Klikatu hemen saioa jaisteko [audio:http:\/\/iratiirratia.eus\/audio\/Mahai_ingurua.MP3|titles=Egun on, Au\u00f1amendi! 15-04-23]","rel":"","context":"In &quot;Egun on, Au\u00f1amendi!&quot;","block_context":{"text":"Egun on, Au\u00f1amendi!","link":"https:\/\/iratiirratia.eus\/index.php\/category\/egunon-aunamendi\/"},"img":{"alt_text":"","src":"","width":0,"height":0},"classes":[]}],"_links":{"self":[{"href":"https:\/\/iratiirratia.eus\/index.php\/wp-json\/wp\/v2\/posts\/10018"}],"collection":[{"href":"https:\/\/iratiirratia.eus\/index.php\/wp-json\/wp\/v2\/posts"}],"about":[{"href":"https:\/\/iratiirratia.eus\/index.php\/wp-json\/wp\/v2\/types\/post"}],"author":[{"embeddable":true,"href":"https:\/\/iratiirratia.eus\/index.php\/wp-json\/wp\/v2\/users\/1"}],"replies":[{"embeddable":true,"href":"https:\/\/iratiirratia.eus\/index.php\/wp-json\/wp\/v2\/comments?post=10018"}],"version-history":[{"count":2,"href":"https:\/\/iratiirratia.eus\/index.php\/wp-json\/wp\/v2\/posts\/10018\/revisions"}],"predecessor-version":[{"id":10024,"href":"https:\/\/iratiirratia.eus\/index.php\/wp-json\/wp\/v2\/posts\/10018\/revisions\/10024"}],"wp:featuredmedia":[{"embeddable":true,"href":"https:\/\/iratiirratia.eus\/index.php\/wp-json\/wp\/v2\/media\/10020"}],"wp:attachment":[{"href":"https:\/\/iratiirratia.eus\/index.php\/wp-json\/wp\/v2\/media?parent=10018"}],"wp:term":[{"taxonomy":"category","embeddable":true,"href":"https:\/\/iratiirratia.eus\/index.php\/wp-json\/wp\/v2\/categories?post=10018"},{"taxonomy":"post_tag","embeddable":true,"href":"https:\/\/iratiirratia.eus\/index.php\/wp-json\/wp\/v2\/tags?post=10018"}],"curies":[{"name":"wp","href":"https:\/\/api.w.org\/{rel}","templated":true}]}}