{"id":10086,"date":"2017-02-20T09:54:57","date_gmt":"2017-02-20T08:54:57","guid":{"rendered":"http:\/\/iratiirratia.eus\/?p=10086"},"modified":"2017-02-20T10:13:32","modified_gmt":"2017-02-20T09:13:32","slug":"nafar-gobernuak-ultraeskuindar-eta-poliziaren-biolentziak-eragindako-biktimak-omendu-ditu","status":"publish","type":"post","link":"https:\/\/iratiirratia.eus\/index.php\/2017\/02\/20\/nafar-gobernuak-ultraeskuindar-eta-poliziaren-biolentziak-eragindako-biktimak-omendu-ditu\/","title":{"rendered":"Nafar Gobernuak ultraeskuindar eta poliziaren biolentziak eragindako biktimak omendu ditu"},"content":{"rendered":"<p>Uxue Barkos Nafarroako Lehendakariak erakundeen eta, beraz, Nafarroako gizarte osoaren elkartasuna eta gertutasuna adierazi zien eskuin muturreko taldeen edo funtzionario publikoen arrazoi politikoko ekintzen biktima izan direnei, larunbat eguerdian Kultura, Kirol eta Gazteria Departamentuko klaustroan egin zen ekitaldian; 350 lagunetik gora egon zen ekitaldi horretan.<\/p>\n<p>Ekitaldia abestu eta dantzatutako aurresku batekin hasi zen, Etxarri Arantzko abesbatza eta Etorkizuna dantza taldearen eskutik. Ondoren Julio Soto bertsolarik hartu zuen hitza eta emanaldi dotorea eskaini zuen. Gero olerkiak eta abesbatzak berriro biktimen senideei eman zien bide.<\/p>\n<p>Familiarren izenean Eneko Etxeberria, Fermin Rodriguez eta Idoia Zabalzak hartu zuten hitza eta eskerrak eman eta gero benetazko errekonozimendua falta zaiela arbuiatu zuten, haiek esan bezala egia jakitean benetazko errekonozimendua jasoko dutela esan zuten senideek.<\/p>\n<p>Bukatzeko Nafara instituzioetako buruek, Uxue Barkos, Ainhoa Aznarez eta Pablo Azkonak erreparaziorako bide hitzak egin zituzten eta lore eskaintza batekin amaitu zen ekitaldia.<\/p>\n<p><img data-attachment-id=\"10088\" data-permalink=\"https:\/\/iratiirratia.eus\/index.php\/2017\/02\/20\/nafar-gobernuak-ultraeskuindar-eta-poliziaren-biolentziak-eragindako-biktimak-omendu-ditu\/patiob\/\" data-orig-file=\"https:\/\/i0.wp.com\/iratiirratia.eus\/wp-content\/uploads\/2017\/02\/patioB.jpg?fit=1701%2C2556&amp;ssl=1\" data-orig-size=\"1701,2556\" data-comments-opened=\"1\" data-image-meta=\"{&quot;aperture&quot;:&quot;0&quot;,&quot;credit&quot;:&quot;&quot;,&quot;camera&quot;:&quot;&quot;,&quot;caption&quot;:&quot;&quot;,&quot;created_timestamp&quot;:&quot;0&quot;,&quot;copyright&quot;:&quot;&quot;,&quot;focal_length&quot;:&quot;0&quot;,&quot;iso&quot;:&quot;0&quot;,&quot;shutter_speed&quot;:&quot;0&quot;,&quot;title&quot;:&quot;&quot;,&quot;orientation&quot;:&quot;0&quot;}\" data-image-title=\"patioB\" data-image-description=\"\" data-image-caption=\"\" data-medium-file=\"https:\/\/i0.wp.com\/iratiirratia.eus\/wp-content\/uploads\/2017\/02\/patioB.jpg?fit=200%2C300&amp;ssl=1\" data-large-file=\"https:\/\/i0.wp.com\/iratiirratia.eus\/wp-content\/uploads\/2017\/02\/patioB.jpg?fit=640%2C962&amp;ssl=1\" decoding=\"async\" loading=\"lazy\" src=\"https:\/\/i0.wp.com\/iratiirratia.eus\/wp-content\/uploads\/2017\/02\/patioB.jpg?resize=200%2C300\" alt=\"patioB\" width=\"200\" height=\"300\" class=\"alignnone size-medium wp-image-10088\" srcset=\"https:\/\/i0.wp.com\/iratiirratia.eus\/wp-content\/uploads\/2017\/02\/patioB.jpg?resize=200%2C300&amp;ssl=1 200w, https:\/\/i0.wp.com\/iratiirratia.eus\/wp-content\/uploads\/2017\/02\/patioB.jpg?resize=768%2C1154&amp;ssl=1 768w, https:\/\/i0.wp.com\/iratiirratia.eus\/wp-content\/uploads\/2017\/02\/patioB.jpg?resize=681%2C1024&amp;ssl=1 681w, https:\/\/i0.wp.com\/iratiirratia.eus\/wp-content\/uploads\/2017\/02\/patioB.jpg?resize=700%2C1052&amp;ssl=1 700w, https:\/\/i0.wp.com\/iratiirratia.eus\/wp-content\/uploads\/2017\/02\/patioB.jpg?w=1701&amp;ssl=1 1701w, https:\/\/i0.wp.com\/iratiirratia.eus\/wp-content\/uploads\/2017\/02\/patioB.jpg?w=1280 1280w\" sizes=\"(max-width: 200px) 100vw, 200px\" data-recalc-dims=\"1\" \/><br \/>\n<a href=\"https:\/\/www.facebook.com\/AhotsaInfo\/videos\/728787400659069\/\">Idoia Zabalzaren hitzartzea Ahotsa.info lagunen eskutik<\/a><\/p>\n<p><a href=\"https:\/\/vimeo.com\/204691681\">omenaldiaren laburpena gazteleraz<\/a><\/p>\n","protected":false},"excerpt":{"rendered":"<p>Uxue Barkos Nafarroako Lehendakariak erakundeen eta, beraz, Nafarroako gizarte osoaren elkartasuna eta gertutasuna adierazi zien eskuin muturreko taldeen edo funtzionario publikoen arrazoi politikoko ekintzen biktima izan direnei, larunbat eguerdian Kultura, Kirol eta Gazteria Departamentuko klaustroan egin zen ekitaldian; 350 lagunetik gora egon zen ekitaldi horretan. Ekitaldia abestu eta dantzatutako aurresku batekin hasi zen, Etxarri Arantzko [&hellip;]<\/p>\n","protected":false},"author":1,"featured_media":10087,"comment_status":"open","ping_status":"open","sticky":false,"template":"","format":"standard","meta":{"jetpack_post_was_ever_published":false,"_jetpack_newsletter_access":"","_jetpack_newsletter_tier_id":0,"jetpack_publicize_message":"","jetpack_is_tweetstorm":false,"jetpack_publicize_feature_enabled":true,"jetpack_social_post_already_shared":true,"jetpack_social_options":{"image_generator_settings":{"template":"highway","enabled":false}}},"categories":[2],"tags":[],"jetpack_publicize_connections":[],"jetpack_featured_media_url":"https:\/\/i0.wp.com\/iratiirratia.eus\/wp-content\/uploads\/2017\/02\/FamiliaresB-e1487580829124.jpg?fit=3266%2C1571&ssl=1","jetpack_shortlink":"https:\/\/wp.me\/p7eaXY-2CG","jetpack_sharing_enabled":true,"jetpack-related-posts":[{"id":22806,"url":"https:\/\/iratiirratia.eus\/index.php\/2025\/10\/24\/jazz-kontzertua-eskainiko-du-nafarroako-kamara-abesbatzak-igandean-agoitzen\/","url_meta":{"origin":10086,"position":0},"title":"Jazz kontzertua eskainiko du Nafarroako Kamara abesbatzak igandean Agoitzen","author":"Eneko Villegas","date":"24 urria, 2025","format":false,"excerpt":"Nafarroako Kamara Abesbatzak kontzertua eskainiko du igande honetan Agoitzen. Jazz doinuek hartuko dute Agoitzeko Kultur etxea Andoni Arcillaren gidaritzapean. Ordu bete eta laurdeneko emanaldian XX. mende hasierako kantuen errepasoa eginen dute 18 abeslarik eta banda osatzen duten laukoteak. Richard Rodgers, Lorenz Hart eta Oscar Hammersteinen abestiak hizpide gozarazi eginen dute\u2026","rel":"","context":"In &quot;Agoitz&quot;","block_context":{"text":"Agoitz","link":"https:\/\/iratiirratia.eus\/index.php\/category\/agoitz\/"},"img":{"alt_text":"","src":"https:\/\/i0.wp.com\/iratiirratia.eus\/wp-content\/uploads\/2025\/10\/565727573_1261086666059548_1854150483040282080_n.jpg?fit=1200%2C800&ssl=1&resize=350%2C200","width":350,"height":200,"srcset":"https:\/\/i0.wp.com\/iratiirratia.eus\/wp-content\/uploads\/2025\/10\/565727573_1261086666059548_1854150483040282080_n.jpg?fit=1200%2C800&ssl=1&resize=350%2C200 1x, https:\/\/i0.wp.com\/iratiirratia.eus\/wp-content\/uploads\/2025\/10\/565727573_1261086666059548_1854150483040282080_n.jpg?fit=1200%2C800&ssl=1&resize=525%2C300 1.5x, https:\/\/i0.wp.com\/iratiirratia.eus\/wp-content\/uploads\/2025\/10\/565727573_1261086666059548_1854150483040282080_n.jpg?fit=1200%2C800&ssl=1&resize=700%2C400 2x, https:\/\/i0.wp.com\/iratiirratia.eus\/wp-content\/uploads\/2025\/10\/565727573_1261086666059548_1854150483040282080_n.jpg?fit=1200%2C800&ssl=1&resize=1050%2C600 3x"},"classes":[]},{"id":17110,"url":"https:\/\/iratiirratia.eus\/index.php\/2022\/03\/02\/mikel-zabalzari-aitortza-eman-dio-eaeko-gobernuak\/","url_meta":{"origin":10086,"position":1},"title":"Mikel Zabalzari aitortza eman dio EAEko gobernuak","author":"Irati Irratia","date":"2 martxoa, 2022","format":false,"excerpt":"Otsailaren azken igandean, 36 urte eta gero administrazio batek aitortza eman dio Mikel Zabalzari torturapean hildako biktima bezala. Administrazio hori EAEko gobernua izan da Beatriz Artolazabalen eskutik eman zien senideei aitortza justifikatzen duen informea, Orbaitzetako Olan egindako ekitaldian. Ekitaldian Nafar Gobernuko ordezkariak izan dira eta baita egiaztatze baztordeko zenbait profesional\u2026","rel":"","context":"In &quot;Aezkoa&quot;","block_context":{"text":"Aezkoa","link":"https:\/\/iratiirratia.eus\/index.php\/category\/aezkoa\/"},"img":{"alt_text":"","src":"https:\/\/i0.wp.com\/iratiirratia.eus\/wp-content\/uploads\/2022\/03\/MikelZabalzaAitortza2.jpg?fit=900%2C1200&ssl=1&resize=350%2C200","width":350,"height":200,"srcset":"https:\/\/i0.wp.com\/iratiirratia.eus\/wp-content\/uploads\/2022\/03\/MikelZabalzaAitortza2.jpg?fit=900%2C1200&ssl=1&resize=350%2C200 1x, https:\/\/i0.wp.com\/iratiirratia.eus\/wp-content\/uploads\/2022\/03\/MikelZabalzaAitortza2.jpg?fit=900%2C1200&ssl=1&resize=525%2C300 1.5x, https:\/\/i0.wp.com\/iratiirratia.eus\/wp-content\/uploads\/2022\/03\/MikelZabalzaAitortza2.jpg?fit=900%2C1200&ssl=1&resize=700%2C400 2x"},"classes":[]},{"id":18668,"url":"https:\/\/iratiirratia.eus\/index.php\/2023\/06\/27\/iv-aniztasunaren-aldeko-topaketak-antolatu-ditu-garraldako-udalak\/","url_meta":{"origin":10086,"position":2},"title":"IV. Aniztasunaren aldeko topaketak antolatu ditu Garraldako udalak","author":"Irati Irratia","date":"27 ekaina, 2023","format":false,"excerpt":"Igandean 13:30ak aldera hasi zen Garraldako Arostegi Plazan Aniztasunaren aldeko IV. Topaketak. Laugarren edizio honetan Laiak Elkarteko kideak izan ziren gonbidatuak euren jarduna azaltzeko eta garaian Garraldako herriari emandako saria eskertzeko. Ekitaldiari hasiera emateko Daniel Irigoien Garraldako zinegotziak hartu zuen hitza , eskertuz bertaratutakoei euren esker ona. Ondoren sexu aniztasunaren\u2026","rel":"","context":"In &quot;Aezkoa&quot;","block_context":{"text":"Aezkoa","link":"https:\/\/iratiirratia.eus\/index.php\/category\/aezkoa\/"},"img":{"alt_text":"","src":"https:\/\/i0.wp.com\/iratiirratia.eus\/wp-content\/uploads\/2023\/06\/Imagen-de-WhatsApp-2023-06-27-a-las-12.06.21.jpg?fit=1200%2C540&ssl=1&resize=350%2C200","width":350,"height":200,"srcset":"https:\/\/i0.wp.com\/iratiirratia.eus\/wp-content\/uploads\/2023\/06\/Imagen-de-WhatsApp-2023-06-27-a-las-12.06.21.jpg?fit=1200%2C540&ssl=1&resize=350%2C200 1x, https:\/\/i0.wp.com\/iratiirratia.eus\/wp-content\/uploads\/2023\/06\/Imagen-de-WhatsApp-2023-06-27-a-las-12.06.21.jpg?fit=1200%2C540&ssl=1&resize=525%2C300 1.5x, https:\/\/i0.wp.com\/iratiirratia.eus\/wp-content\/uploads\/2023\/06\/Imagen-de-WhatsApp-2023-06-27-a-las-12.06.21.jpg?fit=1200%2C540&ssl=1&resize=700%2C400 2x, https:\/\/i0.wp.com\/iratiirratia.eus\/wp-content\/uploads\/2023\/06\/Imagen-de-WhatsApp-2023-06-27-a-las-12.06.21.jpg?fit=1200%2C540&ssl=1&resize=1050%2C600 3x"},"classes":[]},{"id":13530,"url":"https:\/\/iratiirratia.eus\/index.php\/2019\/06\/04\/zain-zaraitzu-ibaia-naturala\/","url_meta":{"origin":10086,"position":3},"title":"ZAIN: Zaraitzu Ibaia Naturala","author":"Irati Irratia","date":"4 ekaina, 2019","format":false,"excerpt":"ZAIN hitza, zainketatik dator, baina kasu honetan akronimo bat adierazten du, edo ez? ZAINeko kidea den Dabid Sotorekin egon eta gero bi aukeren alde egin beharko genuke. Alde batetik kolektibo berri honek Zaraitzu ibaiaren zainketa eta bere inguruko hausnarketa ahalbidetzea du helburu. Bestetik ibaiak naturalki duen itxura mantentzearen alde lan\u2026","rel":"","context":"In &quot;Berriak&quot;","block_context":{"text":"Berriak","link":"https:\/\/iratiirratia.eus\/index.php\/category\/berriak\/"},"img":{"alt_text":"","src":"https:\/\/i0.wp.com\/iratiirratia.eus\/wp-content\/uploads\/2019\/06\/panor\u00e1mica-r\u00edo-salazar-salida-foz-de-arbay\u00fan-arbaiun-001-e1559650099909.jpg?fit=596%2C248&ssl=1&resize=350%2C200","width":350,"height":200,"srcset":"https:\/\/i0.wp.com\/iratiirratia.eus\/wp-content\/uploads\/2019\/06\/panor\u00e1mica-r\u00edo-salazar-salida-foz-de-arbay\u00fan-arbaiun-001-e1559650099909.jpg?fit=596%2C248&ssl=1&resize=350%2C200 1x, https:\/\/i0.wp.com\/iratiirratia.eus\/wp-content\/uploads\/2019\/06\/panor\u00e1mica-r\u00edo-salazar-salida-foz-de-arbay\u00fan-arbaiun-001-e1559650099909.jpg?fit=596%2C248&ssl=1&resize=525%2C300 1.5x"},"classes":[]},{"id":21496,"url":"https:\/\/iratiirratia.eus\/index.php\/2025\/02\/07\/agoitzeko-bigantxekin-jarraitu-edo-ekimen-alternatiboak-sustatzeko-parte-hartze-prozesua-abian\/","url_meta":{"origin":10086,"position":4},"title":"Agoitzeko bigantxekin jarraitu edo ekimen alternatiboak sustatzeko parte-hartze prozesua abian","author":"Eneko Villegas","date":"7 otsaila, 2025","format":false,"excerpt":"Aurreko urteetan Agoitzeko udalak bigantxak kentzeko eskariak jaso izan ditu eta gai korapilatsu honi helduta aurten prozesu parte-hartzaile bat abiatuko dut lehendabizi honen ordez esperientzia pilotu bat ezartzeko asmoz. Froga honen ostean bizilagunei emanen liekete hitza eta bertan erabaki ea Agoitzeko jaietan bigantxak eduki nahi dituzten edo ez. Gaur eta\u2026","rel":"","context":"In &quot;Agoitz&quot;","block_context":{"text":"Agoitz","link":"https:\/\/iratiirratia.eus\/index.php\/category\/agoitz\/"},"img":{"alt_text":"","src":"https:\/\/i0.wp.com\/iratiirratia.eus\/wp-content\/uploads\/2025\/02\/ParteHartzeProzesuaAgoitzZezen.jpg?fit=847%2C1200&ssl=1&resize=350%2C200","width":350,"height":200,"srcset":"https:\/\/i0.wp.com\/iratiirratia.eus\/wp-content\/uploads\/2025\/02\/ParteHartzeProzesuaAgoitzZezen.jpg?fit=847%2C1200&ssl=1&resize=350%2C200 1x, https:\/\/i0.wp.com\/iratiirratia.eus\/wp-content\/uploads\/2025\/02\/ParteHartzeProzesuaAgoitzZezen.jpg?fit=847%2C1200&ssl=1&resize=525%2C300 1.5x, https:\/\/i0.wp.com\/iratiirratia.eus\/wp-content\/uploads\/2025\/02\/ParteHartzeProzesuaAgoitzZezen.jpg?fit=847%2C1200&ssl=1&resize=700%2C400 2x"},"classes":[]},{"id":15265,"url":"https:\/\/iratiirratia.eus\/index.php\/2020\/09\/03\/col-du-soudeten-askatasuna-hitza-argiztatuko-dute-erabakitze-eskubidearen-alde\/","url_meta":{"origin":10086,"position":5},"title":"Col du Soudeten Askatasuna hitza argiztatuko dute erabakitze eskubidearen alde","author":"Irati Irratia","date":"3 iraila, 2020","format":false,"excerpt":"Gure Esku Dago hartu du bere gain Euskal Herrian dinamika hau mugitzeko. Llum i Llibertat eta ANCrekin elkarlanean burutuko da ekimena Tourraren igarotzea aprobetxatuz. Honetaz Gure Esku Dagoko koordinatzailea den Jexux Olaziregirekin izan gara gaurkoan. Izena emateko aukera http:\/\/gureesku.eus Jexux Olaziregi Irati irratian [audio:http:\/\/www.iratiirratia.eus\/audio\/20-09-03JexuxGureesku.mp3]","rel":"","context":"In &quot;Berriak&quot;","block_context":{"text":"Berriak","link":"https:\/\/iratiirratia.eus\/index.php\/category\/berriak\/"},"img":{"alt_text":"","src":"https:\/\/i0.wp.com\/iratiirratia.eus\/wp-content\/uploads\/2017\/09\/maxresdefault.jpg?fit=1200%2C675&ssl=1&resize=350%2C200","width":350,"height":200,"srcset":"https:\/\/i0.wp.com\/iratiirratia.eus\/wp-content\/uploads\/2017\/09\/maxresdefault.jpg?fit=1200%2C675&ssl=1&resize=350%2C200 1x, https:\/\/i0.wp.com\/iratiirratia.eus\/wp-content\/uploads\/2017\/09\/maxresdefault.jpg?fit=1200%2C675&ssl=1&resize=525%2C300 1.5x, https:\/\/i0.wp.com\/iratiirratia.eus\/wp-content\/uploads\/2017\/09\/maxresdefault.jpg?fit=1200%2C675&ssl=1&resize=700%2C400 2x, https:\/\/i0.wp.com\/iratiirratia.eus\/wp-content\/uploads\/2017\/09\/maxresdefault.jpg?fit=1200%2C675&ssl=1&resize=1050%2C600 3x"},"classes":[]}],"_links":{"self":[{"href":"https:\/\/iratiirratia.eus\/index.php\/wp-json\/wp\/v2\/posts\/10086"}],"collection":[{"href":"https:\/\/iratiirratia.eus\/index.php\/wp-json\/wp\/v2\/posts"}],"about":[{"href":"https:\/\/iratiirratia.eus\/index.php\/wp-json\/wp\/v2\/types\/post"}],"author":[{"embeddable":true,"href":"https:\/\/iratiirratia.eus\/index.php\/wp-json\/wp\/v2\/users\/1"}],"replies":[{"embeddable":true,"href":"https:\/\/iratiirratia.eus\/index.php\/wp-json\/wp\/v2\/comments?post=10086"}],"version-history":[{"count":4,"href":"https:\/\/iratiirratia.eus\/index.php\/wp-json\/wp\/v2\/posts\/10086\/revisions"}],"predecessor-version":[{"id":10092,"href":"https:\/\/iratiirratia.eus\/index.php\/wp-json\/wp\/v2\/posts\/10086\/revisions\/10092"}],"wp:featuredmedia":[{"embeddable":true,"href":"https:\/\/iratiirratia.eus\/index.php\/wp-json\/wp\/v2\/media\/10087"}],"wp:attachment":[{"href":"https:\/\/iratiirratia.eus\/index.php\/wp-json\/wp\/v2\/media?parent=10086"}],"wp:term":[{"taxonomy":"category","embeddable":true,"href":"https:\/\/iratiirratia.eus\/index.php\/wp-json\/wp\/v2\/categories?post=10086"},{"taxonomy":"post_tag","embeddable":true,"href":"https:\/\/iratiirratia.eus\/index.php\/wp-json\/wp\/v2\/tags?post=10086"}],"curies":[{"name":"wp","href":"https:\/\/api.w.org\/{rel}","templated":true}]}}