{"id":10922,"date":"2017-07-12T12:45:49","date_gmt":"2017-07-12T10:45:49","guid":{"rendered":"http:\/\/iratiirratia.eus\/?p=10922"},"modified":"2017-07-12T12:45:49","modified_gmt":"2017-07-12T10:45:49","slug":"agoiztar-bat-atxilotua-droga-trafikoa-egotzita","status":"publish","type":"post","link":"https:\/\/iratiirratia.eus\/index.php\/2017\/07\/12\/agoiztar-bat-atxilotua-droga-trafikoa-egotzita\/","title":{"rendered":"Agoiztar bat atxilotua droga trafikoa egotzita"},"content":{"rendered":"<p>Goardia Zibilak Iru\u00f1era bidean zihoan agoizko bizilagun bat atxilotu du gainean kokaina 70 gramo eramaten zituela. Adituek esan diguten bezala merkantzia hau Sanferminetara saltzera zihoan agoiztarra eta merkantziaren balioa 4000 eurokoa izan zitekeen.<br \/>\nAtxilotua aurki pasako da epailearen aurretik.<\/p>\n","protected":false},"excerpt":{"rendered":"<p>Goardia Zibilak Iru\u00f1era bidean zihoan agoizko bizilagun bat atxilotu du gainean kokaina 70 gramo eramaten zituela. Adituek esan diguten bezala merkantzia hau Sanferminetara saltzera zihoan agoiztarra eta merkantziaren balioa 4000 eurokoa izan zitekeen. Atxilotua aurki pasako da epailearen aurretik.<\/p>\n","protected":false},"author":1,"featured_media":10923,"comment_status":"open","ping_status":"open","sticky":false,"template":"","format":"standard","meta":{"jetpack_post_was_ever_published":false,"_jetpack_newsletter_access":"","_jetpack_newsletter_tier_id":0,"jetpack_publicize_message":"","jetpack_is_tweetstorm":false,"jetpack_publicize_feature_enabled":true,"jetpack_social_post_already_shared":true,"jetpack_social_options":{"image_generator_settings":{"template":"highway","enabled":false}}},"categories":[2],"tags":[],"jetpack_publicize_connections":[],"jetpack_featured_media_url":"https:\/\/i0.wp.com\/iratiirratia.eus\/wp-content\/uploads\/2017\/07\/cocaina_5531_1-e1499856334711.jpg?fit=560%2C244&ssl=1","jetpack_shortlink":"https:\/\/wp.me\/p7eaXY-2Qa","jetpack_sharing_enabled":true,"jetpack-related-posts":[{"id":10379,"url":"https:\/\/iratiirratia.eus\/index.php\/2017\/04\/18\/atxilotu-bat-luzaiden\/","url_meta":{"origin":10922,"position":0},"title":"Atxilotu bat Luzaiden","author":"Irati Irratia","date":"18 apirila, 2017","format":false,"excerpt":"18 urteko gizon bat atxilotua izan zen pasa den asteartean Luzaiden. Gizonari Orbaitzetako borda batean lapurreta egotzi zioten atxiloketa unean. Hainbat lekuko gizonaren furgoneta identifikatu zuten duela egun batzuk borda batean lapurreta eginiko furgoneta bezala eta abisua eman zuten. Honezkero Goardia zibilak Luzaiden furgoneta gelditu eta ibilgailuan ziren bi lagunak\u2026","rel":"","context":"In &quot;Berriak&quot;","block_context":{"text":"Berriak","link":"https:\/\/iratiirratia.eus\/index.php\/category\/berriak\/"},"img":{"alt_text":"","src":"https:\/\/i0.wp.com\/iratiirratia.eus\/wp-content\/uploads\/2017\/04\/39037652-e1491295878174.jpg?fit=998%2C524&ssl=1&resize=350%2C200","width":350,"height":200,"srcset":"https:\/\/i0.wp.com\/iratiirratia.eus\/wp-content\/uploads\/2017\/04\/39037652-e1491295878174.jpg?fit=998%2C524&ssl=1&resize=350%2C200 1x, https:\/\/i0.wp.com\/iratiirratia.eus\/wp-content\/uploads\/2017\/04\/39037652-e1491295878174.jpg?fit=998%2C524&ssl=1&resize=525%2C300 1.5x, https:\/\/i0.wp.com\/iratiirratia.eus\/wp-content\/uploads\/2017\/04\/39037652-e1491295878174.jpg?fit=998%2C524&ssl=1&resize=700%2C400 2x"},"classes":[]},{"id":5642,"url":"https:\/\/iratiirratia.eus\/index.php\/2015\/01\/13\/atxiloketez-patxi-zabaletarekin\/","url_meta":{"origin":10922,"position":1},"title":"Atxiloketez, Patxi Zabaletarekin","author":"Irati Irratia","date":"13 urtarrila, 2015","format":false,"excerpt":"Izenburua: Atxiloketez, Patxi Zabaletarekin Iraupena: 0:10 min Klikatu hemen saioa jaisteko [audio:http:\/\/iratiirratia.eus\/audio\/2patxi_zabaleta.mp3|titles=Egun on, Au\u00f1amendi! 15-01-13]","rel":"","context":"In &quot;Egun on, Au\u00f1amendi!&quot;","block_context":{"text":"Egun on, Au\u00f1amendi!","link":"https:\/\/iratiirratia.eus\/index.php\/category\/egunon-aunamendi\/"},"img":{"alt_text":"","src":"","width":0,"height":0},"classes":[]},{"id":9148,"url":"https:\/\/iratiirratia.eus\/index.php\/2016\/07\/29\/gizon-bat-atxilotu-dute-auritzen-bikotekidea-jotzea-egotzita\/","url_meta":{"origin":10922,"position":2},"title":"Gizon bat atxilotu dute, Auritzen bikotekidea jotzea egotzita","author":"Irati Irratia","date":"29 uztaila, 2016","format":false,"excerpt":"Iru\u00f1ean atxilotu zuen Foruzaingoak gizonezkoa, igandean Auritzeko Osasun Etxera joan ziren lehenik foruzainak, ustez bere bikotekideak eragindako lesioak zituen emakumea artatzen ari ziren eta bertan. Lesioen larritasuna kausa, Osasunbideara eraman zuten emakumezkoa; Foruzaingoak ustezko erasotzailea bilatu bitartean. Iruindarra da gizonezkoa eta aurrekari penalak ditu. Emakumea jo zuela onartu du, eta\u2026","rel":"","context":"In &quot;Berriak&quot;","block_context":{"text":"Berriak","link":"https:\/\/iratiirratia.eus\/index.php\/category\/berriak\/"},"img":{"alt_text":"","src":"https:\/\/i0.wp.com\/iratiirratia.eus\/wp-content\/uploads\/2016\/07\/10394841_195557690807924_4172635469240770186_n-e1469786674909.jpg?fit=526%2C201&ssl=1&resize=350%2C200","width":350,"height":200,"srcset":"https:\/\/i0.wp.com\/iratiirratia.eus\/wp-content\/uploads\/2016\/07\/10394841_195557690807924_4172635469240770186_n-e1469786674909.jpg?fit=526%2C201&ssl=1&resize=350%2C200 1x, https:\/\/i0.wp.com\/iratiirratia.eus\/wp-content\/uploads\/2016\/07\/10394841_195557690807924_4172635469240770186_n-e1469786674909.jpg?fit=526%2C201&ssl=1&resize=525%2C300 1.5x"},"classes":[]},{"id":5636,"url":"https:\/\/iratiirratia.eus\/index.php\/2015\/01\/12\/16-lagun-atxilotu-ditu-guardia-zibilak-gaur-goizean\/","url_meta":{"origin":10922,"position":3},"title":"16 lagun atxilotu ditu Guardia Zibilak, gaur goizean","author":"Irati Irratia","date":"12 urtarrila, 2015","format":false,"excerpt":"Izenburua: 16 lagun atxilotu ditu Guardia Zibilak Iraupena: 0:20 min Klikatu hemen saioa jaisteko [audio:http:\/\/iratiirratia.eus\/audio\/1atxiloketak.mp3|titles=Egun on, Au\u00f1amendi! 15-01-12]","rel":"","context":"In &quot;Egun on, Au\u00f1amendi!&quot;","block_context":{"text":"Egun on, Au\u00f1amendi!","link":"https:\/\/iratiirratia.eus\/index.php\/category\/egunon-aunamendi\/"},"img":{"alt_text":"","src":"","width":0,"height":0},"classes":[]},{"id":9498,"url":"https:\/\/iratiirratia.eus\/index.php\/2016\/11\/03\/lapurreta-egoitzaren-bortxaketa-eta-estupefazienteak-landatzea-egotzita-hiru-pertsona-atxilotu-dituzte-auritzen\/","url_meta":{"origin":10922,"position":4},"title":"Lapurreta, egoitzaren bortxaketa eta estupefazienteak landatzea egotzita hiru pertsona atxilotu dituzte Auritzen","author":"Irati Irratia","date":"3 azaroa, 2016","format":false,"excerpt":"Urriaren 29an atxilotu zituen Guardia Zibilak, dei bat jaso ondoren. Auritzekoak dira atxilotutako hiruak; bat adinez txikia, beste biak 18 urtekoak Emakume baten deia jaso ondoren, Auritzeko etxebizitzan sartu zen Guardia Zibila asteartean. Lurrean arropa aurkitu zuten eta armairu guztiak zabalik. Lehenengo solairuko lehio bat apurturik zegola ere ikusi zuten.\u2026","rel":"","context":"In &quot;Berriak&quot;","block_context":{"text":"Berriak","link":"https:\/\/iratiirratia.eus\/index.php\/category\/berriak\/"},"img":{"alt_text":"","src":"https:\/\/i0.wp.com\/iratiirratia.eus\/wp-content\/uploads\/2016\/11\/Burguete.jpg?fit=800%2C321&ssl=1&resize=350%2C200","width":350,"height":200,"srcset":"https:\/\/i0.wp.com\/iratiirratia.eus\/wp-content\/uploads\/2016\/11\/Burguete.jpg?fit=800%2C321&ssl=1&resize=350%2C200 1x, https:\/\/i0.wp.com\/iratiirratia.eus\/wp-content\/uploads\/2016\/11\/Burguete.jpg?fit=800%2C321&ssl=1&resize=525%2C300 1.5x, https:\/\/i0.wp.com\/iratiirratia.eus\/wp-content\/uploads\/2016\/11\/Burguete.jpg?fit=800%2C321&ssl=1&resize=700%2C400 2x"},"classes":[]},{"id":15390,"url":"https:\/\/iratiirratia.eus\/index.php\/2020\/10\/07\/atzoko-atxiloketek-iraganean-iltzatu-nahi-gaituzte\/","url_meta":{"origin":10922,"position":5},"title":"Atzoko atxiloketek iraganean iltzatu nahi gaituzte","author":"Irati Irratia","date":"7 urria, 2020","format":false,"excerpt":"Gaurkoan Sare Herritarrako kidea den Mikel Mundi\u00f1ano Zato izan dugu gurean azken atxiloketen eta baita erantzun ekimenen balorazioa egin zezan. Berak aipatu digu atxiloketak iraganean iltzatu nahi dutela euskal gizartea, behin baino gehiagotan adierazi duen arren etorkizunera begiratu nahi duela. Bestetik, asteburuko mobilizazioen indarra nabarmendu du, tontorretara ezin joaterik bazen\u2026","rel":"","context":"In &quot;Berriak&quot;","block_context":{"text":"Berriak","link":"https:\/\/iratiirratia.eus\/index.php\/category\/berriak\/"},"img":{"alt_text":"","src":"https:\/\/i0.wp.com\/iratiirratia.eus\/wp-content\/uploads\/2020\/10\/WhatsApp-Image-2020-10-05-at-12.36.30.jpeg?resize=350%2C200&ssl=1","width":350,"height":200,"srcset":"https:\/\/i0.wp.com\/iratiirratia.eus\/wp-content\/uploads\/2020\/10\/WhatsApp-Image-2020-10-05-at-12.36.30.jpeg?resize=350%2C200&ssl=1 1x, https:\/\/i0.wp.com\/iratiirratia.eus\/wp-content\/uploads\/2020\/10\/WhatsApp-Image-2020-10-05-at-12.36.30.jpeg?resize=525%2C300&ssl=1 1.5x, https:\/\/i0.wp.com\/iratiirratia.eus\/wp-content\/uploads\/2020\/10\/WhatsApp-Image-2020-10-05-at-12.36.30.jpeg?resize=700%2C400&ssl=1 2x, https:\/\/i0.wp.com\/iratiirratia.eus\/wp-content\/uploads\/2020\/10\/WhatsApp-Image-2020-10-05-at-12.36.30.jpeg?resize=1050%2C600&ssl=1 3x"},"classes":[]}],"_links":{"self":[{"href":"https:\/\/iratiirratia.eus\/index.php\/wp-json\/wp\/v2\/posts\/10922"}],"collection":[{"href":"https:\/\/iratiirratia.eus\/index.php\/wp-json\/wp\/v2\/posts"}],"about":[{"href":"https:\/\/iratiirratia.eus\/index.php\/wp-json\/wp\/v2\/types\/post"}],"author":[{"embeddable":true,"href":"https:\/\/iratiirratia.eus\/index.php\/wp-json\/wp\/v2\/users\/1"}],"replies":[{"embeddable":true,"href":"https:\/\/iratiirratia.eus\/index.php\/wp-json\/wp\/v2\/comments?post=10922"}],"version-history":[{"count":1,"href":"https:\/\/iratiirratia.eus\/index.php\/wp-json\/wp\/v2\/posts\/10922\/revisions"}],"predecessor-version":[{"id":10924,"href":"https:\/\/iratiirratia.eus\/index.php\/wp-json\/wp\/v2\/posts\/10922\/revisions\/10924"}],"wp:featuredmedia":[{"embeddable":true,"href":"https:\/\/iratiirratia.eus\/index.php\/wp-json\/wp\/v2\/media\/10923"}],"wp:attachment":[{"href":"https:\/\/iratiirratia.eus\/index.php\/wp-json\/wp\/v2\/media?parent=10922"}],"wp:term":[{"taxonomy":"category","embeddable":true,"href":"https:\/\/iratiirratia.eus\/index.php\/wp-json\/wp\/v2\/categories?post=10922"},{"taxonomy":"post_tag","embeddable":true,"href":"https:\/\/iratiirratia.eus\/index.php\/wp-json\/wp\/v2\/tags?post=10922"}],"curies":[{"name":"wp","href":"https:\/\/api.w.org\/{rel}","templated":true}]}}