{"id":10929,"date":"2017-07-12T14:17:56","date_gmt":"2017-07-12T12:17:56","guid":{"rendered":"http:\/\/iratiirratia.eus\/?p=10929"},"modified":"2017-07-12T14:17:56","modified_gmt":"2017-07-12T12:17:56","slug":"pax-avant","status":"publish","type":"post","link":"https:\/\/iratiirratia.eus\/index.php\/2017\/07\/12\/pax-avant\/","title":{"rendered":"Pax Avant!"},"content":{"rendered":"<p>Gaur <strong>Jesus Barace<\/strong>-rekin aritu gara,Izabako alkatea, bihar ospatzen baita Iror Beien Emontarzuna (&#8220;Tributo de las tres vacas&#8221; gazteleraz). Jesusek ederki asko azaldu digu nondik datorren ospakizuna eta zer irudikatzen duen. Aitortu digu Bearneko bizilagunekin erlazioak asko hobetu direla eta honezkero &#8220;<em>pax avant<\/em>&#8221; jarraituko duela ziurtatu digu!<\/p>\n<p>Kartela:<br \/>\n<img data-attachment-id=\"10930\" data-permalink=\"https:\/\/iratiirratia.eus\/index.php\/2017\/07\/12\/pax-avant\/19224761_1424023551014304_8163604702505875604_n\/\" data-orig-file=\"https:\/\/i0.wp.com\/iratiirratia.eus\/wp-content\/uploads\/2017\/07\/19224761_1424023551014304_8163604702505875604_n.jpg?fit=960%2C678&amp;ssl=1\" data-orig-size=\"960,678\" data-comments-opened=\"1\" data-image-meta=\"{&quot;aperture&quot;:&quot;0&quot;,&quot;credit&quot;:&quot;&quot;,&quot;camera&quot;:&quot;&quot;,&quot;caption&quot;:&quot;&quot;,&quot;created_timestamp&quot;:&quot;0&quot;,&quot;copyright&quot;:&quot;&quot;,&quot;focal_length&quot;:&quot;0&quot;,&quot;iso&quot;:&quot;0&quot;,&quot;shutter_speed&quot;:&quot;0&quot;,&quot;title&quot;:&quot;&quot;,&quot;orientation&quot;:&quot;0&quot;}\" data-image-title=\"19224761_1424023551014304_8163604702505875604_n\" data-image-description=\"\" data-image-caption=\"\" data-medium-file=\"https:\/\/i0.wp.com\/iratiirratia.eus\/wp-content\/uploads\/2017\/07\/19224761_1424023551014304_8163604702505875604_n.jpg?fit=300%2C212&amp;ssl=1\" data-large-file=\"https:\/\/i0.wp.com\/iratiirratia.eus\/wp-content\/uploads\/2017\/07\/19224761_1424023551014304_8163604702505875604_n.jpg?fit=640%2C452&amp;ssl=1\" decoding=\"async\" loading=\"lazy\" src=\"https:\/\/i0.wp.com\/iratiirratia.eus\/wp-content\/uploads\/2017\/07\/19224761_1424023551014304_8163604702505875604_n.jpg?resize=300%2C212\" alt=\"\" width=\"300\" height=\"212\" class=\"alignnone size-medium wp-image-10930\" srcset=\"https:\/\/i0.wp.com\/iratiirratia.eus\/wp-content\/uploads\/2017\/07\/19224761_1424023551014304_8163604702505875604_n.jpg?resize=300%2C212&amp;ssl=1 300w, https:\/\/i0.wp.com\/iratiirratia.eus\/wp-content\/uploads\/2017\/07\/19224761_1424023551014304_8163604702505875604_n.jpg?resize=768%2C542&amp;ssl=1 768w, https:\/\/i0.wp.com\/iratiirratia.eus\/wp-content\/uploads\/2017\/07\/19224761_1424023551014304_8163604702505875604_n.jpg?resize=700%2C494&amp;ssl=1 700w, https:\/\/i0.wp.com\/iratiirratia.eus\/wp-content\/uploads\/2017\/07\/19224761_1424023551014304_8163604702505875604_n.jpg?w=960&amp;ssl=1 960w\" sizes=\"(max-width: 300px) 100vw, 300px\" data-recalc-dims=\"1\" \/><\/p>\n<p><a title=\"Iror Beien\" href=\"http:\/\/iratiirratia.eus\/audio\/17-07-12IruBeorne.mp3\" target=\"_blank\" rel=\"noopener noreferrer\">Klikatu hemen elkarrizketa jaisteko<\/a><\/p>\n<p class=\"audioplayer_container\"><span style=\"display:block;padding:5px;border:1px solid #dddddd;background:#f8f8f8\" id=\"audioplayer_1\">Audio clip: Adobe Flash Player (version 9 or above) is required to play this audio clip. Download the latest version <a href=\"http:\/\/www.adobe.com\/shockwave\/download\/download.cgi?P1_Prod_Version=ShockwaveFlash&amp;promoid=BIOW\" title=\"Download Adobe Flash Player\">here<\/a>. You also need to have JavaScript enabled in your browser.<\/span><\/p>\n","protected":false},"excerpt":{"rendered":"<p>Gaur Jesus Barace-rekin aritu gara,Izabako alkatea, bihar ospatzen baita Iror Beien Emontarzuna (&#8220;Tributo de las tres vacas&#8221; gazteleraz). Jesusek ederki asko azaldu digu nondik datorren ospakizuna eta zer irudikatzen duen. Aitortu digu Bearneko bizilagunekin erlazioak asko hobetu direla eta honezkero &#8220;pax avant&#8221; jarraituko duela ziurtatu digu! Kartela: Klikatu hemen elkarrizketa jaisteko [Audio clip: view full [&hellip;]<\/p>\n","protected":false},"author":1,"featured_media":10931,"comment_status":"open","ping_status":"open","sticky":false,"template":"","format":"standard","meta":{"jetpack_post_was_ever_published":false,"_jetpack_newsletter_access":"","_jetpack_newsletter_tier_id":0,"jetpack_publicize_message":"","jetpack_is_tweetstorm":false,"jetpack_publicize_feature_enabled":true,"jetpack_social_post_already_shared":true,"jetpack_social_options":{"image_generator_settings":{"template":"highway","enabled":false}}},"categories":[2,6],"tags":[],"jetpack_publicize_connections":[],"jetpack_featured_media_url":"https:\/\/i0.wp.com\/iratiirratia.eus\/wp-content\/uploads\/2017\/07\/19224761_1424023551014304_8163604702505875604_n-1-e1499861844896.jpg?fit=291%2C217&ssl=1","jetpack_shortlink":"https:\/\/wp.me\/p7eaXY-2Qh","jetpack_sharing_enabled":true,"jetpack-related-posts":[{"id":10343,"url":"https:\/\/iratiirratia.eus\/index.php\/2017\/04\/06\/korrika-7-eguna\/","url_meta":{"origin":10929,"position":0},"title":"Korrika 7.eguna","author":"Irati Irratia","date":"6 apirila, 2017","format":false,"excerpt":"Gaurkoan probestuta Arrosa sareko kide den Ainhoa Villaverde dugula Korrikaren jarraipena egiten, saioan kronika hori luzatu dugu.Ezin izan digu audiorik bidali baina bere errelatoa bai eta halaxe helarazi dizuegu. Klikatu hemen elkarrizketa jaisteko [audio:http:\/\/iratiirratia.net\/audio\/Korrika7 eguna ona.mp3|titles=Korrika]","rel":"","context":"In &quot;Berriak&quot;","block_context":{"text":"Berriak","link":"https:\/\/iratiirratia.eus\/index.php\/category\/berriak\/"},"img":{"alt_text":"","src":"https:\/\/i0.wp.com\/iratiirratia.eus\/wp-content\/uploads\/2017\/04\/apirilak-5.jpg?fit=1200%2C154&ssl=1&resize=350%2C200","width":350,"height":200,"srcset":"https:\/\/i0.wp.com\/iratiirratia.eus\/wp-content\/uploads\/2017\/04\/apirilak-5.jpg?fit=1200%2C154&ssl=1&resize=350%2C200 1x, https:\/\/i0.wp.com\/iratiirratia.eus\/wp-content\/uploads\/2017\/04\/apirilak-5.jpg?fit=1200%2C154&ssl=1&resize=525%2C300 1.5x, https:\/\/i0.wp.com\/iratiirratia.eus\/wp-content\/uploads\/2017\/04\/apirilak-5.jpg?fit=1200%2C154&ssl=1&resize=700%2C400 2x, https:\/\/i0.wp.com\/iratiirratia.eus\/wp-content\/uploads\/2017\/04\/apirilak-5.jpg?fit=1200%2C154&ssl=1&resize=1050%2C600 3x"},"classes":[]},{"id":5841,"url":"https:\/\/iratiirratia.eus\/index.php\/2015\/04\/23\/alderdiekin-egindako-mahai-inguruako-audioa-audio-de-la-mesa-redonda-con-los-partidos\/","url_meta":{"origin":10929,"position":1},"title":"Alderdiekin egindako mahai-inguruko audioa &#8211; Audio de la mesa redonda con los partidos","author":"Irati Irratia","date":"23 apirila, 2015","format":false,"excerpt":"Izenburua: Mahai-inguruko audioa Iraupena: 2:30 ordu Klikatu hemen saioa jaisteko [audio:http:\/\/iratiirratia.eus\/audio\/Mahai_ingurua.MP3|titles=Egun on, Au\u00f1amendi! 15-04-23]","rel":"","context":"In &quot;Egun on, Au\u00f1amendi!&quot;","block_context":{"text":"Egun on, Au\u00f1amendi!","link":"https:\/\/iratiirratia.eus\/index.php\/category\/egunon-aunamendi\/"},"img":{"alt_text":"","src":"","width":0,"height":0},"classes":[]},{"id":15863,"url":"https:\/\/iratiirratia.eus\/index.php\/2021\/02\/26\/egiaren-jabe-izanik-justizia-eske\/","url_meta":{"origin":10929,"position":2},"title":"Egiaren jabe izanik justizia eske","author":"Irati Irratia","date":"26 otsaila, 2021","format":false,"excerpt":"Astelehenean Publico egunkarian argitaratutako audioek lehen lerrora ekarri dute Mikel Zabalzaren auzia. Aste intentsoa izan dute euren senideek horri gehituta Non Dago Mikel gaur estreinatzen dela zinema aretoetan. Guzti honetaz solasten Idoia Zabaltzarekin izan gara. Berak aipatu digu orain egiaren jabe izanik justiziari dagokiola bide egitea. Non dago Mikel dokumentala\u2026","rel":"","context":"In &quot;Berriak&quot;","block_context":{"text":"Berriak","link":"https:\/\/iratiirratia.eus\/index.php\/category\/berriak\/"},"img":{"alt_text":"","src":"https:\/\/i0.wp.com\/iratiirratia.eus\/wp-content\/uploads\/2019\/11\/mikelzabalza.jpg?fit=900%2C1200&ssl=1&resize=350%2C200","width":350,"height":200,"srcset":"https:\/\/i0.wp.com\/iratiirratia.eus\/wp-content\/uploads\/2019\/11\/mikelzabalza.jpg?fit=900%2C1200&ssl=1&resize=350%2C200 1x, https:\/\/i0.wp.com\/iratiirratia.eus\/wp-content\/uploads\/2019\/11\/mikelzabalza.jpg?fit=900%2C1200&ssl=1&resize=525%2C300 1.5x, https:\/\/i0.wp.com\/iratiirratia.eus\/wp-content\/uploads\/2019\/11\/mikelzabalza.jpg?fit=900%2C1200&ssl=1&resize=700%2C400 2x"},"classes":[]},{"id":16798,"url":"https:\/\/iratiirratia.eus\/index.php\/2021\/11\/17\/loizuko-gizonaren-azken-datuen-inguruan-solasean\/","url_meta":{"origin":10929,"position":3},"title":"Loizuko gizonaren azken datuen inguruan solasean","author":"Irati Irratia","date":"17 azaroa, 2021","format":false,"excerpt":"Zortzi hilabete eman dituzte jadanik Loizuko Gizonaren gorpuzkietan zenbait ikerketa egiten. Horretan 30 bat lagunetako ekipo anitza bat dago lanean eta horren koordinazioan dugu Bianako Printzea Institutuko Jesus Garcia Gazolaz arkeologoa. 8 hilabete hauetan badira zenbait kontu aipagarri alde batetik, gizonaren adina 21 eta 23 urte bitartekoa zela ondorioztatu dute\u2026","rel":"","context":"In &quot;Berriak&quot;","block_context":{"text":"Berriak","link":"https:\/\/iratiirratia.eus\/index.php\/category\/berriak\/"},"img":{"alt_text":"","src":"https:\/\/i0.wp.com\/iratiirratia.eus\/wp-content\/uploads\/2021\/03\/120321_hombre-de-loizu-cueva-scaled.jpg?fit=1200%2C802&ssl=1&resize=350%2C200","width":350,"height":200,"srcset":"https:\/\/i0.wp.com\/iratiirratia.eus\/wp-content\/uploads\/2021\/03\/120321_hombre-de-loizu-cueva-scaled.jpg?fit=1200%2C802&ssl=1&resize=350%2C200 1x, https:\/\/i0.wp.com\/iratiirratia.eus\/wp-content\/uploads\/2021\/03\/120321_hombre-de-loizu-cueva-scaled.jpg?fit=1200%2C802&ssl=1&resize=525%2C300 1.5x, https:\/\/i0.wp.com\/iratiirratia.eus\/wp-content\/uploads\/2021\/03\/120321_hombre-de-loizu-cueva-scaled.jpg?fit=1200%2C802&ssl=1&resize=700%2C400 2x, https:\/\/i0.wp.com\/iratiirratia.eus\/wp-content\/uploads\/2021\/03\/120321_hombre-de-loizu-cueva-scaled.jpg?fit=1200%2C802&ssl=1&resize=1050%2C600 3x"},"classes":[]},{"id":13931,"url":"https:\/\/iratiirratia.eus\/index.php\/2019\/09\/18\/egunon-aunamendi-auritzeko-osasun-etxetik-leitzako-pentatloi-eta-talo-egunera\/","url_meta":{"origin":10929,"position":4},"title":"Egunon Au\u00f1amendi! Auritzeko osasun etxetik Leitzako pentatloi eta Talo egunera","author":"Irati Irratia","date":"18 iraila, 2019","format":false,"excerpt":"Altsasuko gazteen egoera Madrilen aztertzen zen bitartean, egunkarietako berriekin hasi dugu Egunon Au\u00f1amendi saioa. Medicus Mundi gobernuz kanpoko erakundeko Jesus Chocarrok Auritzek osasun etxean paratu duten erakusketaren berri eman digu eta Leitzako Karrape irratiak asteburuan dituzten ekitaldiak kontatu dizkigu zuzenean: Donostiako hondartzan igerian hasi eta Leitzara bizikletaz eta korrika heldu\u2026","rel":"","context":"In &quot;Egun on, Au\u00f1amendi!&quot;","block_context":{"text":"Egun on, Au\u00f1amendi!","link":"https:\/\/iratiirratia.eus\/index.php\/category\/egunon-aunamendi\/"},"img":{"alt_text":"","src":"","width":0,"height":0},"classes":[]},{"id":11748,"url":"https:\/\/iratiirratia.eus\/index.php\/2018\/01\/31\/nafar-erreinua-jimena-sendia\/","url_meta":{"origin":10929,"position":5},"title":"Nafar erreinua: Jimena sendia","author":"Irati Irratia","date":"31 urtarrila, 2018","format":false,"excerpt":"Gaurko saioan, Jesus Mascaraque Masca-ren kolaborazioa izan dugu bi astetan behin gertatzen den bezala. Gaurkoan Nafarroako erreinuaren jabe izandako Jimena sendiaz aritu zaigu. Erregetza aunitzen informazioa eman digu eta nola ez azaldu digu nola iragan zen haien erregetza. Klikatu hemen elkarrizketa jaisteko [audio:http:\/\/iratiirratia.eus\/audio\/18-01-31_MascaONA.mp3|titles=Masca erreinu Jimena]","rel":"","context":"In &quot;Berriak&quot;","block_context":{"text":"Berriak","link":"https:\/\/iratiirratia.eus\/index.php\/category\/berriak\/"},"img":{"alt_text":"","src":"https:\/\/i0.wp.com\/iratiirratia.eus\/wp-content\/uploads\/2018\/01\/sancho3-e1517406335992.jpg?fit=761%2C331&ssl=1&resize=350%2C200","width":350,"height":200,"srcset":"https:\/\/i0.wp.com\/iratiirratia.eus\/wp-content\/uploads\/2018\/01\/sancho3-e1517406335992.jpg?fit=761%2C331&ssl=1&resize=350%2C200 1x, https:\/\/i0.wp.com\/iratiirratia.eus\/wp-content\/uploads\/2018\/01\/sancho3-e1517406335992.jpg?fit=761%2C331&ssl=1&resize=525%2C300 1.5x, https:\/\/i0.wp.com\/iratiirratia.eus\/wp-content\/uploads\/2018\/01\/sancho3-e1517406335992.jpg?fit=761%2C331&ssl=1&resize=700%2C400 2x"},"classes":[]}],"_links":{"self":[{"href":"https:\/\/iratiirratia.eus\/index.php\/wp-json\/wp\/v2\/posts\/10929"}],"collection":[{"href":"https:\/\/iratiirratia.eus\/index.php\/wp-json\/wp\/v2\/posts"}],"about":[{"href":"https:\/\/iratiirratia.eus\/index.php\/wp-json\/wp\/v2\/types\/post"}],"author":[{"embeddable":true,"href":"https:\/\/iratiirratia.eus\/index.php\/wp-json\/wp\/v2\/users\/1"}],"replies":[{"embeddable":true,"href":"https:\/\/iratiirratia.eus\/index.php\/wp-json\/wp\/v2\/comments?post=10929"}],"version-history":[{"count":1,"href":"https:\/\/iratiirratia.eus\/index.php\/wp-json\/wp\/v2\/posts\/10929\/revisions"}],"predecessor-version":[{"id":10932,"href":"https:\/\/iratiirratia.eus\/index.php\/wp-json\/wp\/v2\/posts\/10929\/revisions\/10932"}],"wp:featuredmedia":[{"embeddable":true,"href":"https:\/\/iratiirratia.eus\/index.php\/wp-json\/wp\/v2\/media\/10931"}],"wp:attachment":[{"href":"https:\/\/iratiirratia.eus\/index.php\/wp-json\/wp\/v2\/media?parent=10929"}],"wp:term":[{"taxonomy":"category","embeddable":true,"href":"https:\/\/iratiirratia.eus\/index.php\/wp-json\/wp\/v2\/categories?post=10929"},{"taxonomy":"post_tag","embeddable":true,"href":"https:\/\/iratiirratia.eus\/index.php\/wp-json\/wp\/v2\/tags?post=10929"}],"curies":[{"name":"wp","href":"https:\/\/api.w.org\/{rel}","templated":true}]}}