{"id":10940,"date":"2017-07-13T14:24:06","date_gmt":"2017-07-13T12:24:06","guid":{"rendered":"http:\/\/iratiirratia.eus\/?p=10940"},"modified":"2017-07-13T14:24:23","modified_gmt":"2017-07-13T12:24:23","slug":"bu-56-edo-illaminako-ateetako-leizea","status":"publish","type":"post","link":"https:\/\/iratiirratia.eus\/index.php\/2017\/07\/13\/bu-56-edo-illaminako-ateetako-leizea\/","title":{"rendered":"BU 56 edo Illaminako Ateetako Leizea"},"content":{"rendered":"<p>Gaurko saioan <strong>Victor Abenda\u00f1o<\/strong> izan dugu, Larra 17 kanpainaren koordinatzaileetako batekin, zeinek ederki asko azaldu digu zertan datza kanpaina hau. Gero BU 56 hizpide hartuta egon gara solasean zeina ikertzen ari diren 3 dimentsiotako topografia egiteko. Datorren <strong>uztailak 21<\/strong>etik aurrera erakusketan jarriko dute Erronkariko Natur Interpretazio Zentroan.<\/p>\n<p><a title=\"Espeleologia\" href=\"http:\/\/iratiirratia.eus\/audio\/17-07-13EspeleoLarra.mp3\" target=\"_blank\" rel=\"noopener noreferrer\">Klikatu hemen elkarrizketa jaisteko<\/a><\/p>\n<p class=\"audioplayer_container\"><span style=\"display:block;padding:5px;border:1px solid #dddddd;background:#f8f8f8\" id=\"audioplayer_1\">Audio clip: Adobe Flash Player (version 9 or above) is required to play this audio clip. Download the latest version <a href=\"http:\/\/www.adobe.com\/shockwave\/download\/download.cgi?P1_Prod_Version=ShockwaveFlash&amp;promoid=BIOW\" title=\"Download Adobe Flash Player\">here<\/a>. You also need to have JavaScript enabled in your browser.<\/span><\/p>\n","protected":false},"excerpt":{"rendered":"<p>Gaurko saioan Victor Abenda\u00f1o izan dugu, Larra 17 kanpainaren koordinatzaileetako batekin, zeinek ederki asko azaldu digu zertan datza kanpaina hau. Gero BU 56 hizpide hartuta egon gara solasean zeina ikertzen ari diren 3 dimentsiotako topografia egiteko. Datorren uztailak 21etik aurrera erakusketan jarriko dute Erronkariko Natur Interpretazio Zentroan. Klikatu hemen elkarrizketa jaisteko [Audio clip: view full [&hellip;]<\/p>\n","protected":false},"author":1,"featured_media":10941,"comment_status":"open","ping_status":"open","sticky":false,"template":"","format":"standard","meta":{"jetpack_post_was_ever_published":false,"_jetpack_newsletter_access":"","_jetpack_newsletter_tier_id":0,"jetpack_publicize_message":"","jetpack_is_tweetstorm":false,"jetpack_publicize_feature_enabled":true,"jetpack_social_post_already_shared":true,"jetpack_social_options":{"image_generator_settings":{"template":"highway","enabled":false}}},"categories":[2,6],"tags":[],"jetpack_publicize_connections":[],"jetpack_featured_media_url":"https:\/\/i0.wp.com\/iratiirratia.eus\/wp-content\/uploads\/2017\/07\/news-bu56-5-e1499948637600.jpg?fit=1260%2C540&ssl=1","jetpack_shortlink":"https:\/\/wp.me\/p7eaXY-2Qs","jetpack_sharing_enabled":true,"jetpack-related-posts":[{"id":5841,"url":"https:\/\/iratiirratia.eus\/index.php\/2015\/04\/23\/alderdiekin-egindako-mahai-inguruako-audioa-audio-de-la-mesa-redonda-con-los-partidos\/","url_meta":{"origin":10940,"position":0},"title":"Alderdiekin egindako mahai-inguruko audioa &#8211; Audio de la mesa redonda con los partidos","author":"Irati Irratia","date":"23 apirila, 2015","format":false,"excerpt":"Izenburua: Mahai-inguruko audioa Iraupena: 2:30 ordu Klikatu hemen saioa jaisteko [audio:http:\/\/iratiirratia.eus\/audio\/Mahai_ingurua.MP3|titles=Egun on, Au\u00f1amendi! 15-04-23]","rel":"","context":"In &quot;Egun on, Au\u00f1amendi!&quot;","block_context":{"text":"Egun on, Au\u00f1amendi!","link":"https:\/\/iratiirratia.eus\/index.php\/category\/egunon-aunamendi\/"},"img":{"alt_text":"","src":"","width":0,"height":0},"classes":[]},{"id":19990,"url":"https:\/\/iratiirratia.eus\/index.php\/2024\/05\/30\/xantiren-auzolotsak-56-atala-yamaguchi-hirian\/","url_meta":{"origin":10940,"position":1},"title":"Xantiren #Auzolotsak 56.atala: Yamaguchi hirian","author":"Eneko Villegas","date":"30 maiatza, 2024","format":false,"excerpt":"Auzolotsak ez dute etenik eta gaurkoan 56. heldu gara Xanti Begiristain Madotzen eskutik. Gaurko kontakizunean Iru\u00f1eko zinegotzi zela Yamaguchi hirira eginiko bidaia eta bertan suertaturikoak ekarri dizkigu gogora. Xanti Begiristain Irati Irratian:","rel":"","context":"In &quot;Berriak&quot;","block_context":{"text":"Berriak","link":"https:\/\/iratiirratia.eus\/index.php\/category\/berriak\/"},"img":{"alt_text":"","src":"","width":0,"height":0},"classes":[]},{"id":18042,"url":"https:\/\/iratiirratia.eus\/index.php\/2023\/01\/17\/eski-kanpaina-barnetik-ezagutzeko-aukera-emanen-digute-astero\/","url_meta":{"origin":10940,"position":2},"title":"Eski kanpaina barnetik ezagutzeko aukera emanen digute astero","author":"Irati Irratia","date":"17 urtarrila, 2023","format":false,"excerpt":"Hala eginen dugu eski kanpaina amaitu arte. Astero arituko gara bertako norbaitekin solasean, gaurkoan lehenbizikoz Amaia Mozo eski kanpainako koordinatzailea izan dugularik. Gertutik kanpainaren nondik norakoak ezagutu ditugu, zenbat lagun parte hartu eta lan egiten duten bertan, zenbat dirauen... Bi estazioak biltzen dituzte Abodi eta Larra-Belagua eta Nafarroa osotik etorritako\u2026","rel":"","context":"In &quot;Berriak&quot;","block_context":{"text":"Berriak","link":"https:\/\/iratiirratia.eus\/index.php\/category\/berriak\/"},"img":{"alt_text":"","src":"https:\/\/i0.wp.com\/iratiirratia.eus\/wp-content\/uploads\/2023\/01\/WhatsApp-Image-2023-01-10-at-22.01.14.jpeg?resize=350%2C200&ssl=1","width":350,"height":200,"srcset":"https:\/\/i0.wp.com\/iratiirratia.eus\/wp-content\/uploads\/2023\/01\/WhatsApp-Image-2023-01-10-at-22.01.14.jpeg?resize=350%2C200&ssl=1 1x, https:\/\/i0.wp.com\/iratiirratia.eus\/wp-content\/uploads\/2023\/01\/WhatsApp-Image-2023-01-10-at-22.01.14.jpeg?resize=525%2C300&ssl=1 1.5x, https:\/\/i0.wp.com\/iratiirratia.eus\/wp-content\/uploads\/2023\/01\/WhatsApp-Image-2023-01-10-at-22.01.14.jpeg?resize=700%2C400&ssl=1 2x, https:\/\/i0.wp.com\/iratiirratia.eus\/wp-content\/uploads\/2023\/01\/WhatsApp-Image-2023-01-10-at-22.01.14.jpeg?resize=1050%2C600&ssl=1 3x"},"classes":[]},{"id":12024,"url":"https:\/\/iratiirratia.eus\/index.php\/2018\/04\/17\/anderearen-sua\/","url_meta":{"origin":10940,"position":3},"title":"Anderearen sua","author":"Irati Irratia","date":"17 apirila, 2018","format":false,"excerpt":"Gaurko saioan Yolanda Mazkiaran izan dugu, Anderearen sua filmaren egilea. Filma euskal mitologian, batez ere, Mari-ren figuran zentratzen da hainbat adituen hitzetatik abiatuta. Proiektu zinez interesgarria eta finantzaketa behar duena argia ikusteko nahiz eta grabaturik egon. Egileak hortarako,hau da , dirua biltzeko, crowdfunding kanpaina abiatu du. Crowdfundig kanpaina Anderearen sua-Verkami\u2026","rel":"","context":"In &quot;Berriak&quot;","block_context":{"text":"Berriak","link":"https:\/\/iratiirratia.eus\/index.php\/category\/berriak\/"},"img":{"alt_text":"","src":"https:\/\/i0.wp.com\/iratiirratia.eus\/wp-content\/uploads\/2018\/04\/verkami_d2632d032165a2a0700eb319bf111aa1-e1523967771117.jpg?fit=730%2C309&ssl=1&resize=350%2C200","width":350,"height":200,"srcset":"https:\/\/i0.wp.com\/iratiirratia.eus\/wp-content\/uploads\/2018\/04\/verkami_d2632d032165a2a0700eb319bf111aa1-e1523967771117.jpg?fit=730%2C309&ssl=1&resize=350%2C200 1x, https:\/\/i0.wp.com\/iratiirratia.eus\/wp-content\/uploads\/2018\/04\/verkami_d2632d032165a2a0700eb319bf111aa1-e1523967771117.jpg?fit=730%2C309&ssl=1&resize=525%2C300 1.5x, https:\/\/i0.wp.com\/iratiirratia.eus\/wp-content\/uploads\/2018\/04\/verkami_d2632d032165a2a0700eb319bf111aa1-e1523967771117.jpg?fit=730%2C309&ssl=1&resize=700%2C400 2x"},"classes":[]},{"id":4044,"url":"https:\/\/iratiirratia.eus\/index.php\/2013\/08\/14\/katredak-56\/","url_meta":{"origin":10940,"position":4},"title":"Katredak","author":"Irati Irratia","date":"14 abuztua, 2013","format":false,"excerpt":"Izenburua: Abuzutuaren 13ko saioa Iraupena: 2:30 ordu Klikatu hemen saioa jaisteko [audio:http:\/\/iratiirratia.net\/audio\/kuako130813.mp3|titles=Katredak 13-08-13]","rel":"","context":"In &quot;Katredak&quot;","block_context":{"text":"Katredak","link":"https:\/\/iratiirratia.eus\/index.php\/category\/katredak\/"},"img":{"alt_text":"","src":"","width":0,"height":0},"classes":[]},{"id":21249,"url":"https:\/\/iratiirratia.eus\/index.php\/2024\/12\/17\/denboraldi-irekiera-bikaina-izan-du-larra-belagua-eski-estazioak\/","url_meta":{"origin":10940,"position":5},"title":"Denboraldi irekiera bikaina izan du Larra-Belagua eski estazioak","author":"Eneko Villegas","date":"17 abendua, 2024","format":false,"excerpt":"Abenduaren hasierako elurteak giro polita sortu du eski estazioetan aritzea gustoko dutenendako eta hala izan da kanpainaren irekiera Larra-Belaguako estazioan. Eguraldia oso alde ez eduki arren jende ugari hurreratu da La Contiendan ,Ferialen eta Bago-maltan eskiatu edota ibiltzeko. Hau aitzakitzat hartuta bertako zuzendaria den Julen Garjonekin izan gara gaurkoan. \u00a0\u2026","rel":"","context":"In &quot;Berriak&quot;","block_context":{"text":"Berriak","link":"https:\/\/iratiirratia.eus\/index.php\/category\/berriak\/"},"img":{"alt_text":"","src":"","width":0,"height":0},"classes":[]}],"_links":{"self":[{"href":"https:\/\/iratiirratia.eus\/index.php\/wp-json\/wp\/v2\/posts\/10940"}],"collection":[{"href":"https:\/\/iratiirratia.eus\/index.php\/wp-json\/wp\/v2\/posts"}],"about":[{"href":"https:\/\/iratiirratia.eus\/index.php\/wp-json\/wp\/v2\/types\/post"}],"author":[{"embeddable":true,"href":"https:\/\/iratiirratia.eus\/index.php\/wp-json\/wp\/v2\/users\/1"}],"replies":[{"embeddable":true,"href":"https:\/\/iratiirratia.eus\/index.php\/wp-json\/wp\/v2\/comments?post=10940"}],"version-history":[{"count":2,"href":"https:\/\/iratiirratia.eus\/index.php\/wp-json\/wp\/v2\/posts\/10940\/revisions"}],"predecessor-version":[{"id":10943,"href":"https:\/\/iratiirratia.eus\/index.php\/wp-json\/wp\/v2\/posts\/10940\/revisions\/10943"}],"wp:featuredmedia":[{"embeddable":true,"href":"https:\/\/iratiirratia.eus\/index.php\/wp-json\/wp\/v2\/media\/10941"}],"wp:attachment":[{"href":"https:\/\/iratiirratia.eus\/index.php\/wp-json\/wp\/v2\/media?parent=10940"}],"wp:term":[{"taxonomy":"category","embeddable":true,"href":"https:\/\/iratiirratia.eus\/index.php\/wp-json\/wp\/v2\/categories?post=10940"},{"taxonomy":"post_tag","embeddable":true,"href":"https:\/\/iratiirratia.eus\/index.php\/wp-json\/wp\/v2\/tags?post=10940"}],"curies":[{"name":"wp","href":"https:\/\/api.w.org\/{rel}","templated":true}]}}