{"id":11945,"date":"2018-03-22T15:15:25","date_gmt":"2018-03-22T14:15:25","guid":{"rendered":"http:\/\/iratiirratia.eus\/?p=11945"},"modified":"2018-03-22T15:15:25","modified_gmt":"2018-03-22T14:15:25","slug":"irati-aritza-gure-herriak-konektatzen-dituen-sarea","status":"publish","type":"post","link":"https:\/\/iratiirratia.eus\/index.php\/2018\/03\/22\/irati-aritza-gure-herriak-konektatzen-dituen-sarea\/","title":{"rendered":"Irati Aritza, gure herriak konektatzen dituen sarea"},"content":{"rendered":"<p>Gaurkoan <strong>Angel Mari Loperena<\/strong> izan dugu. Probestuta asteburu honetan izanen den aurkezpena erabaki dugu Irati Aritza proiektuaz mintzatzea. Berarekin proiektu honen hastapenetatik gaurdaino gertatutakoa errepasatu dugu. Berak gomendatu digu igandeko aukera ez galtzea paseo gozagarri bat izanen bait da.<\/p>\n<p>Hurrengoan, zein gai landuko dugu?<br \/>\n<strong>Proposatu! Parte hartu!<\/strong><\/p>\n<p><img data-attachment-id=\"11947\" data-permalink=\"https:\/\/iratiirratia.eus\/index.php\/2018\/03\/22\/irati-aritza-gure-herriak-konektatzen-dituen-sarea\/whatsapp-image-2018-03-22-at-15-13-44\/\" data-orig-file=\"https:\/\/i0.wp.com\/iratiirratia.eus\/wp-content\/uploads\/2018\/03\/WhatsApp-Image-2018-03-22-at-15.13.44.jpeg?fit=461%2C653&amp;ssl=1\" data-orig-size=\"461,653\" data-comments-opened=\"1\" data-image-meta=\"{&quot;aperture&quot;:&quot;0&quot;,&quot;credit&quot;:&quot;&quot;,&quot;camera&quot;:&quot;&quot;,&quot;caption&quot;:&quot;&quot;,&quot;created_timestamp&quot;:&quot;0&quot;,&quot;copyright&quot;:&quot;&quot;,&quot;focal_length&quot;:&quot;0&quot;,&quot;iso&quot;:&quot;0&quot;,&quot;shutter_speed&quot;:&quot;0&quot;,&quot;title&quot;:&quot;&quot;,&quot;orientation&quot;:&quot;0&quot;}\" data-image-title=\"WhatsApp Image 2018-03-22 at 15.13.44\" data-image-description=\"\" data-image-caption=\"\" data-medium-file=\"https:\/\/i0.wp.com\/iratiirratia.eus\/wp-content\/uploads\/2018\/03\/WhatsApp-Image-2018-03-22-at-15.13.44.jpeg?fit=212%2C300&amp;ssl=1\" data-large-file=\"https:\/\/i0.wp.com\/iratiirratia.eus\/wp-content\/uploads\/2018\/03\/WhatsApp-Image-2018-03-22-at-15.13.44.jpeg?fit=461%2C653&amp;ssl=1\" decoding=\"async\" loading=\"lazy\" src=\"https:\/\/i0.wp.com\/iratiirratia.eus\/wp-content\/uploads\/2018\/03\/WhatsApp-Image-2018-03-22-at-15.13.44.jpeg?resize=212%2C300\" alt=\"\" width=\"212\" height=\"300\" class=\"alignnone size-medium wp-image-11947\" srcset=\"https:\/\/i0.wp.com\/iratiirratia.eus\/wp-content\/uploads\/2018\/03\/WhatsApp-Image-2018-03-22-at-15.13.44.jpeg?resize=212%2C300&amp;ssl=1 212w, https:\/\/i0.wp.com\/iratiirratia.eus\/wp-content\/uploads\/2018\/03\/WhatsApp-Image-2018-03-22-at-15.13.44.jpeg?w=461&amp;ssl=1 461w\" sizes=\"(max-width: 212px) 100vw, 212px\" data-recalc-dims=\"1\" \/><\/p>\n<p class=\"audioplayer_container\"><span style=\"display:block;padding:5px;border:1px solid #dddddd;background:#f8f8f8\" id=\"audioplayer_1\">Audio clip: Adobe Flash Player (version 9 or above) is required to play this audio clip. Download the latest version <a href=\"http:\/\/www.adobe.com\/shockwave\/download\/download.cgi?P1_Prod_Version=ShockwaveFlash&amp;promoid=BIOW\" title=\"Download Adobe Flash Player\">here<\/a>. You also need to have JavaScript enabled in your browser.<\/span><\/p>\n<p><a title=\"Turismo\" href=\"http:\/\/iratiirratia.eus\/audio\/18-03-22AngelMari.mp3\" target=\"_blank\">Klikatu hemen elkarrizketa jaisteko<\/a><\/p>\n","protected":false},"excerpt":{"rendered":"<p>Gaurkoan Angel Mari Loperena izan dugu. Probestuta asteburu honetan izanen den aurkezpena erabaki dugu Irati Aritza proiektuaz mintzatzea. Berarekin proiektu honen hastapenetatik gaurdaino gertatutakoa errepasatu dugu. Berak gomendatu digu igandeko aukera ez galtzea paseo gozagarri bat izanen bait da. Hurrengoan, zein gai landuko dugu? Proposatu! Parte hartu! [Audio clip: view full post to listen] Klikatu [&hellip;]<\/p>\n","protected":false},"author":1,"featured_media":9432,"comment_status":"open","ping_status":"open","sticky":false,"template":"","format":"standard","meta":{"jetpack_post_was_ever_published":false,"_jetpack_newsletter_access":"","_jetpack_newsletter_tier_id":0,"jetpack_publicize_message":"","jetpack_is_tweetstorm":false,"jetpack_publicize_feature_enabled":true,"jetpack_social_post_already_shared":true,"jetpack_social_options":{"image_generator_settings":{"template":"highway","enabled":false}}},"categories":[2,6,54,53],"tags":[],"jetpack_publicize_connections":[],"jetpack_featured_media_url":"https:\/\/i0.wp.com\/iratiirratia.eus\/wp-content\/uploads\/2016\/10\/IMG_7067.jpg?fit=3328%2C1232&ssl=1","jetpack_shortlink":"https:\/\/wp.me\/p7eaXY-36F","jetpack_sharing_enabled":true,"jetpack-related-posts":[{"id":9561,"url":"https:\/\/iratiirratia.eus\/index.php\/2016\/11\/15\/aritza-jatetxe-erretegia-pikillo-piperraren-1go-asteko-pintxo-leihaketan-finalista\/","url_meta":{"origin":11945,"position":0},"title":"Aritza Jatetxe-Erretegia Pikillo piperraren 1go asteko pintxo leihaketan finalista","author":"Irati Irratia","date":"15 azaroa, 2016","format":false,"excerpt":"Auritzeko Aritza jatetxe erretegia Pikillo piperraren lehen asteko pintxo leihaketaren finalera iristea lortu du. Finalean Leringo Galo jatetxea nagusitu zaio. ANAPEHk gidatutako lehiaketan akzesita lortu zuen Auritzeko Aritza jatetxeak non kabezadaz beteriko pikilloa eta piperrezko torrija pintxoa aurkeztu zuen, pintxoa lagunduz 2010eko Pago de Cirsus Cuv\u00e9e Especial ardoa zeukalarik.","rel":"","context":"In &quot;Berriak&quot;","block_context":{"text":"Berriak","link":"https:\/\/iratiirratia.eus\/index.php\/category\/berriak\/"},"img":{"alt_text":"","src":"https:\/\/i0.wp.com\/iratiirratia.eus\/wp-content\/uploads\/2016\/11\/aritzajatetxe-e1479199959592.jpg?fit=1200%2C755&ssl=1&resize=350%2C200","width":350,"height":200,"srcset":"https:\/\/i0.wp.com\/iratiirratia.eus\/wp-content\/uploads\/2016\/11\/aritzajatetxe-e1479199959592.jpg?fit=1200%2C755&ssl=1&resize=350%2C200 1x, https:\/\/i0.wp.com\/iratiirratia.eus\/wp-content\/uploads\/2016\/11\/aritzajatetxe-e1479199959592.jpg?fit=1200%2C755&ssl=1&resize=525%2C300 1.5x, https:\/\/i0.wp.com\/iratiirratia.eus\/wp-content\/uploads\/2016\/11\/aritzajatetxe-e1479199959592.jpg?fit=1200%2C755&ssl=1&resize=700%2C400 2x, https:\/\/i0.wp.com\/iratiirratia.eus\/wp-content\/uploads\/2016\/11\/aritzajatetxe-e1479199959592.jpg?fit=1200%2C755&ssl=1&resize=1050%2C600 3x"},"classes":[]},{"id":11943,"url":"https:\/\/iratiirratia.eus\/index.php\/2018\/03\/22\/egun-on-aunamendi-1055\/","url_meta":{"origin":11945,"position":1},"title":"Egun on, Au\u00f1amendi!","author":"Irati Irratia","date":"22 martxoa, 2018","format":false,"excerpt":"Gaurkoan lehenik eta behin Angel Mari Loperenaren kolaborazioa izan dugu. Turismo gaiekin jarraituz Irati Aritza proiektuaz mintzatu gara. Ondoren bigarren kolaborazio bat ekarri dugu Xanti Begiristainena zeinek Maria izenburudun istorioa ekarri digu gurera. Bukatzeko Info 7ko lagunek I\u00f1aki Soto Garako zuzendariari azken atxiloketen harira eginiko elkarrizketa ekarri dugu . Eta,\u2026","rel":"","context":"In &quot;Egun on, Au\u00f1amendi!&quot;","block_context":{"text":"Egun on, Au\u00f1amendi!","link":"https:\/\/iratiirratia.eus\/index.php\/category\/egunon-aunamendi\/"},"img":{"alt_text":"","src":"","width":0,"height":0},"classes":[]},{"id":8853,"url":"https:\/\/iratiirratia.eus\/index.php\/2016\/05\/18\/egun-on-aunamendi-632\/","url_meta":{"origin":11945,"position":2},"title":"Egun on, Au\u00f1amendi!","author":"Irati Irratia","date":"18 maiatza, 2016","format":false,"excerpt":"Auritzeko alkate Luis de Potestadekin izan gara gaurkoan. Lindus 2 proiektuaren inguruan hitz egin dugu, POCTEFA programako finantzaketa izanen du-eta. Aritza jatetxea ere bisitatu dugu gaur, sari bat irabazi dute eta plater irbazlea nolakoa den kontatu digute. Patxi Eugi ere elkarrizketatu dugu, Elkarpelotak antolatu duen kanpus berriaren inguruan. Asteartero bezala,\u2026","rel":"","context":"In &quot;Egun on, Au\u00f1amendi!&quot;","block_context":{"text":"Egun on, Au\u00f1amendi!","link":"https:\/\/iratiirratia.eus\/index.php\/category\/egunon-aunamendi\/"},"img":{"alt_text":"","src":"","width":0,"height":0},"classes":[]},{"id":5841,"url":"https:\/\/iratiirratia.eus\/index.php\/2015\/04\/23\/alderdiekin-egindako-mahai-inguruako-audioa-audio-de-la-mesa-redonda-con-los-partidos\/","url_meta":{"origin":11945,"position":3},"title":"Alderdiekin egindako mahai-inguruko audioa &#8211; Audio de la mesa redonda con los partidos","author":"Irati Irratia","date":"23 apirila, 2015","format":false,"excerpt":"Izenburua: Mahai-inguruko audioa Iraupena: 2:30 ordu Klikatu hemen saioa jaisteko [audio:http:\/\/iratiirratia.eus\/audio\/Mahai_ingurua.MP3|titles=Egun on, Au\u00f1amendi! 15-04-23]","rel":"","context":"In &quot;Egun on, Au\u00f1amendi!&quot;","block_context":{"text":"Egun on, Au\u00f1amendi!","link":"https:\/\/iratiirratia.eus\/index.php\/category\/egunon-aunamendi\/"},"img":{"alt_text":"","src":"","width":0,"height":0},"classes":[]},{"id":10343,"url":"https:\/\/iratiirratia.eus\/index.php\/2017\/04\/06\/korrika-7-eguna\/","url_meta":{"origin":11945,"position":4},"title":"Korrika 7.eguna","author":"Irati Irratia","date":"6 apirila, 2017","format":false,"excerpt":"Gaurkoan probestuta Arrosa sareko kide den Ainhoa Villaverde dugula Korrikaren jarraipena egiten, saioan kronika hori luzatu dugu.Ezin izan digu audiorik bidali baina bere errelatoa bai eta halaxe helarazi dizuegu. Klikatu hemen elkarrizketa jaisteko [audio:http:\/\/iratiirratia.net\/audio\/Korrika7 eguna ona.mp3|titles=Korrika]","rel":"","context":"In &quot;Berriak&quot;","block_context":{"text":"Berriak","link":"https:\/\/iratiirratia.eus\/index.php\/category\/berriak\/"},"img":{"alt_text":"","src":"https:\/\/i0.wp.com\/iratiirratia.eus\/wp-content\/uploads\/2017\/04\/apirilak-5.jpg?fit=1200%2C154&ssl=1&resize=350%2C200","width":350,"height":200,"srcset":"https:\/\/i0.wp.com\/iratiirratia.eus\/wp-content\/uploads\/2017\/04\/apirilak-5.jpg?fit=1200%2C154&ssl=1&resize=350%2C200 1x, https:\/\/i0.wp.com\/iratiirratia.eus\/wp-content\/uploads\/2017\/04\/apirilak-5.jpg?fit=1200%2C154&ssl=1&resize=525%2C300 1.5x, https:\/\/i0.wp.com\/iratiirratia.eus\/wp-content\/uploads\/2017\/04\/apirilak-5.jpg?fit=1200%2C154&ssl=1&resize=700%2C400 2x, https:\/\/i0.wp.com\/iratiirratia.eus\/wp-content\/uploads\/2017\/04\/apirilak-5.jpg?fit=1200%2C154&ssl=1&resize=1050%2C600 3x"},"classes":[]},{"id":22357,"url":"https:\/\/iratiirratia.eus\/index.php\/2025\/08\/06\/muga-meategiko-proiektuan-izan-daitezkeen-ustelkeri-zantzuak-ikertu-ditzan-eskatu-diote-nafar-parlamentuari\/","url_meta":{"origin":11945,"position":5},"title":"Muga meategiko proiektuan izan daitezkeen ustelkeri zantzuak ikertu ditzan eskatu diote Nafar Parlamentuari","author":"Eneko Villegas","date":"6 abuztua, 2025","format":false,"excerpt":"Koldo edo Cerdan auziaren karietara eratutako ikerketa batzordeari eskakizuna helarazi diete La Bal D\u2019Onsella eta Erreniegako Meategien aurkako Plataformak, Ecologistas en Acci\u00f3n taldeak eta Sustrai Erakuntza Fundazioak. Lan edota proiektu publiko bat ez izan arren auzian berebiziko garrantzia duen proiektu bat badela iritzita, ikerketen arabera hemen sortzen baita trama, eta\u2026","rel":"","context":"In &quot;Berriak&quot;","block_context":{"text":"Berriak","link":"https:\/\/iratiirratia.eus\/index.php\/category\/berriak\/"},"img":{"alt_text":"","src":"https:\/\/i0.wp.com\/iratiirratia.eus\/wp-content\/uploads\/2025\/08\/declaraciones-parlamento-minamuga2-1024x690-1.jpeg?fit=1024%2C690&ssl=1&resize=350%2C200","width":350,"height":200,"srcset":"https:\/\/i0.wp.com\/iratiirratia.eus\/wp-content\/uploads\/2025\/08\/declaraciones-parlamento-minamuga2-1024x690-1.jpeg?fit=1024%2C690&ssl=1&resize=350%2C200 1x, https:\/\/i0.wp.com\/iratiirratia.eus\/wp-content\/uploads\/2025\/08\/declaraciones-parlamento-minamuga2-1024x690-1.jpeg?fit=1024%2C690&ssl=1&resize=525%2C300 1.5x, https:\/\/i0.wp.com\/iratiirratia.eus\/wp-content\/uploads\/2025\/08\/declaraciones-parlamento-minamuga2-1024x690-1.jpeg?fit=1024%2C690&ssl=1&resize=700%2C400 2x"},"classes":[]}],"_links":{"self":[{"href":"https:\/\/iratiirratia.eus\/index.php\/wp-json\/wp\/v2\/posts\/11945"}],"collection":[{"href":"https:\/\/iratiirratia.eus\/index.php\/wp-json\/wp\/v2\/posts"}],"about":[{"href":"https:\/\/iratiirratia.eus\/index.php\/wp-json\/wp\/v2\/types\/post"}],"author":[{"embeddable":true,"href":"https:\/\/iratiirratia.eus\/index.php\/wp-json\/wp\/v2\/users\/1"}],"replies":[{"embeddable":true,"href":"https:\/\/iratiirratia.eus\/index.php\/wp-json\/wp\/v2\/comments?post=11945"}],"version-history":[{"count":2,"href":"https:\/\/iratiirratia.eus\/index.php\/wp-json\/wp\/v2\/posts\/11945\/revisions"}],"predecessor-version":[{"id":11949,"href":"https:\/\/iratiirratia.eus\/index.php\/wp-json\/wp\/v2\/posts\/11945\/revisions\/11949"}],"wp:featuredmedia":[{"embeddable":true,"href":"https:\/\/iratiirratia.eus\/index.php\/wp-json\/wp\/v2\/media\/9432"}],"wp:attachment":[{"href":"https:\/\/iratiirratia.eus\/index.php\/wp-json\/wp\/v2\/media?parent=11945"}],"wp:term":[{"taxonomy":"category","embeddable":true,"href":"https:\/\/iratiirratia.eus\/index.php\/wp-json\/wp\/v2\/categories?post=11945"},{"taxonomy":"post_tag","embeddable":true,"href":"https:\/\/iratiirratia.eus\/index.php\/wp-json\/wp\/v2\/tags?post=11945"}],"curies":[{"name":"wp","href":"https:\/\/api.w.org\/{rel}","templated":true}]}}