{"id":12216,"date":"2018-06-07T14:24:59","date_gmt":"2018-06-07T12:24:59","guid":{"rendered":"http:\/\/iratiirratia.eus\/?p=12216"},"modified":"2018-06-07T14:24:59","modified_gmt":"2018-06-07T12:24:59","slug":"egun-on-aunamendi-1102","status":"publish","type":"post","link":"https:\/\/iratiirratia.eus\/index.php\/2018\/06\/07\/egun-on-aunamendi-1102\/","title":{"rendered":"Egun on, Au\u00f1amendi!"},"content":{"rendered":"<p>Gaurko saioan <strong>Mari Mar Agos<\/strong> izan dugu Auzperriko liburutegiaren ordutegi berriaz eta Landarte egitasmoaz elekatzen. Ondoren <strong>Martin Juanena<\/strong> izan dugu Aralar irratitik kronika pasatzen. Bukatzeko Info 7ko lagunek Altsasuko auziperatu baten ama den Edurne Goikoetxeari eginiko elkarrizketa ekarri dugu azken gertakarien harira.<br \/>\nEta, nola ez, berriak, inguruko abisuak eta agenda errepasatu ditugu. Entzun!<\/p>\n<p><img data-attachment-id=\"535\" data-permalink=\"https:\/\/iratiirratia.eus\/egunon\/\" data-orig-file=\"https:\/\/i0.wp.com\/iratiirratia.eus\/wp-content\/uploads\/2011\/04\/egunon.jpg?fit=132%2C125&amp;ssl=1\" data-orig-size=\"132,125\" data-comments-opened=\"1\" data-image-meta=\"{&quot;aperture&quot;:&quot;0&quot;,&quot;credit&quot;:&quot;&quot;,&quot;camera&quot;:&quot;&quot;,&quot;caption&quot;:&quot;&quot;,&quot;created_timestamp&quot;:&quot;0&quot;,&quot;copyright&quot;:&quot;&quot;,&quot;focal_length&quot;:&quot;0&quot;,&quot;iso&quot;:&quot;0&quot;,&quot;shutter_speed&quot;:&quot;0&quot;,&quot;title&quot;:&quot;&quot;,&quot;orientation&quot;:&quot;0&quot;}\" data-image-title=\"egunon\" data-image-description=\"\" data-image-caption=\"\" data-medium-file=\"https:\/\/i0.wp.com\/iratiirratia.eus\/wp-content\/uploads\/2011\/04\/egunon.jpg?fit=132%2C125&amp;ssl=1\" data-large-file=\"https:\/\/i0.wp.com\/iratiirratia.eus\/wp-content\/uploads\/2011\/04\/egunon.jpg?fit=132%2C125&amp;ssl=1\" decoding=\"async\" loading=\"lazy\" width=\"132\" height=\"125\" class=\"size-full wp-image-535\" style=\"float: left; margin: 0; margin-right: 20px;\" title=\"egunon\" src=\"https:\/\/i0.wp.com\/iratiirratia.eus\/wp-content\/uploads\/2011\/04\/egunon.jpg?resize=132%2C125\" alt=\"Egun on, Au\u00f1amendi!\" data-recalc-dims=\"1\" \/><\/p>\n<div style=\"padding-left: 20px;\">\n<p><strong>Izenburua:<\/strong> Ekainaren 7ko saioa<\/p>\n<p><strong>Iraupena:<\/strong> 2:45 ordu<\/p>\n<p><a title=\"Ekainaren 7ko saioa\" href=\"http:\/\/iratiirratia.eus\/audio\/18-06-07.mp3\" target=\"_blank\">Klikatu hemen saioa jaisteko<\/a><\/p>\n<p class=\"audioplayer_container\"><span style=\"display:block;padding:5px;border:1px solid #dddddd;background:#f8f8f8\" id=\"audioplayer_1\">Audio clip: Adobe Flash Player (version 9 or above) is required to play this audio clip. Download the latest version <a href=\"http:\/\/www.adobe.com\/shockwave\/download\/download.cgi?P1_Prod_Version=ShockwaveFlash&amp;promoid=BIOW\" title=\"Download Adobe Flash Player\">here<\/a>. You also need to have JavaScript enabled in your browser.<\/span><\/p>\n","protected":false},"excerpt":{"rendered":"<p>Gaurko saioan Mari Mar Agos izan dugu Auzperriko liburutegiaren ordutegi berriaz eta Landarte egitasmoaz elekatzen. Ondoren Martin Juanena izan dugu Aralar irratitik kronika pasatzen. Bukatzeko Info 7ko lagunek Altsasuko auziperatu baten ama den Edurne Goikoetxeari eginiko elkarrizketa ekarri dugu azken gertakarien harira. Eta, nola ez, berriak, inguruko abisuak eta agenda errepasatu ditugu. Entzun! Izenburua: Ekainaren [&hellip;]<\/p>\n","protected":false},"author":1,"featured_media":0,"comment_status":"open","ping_status":"open","sticky":false,"template":"","format":"standard","meta":{"jetpack_post_was_ever_published":false,"_jetpack_newsletter_access":"","_jetpack_newsletter_tier_id":0,"jetpack_publicize_message":"","jetpack_is_tweetstorm":false,"jetpack_publicize_feature_enabled":true,"jetpack_social_post_already_shared":true,"jetpack_social_options":{"image_generator_settings":{"template":"highway","enabled":false}}},"categories":[4],"tags":[],"jetpack_publicize_connections":[],"jetpack_featured_media_url":"","jetpack_shortlink":"https:\/\/wp.me\/p7eaXY-3b2","jetpack_sharing_enabled":true,"jetpack-related-posts":[{"id":12994,"url":"https:\/\/iratiirratia.eus\/index.php\/2018\/12\/18\/egun-on-aunamendi-1218\/","url_meta":{"origin":12216,"position":0},"title":"Egun on, Au\u00f1amendi !","author":"Irati Irratia","date":"18 abendua, 2018","format":false,"excerpt":"Gaurkoan, Aralar irratiko Martin Juanenarekin izan gara Larraun-Lekunberriko kronika jasotzen. Gaur migranteen eguna izanda, gai hau landu dugu. Asteburuan Bizkaiako bertso finala jokatu eta gero saio hartako audio batzuk entzuteko aukera izan dugu, Onintza Enbeitiak txapala irabazi eta gero botatako bertsoarekin tarte hau amaitu dugu. Eta, nola ez, berriak, inguruko\u2026","rel":"","context":"In &quot;Egun on, Au\u00f1amendi!&quot;","block_context":{"text":"Egun on, Au\u00f1amendi!","link":"https:\/\/iratiirratia.eus\/index.php\/category\/egunon-aunamendi\/"},"img":{"alt_text":"","src":"","width":0,"height":0},"classes":[]},{"id":3910,"url":"https:\/\/iratiirratia.eus\/index.php\/2013\/06\/07\/egun-on-aunamendi-71\/","url_meta":{"origin":12216,"position":1},"title":"Egun on, Au\u00f1amendi!","author":"Irati Irratia","date":"7 ekaina, 2013","format":false,"excerpt":"Izenburua: Ekainaren 7ko saioa Iraupena: 2:30 ordu Klikatu hemen saioa jaisteko [audio:http:\/\/iratiirratia.net\/audio\/13-06-07.mp3|titles=Egunon Au\u00f1amendi! 13-06-07]","rel":"","context":"In &quot;Egun on, Au\u00f1amendi!&quot;","block_context":{"text":"Egun on, Au\u00f1amendi!","link":"https:\/\/iratiirratia.eus\/index.php\/category\/egunon-aunamendi\/"},"img":{"alt_text":"","src":"","width":0,"height":0},"classes":[]},{"id":12191,"url":"https:\/\/iratiirratia.eus\/index.php\/2018\/06\/01\/egun-on-aunamendi-1098\/","url_meta":{"origin":12216,"position":2},"title":"Egun on, Au\u00f1amendi!","author":"Irati Irratia","date":"1 ekaina, 2018","format":false,"excerpt":"Gaurkoan Angel Mari Loperena izan dugu Manu Ayerdiren eta subentzioen desorekak aztertu ditugu berarekin. Ondoren Xanti Begiristain izan dugu Manexen 18. desbenturekin.Bukatzeko Info 7ko lagunek LAB sindikatuko Xabier Ugartemendiari eginiko elkarrizketa ekarri dugu estatalizazioaren kontrako borrokak direla eta. Eta, nola ez, berriak, inguruko abisuak eta agenda errepasatu ditugu. Entzun! Izenburua:\u2026","rel":"","context":"In &quot;Egun on, Au\u00f1amendi!&quot;","block_context":{"text":"Egun on, Au\u00f1amendi!","link":"https:\/\/iratiirratia.eus\/index.php\/category\/egunon-aunamendi\/"},"img":{"alt_text":"","src":"","width":0,"height":0},"classes":[]},{"id":2802,"url":"https:\/\/iratiirratia.eus\/index.php\/2012\/06\/07\/egunon-aunamendi-262\/","url_meta":{"origin":12216,"position":3},"title":"Egunon Au\u00f1amendi!","author":"Irati Irratia","date":"7 ekaina, 2012","format":false,"excerpt":"Izenburua: Ekainaren 7ko saioa Iraupena: 2:30 ordu Klikatu hemen saioa jaisteko [audio:http:\/\/iratiirratia.net\/audio\/12-06-07.mp3|titles=Egunon Au\u00f1amendi! 12-06-07]","rel":"","context":"In &quot;Egun on, Au\u00f1amendi!&quot;","block_context":{"text":"Egun on, Au\u00f1amendi!","link":"https:\/\/iratiirratia.eus\/index.php\/category\/egunon-aunamendi\/"},"img":{"alt_text":"","src":"","width":0,"height":0},"classes":[]},{"id":10699,"url":"https:\/\/iratiirratia.eus\/index.php\/2017\/06\/07\/egun-on-aunamendi-879\/","url_meta":{"origin":12216,"position":4},"title":"Egun on, Au\u00f1amendi!","author":"Irati Irratia","date":"7 ekaina, 2017","format":false,"excerpt":"Gaurkoan Jesus Mascaraque Masca izan dugu gurean ekonomiaren inguruko kolaborazioa estreinatzen. Gaur XVII.mendean gertaturiko tulipomania ekarri digu gurera. Gero ere Garbi\u00f1e Petrartiren Info7ko elkarrizketa hartu dugu hizkuntz eskubideen harira. Bukatzeko Unai Karrape irratitik izan dugu gurean bere zonaldeko berriak ekarriz. Eta, nola ez, berriak, inguruko abisuak eta agenda errepasatu ditugu.\u2026","rel":"","context":"In &quot;Sin categor\u00eda&quot;","block_context":{"text":"Sin categor\u00eda","link":"https:\/\/iratiirratia.eus\/index.php\/category\/sin-categoria\/"},"img":{"alt_text":"","src":"","width":0,"height":0},"classes":[]},{"id":5841,"url":"https:\/\/iratiirratia.eus\/index.php\/2015\/04\/23\/alderdiekin-egindako-mahai-inguruako-audioa-audio-de-la-mesa-redonda-con-los-partidos\/","url_meta":{"origin":12216,"position":5},"title":"Alderdiekin egindako mahai-inguruko audioa &#8211; Audio de la mesa redonda con los partidos","author":"Irati Irratia","date":"23 apirila, 2015","format":false,"excerpt":"Izenburua: Mahai-inguruko audioa Iraupena: 2:30 ordu Klikatu hemen saioa jaisteko [audio:http:\/\/iratiirratia.eus\/audio\/Mahai_ingurua.MP3|titles=Egun on, Au\u00f1amendi! 15-04-23]","rel":"","context":"In &quot;Egun on, Au\u00f1amendi!&quot;","block_context":{"text":"Egun on, Au\u00f1amendi!","link":"https:\/\/iratiirratia.eus\/index.php\/category\/egunon-aunamendi\/"},"img":{"alt_text":"","src":"","width":0,"height":0},"classes":[]}],"_links":{"self":[{"href":"https:\/\/iratiirratia.eus\/index.php\/wp-json\/wp\/v2\/posts\/12216"}],"collection":[{"href":"https:\/\/iratiirratia.eus\/index.php\/wp-json\/wp\/v2\/posts"}],"about":[{"href":"https:\/\/iratiirratia.eus\/index.php\/wp-json\/wp\/v2\/types\/post"}],"author":[{"embeddable":true,"href":"https:\/\/iratiirratia.eus\/index.php\/wp-json\/wp\/v2\/users\/1"}],"replies":[{"embeddable":true,"href":"https:\/\/iratiirratia.eus\/index.php\/wp-json\/wp\/v2\/comments?post=12216"}],"version-history":[{"count":1,"href":"https:\/\/iratiirratia.eus\/index.php\/wp-json\/wp\/v2\/posts\/12216\/revisions"}],"predecessor-version":[{"id":12217,"href":"https:\/\/iratiirratia.eus\/index.php\/wp-json\/wp\/v2\/posts\/12216\/revisions\/12217"}],"wp:attachment":[{"href":"https:\/\/iratiirratia.eus\/index.php\/wp-json\/wp\/v2\/media?parent=12216"}],"wp:term":[{"taxonomy":"category","embeddable":true,"href":"https:\/\/iratiirratia.eus\/index.php\/wp-json\/wp\/v2\/categories?post=12216"},{"taxonomy":"post_tag","embeddable":true,"href":"https:\/\/iratiirratia.eus\/index.php\/wp-json\/wp\/v2\/tags?post=12216"}],"curies":[{"name":"wp","href":"https:\/\/api.w.org\/{rel}","templated":true}]}}