{"id":12221,"date":"2018-06-08T14:51:01","date_gmt":"2018-06-08T12:51:01","guid":{"rendered":"http:\/\/iratiirratia.eus\/?p=12221"},"modified":"2018-06-08T14:51:01","modified_gmt":"2018-06-08T12:51:01","slug":"egun-on-aunamendi-1103","status":"publish","type":"post","link":"https:\/\/iratiirratia.eus\/index.php\/2018\/06\/08\/egun-on-aunamendi-1103\/","title":{"rendered":"Egun on, Au\u00f1amendi!"},"content":{"rendered":"<p>Gaurkoan <strong>Karlos Bueno<\/strong> <em>Pato<\/em> Lehoskotik atalarekin izan gara. Gaurkoan Espainiako gobernu berriaz, Aezkoaz eta Altsasuko auziaz aritu gara. Ondoren  <strong>Nere Ubau<\/strong> izan dugu Aezkoako egun txikiaz mintzo. Bukatzeko <strong>Julian Gabas<\/strong>ekin Erronkaribarko agenda errepasatu dugu.<br \/>\nEta, nola ez, berriak, inguruko abisuak , agenda eta zine estreinaldiak errepasatu ditugu. Entzun!<\/p>\n<p><img data-attachment-id=\"535\" data-permalink=\"https:\/\/iratiirratia.eus\/egunon\/\" data-orig-file=\"https:\/\/i0.wp.com\/iratiirratia.eus\/wp-content\/uploads\/2011\/04\/egunon.jpg?fit=132%2C125&amp;ssl=1\" data-orig-size=\"132,125\" data-comments-opened=\"1\" data-image-meta=\"{&quot;aperture&quot;:&quot;0&quot;,&quot;credit&quot;:&quot;&quot;,&quot;camera&quot;:&quot;&quot;,&quot;caption&quot;:&quot;&quot;,&quot;created_timestamp&quot;:&quot;0&quot;,&quot;copyright&quot;:&quot;&quot;,&quot;focal_length&quot;:&quot;0&quot;,&quot;iso&quot;:&quot;0&quot;,&quot;shutter_speed&quot;:&quot;0&quot;,&quot;title&quot;:&quot;&quot;,&quot;orientation&quot;:&quot;0&quot;}\" data-image-title=\"egunon\" data-image-description=\"\" data-image-caption=\"\" data-medium-file=\"https:\/\/i0.wp.com\/iratiirratia.eus\/wp-content\/uploads\/2011\/04\/egunon.jpg?fit=132%2C125&amp;ssl=1\" data-large-file=\"https:\/\/i0.wp.com\/iratiirratia.eus\/wp-content\/uploads\/2011\/04\/egunon.jpg?fit=132%2C125&amp;ssl=1\" decoding=\"async\" loading=\"lazy\" width=\"132\" height=\"125\" class=\"size-full wp-image-535\" style=\"float: left; margin: 0; margin-right: 20px;\" title=\"egunon\" src=\"https:\/\/i0.wp.com\/iratiirratia.eus\/wp-content\/uploads\/2011\/04\/egunon.jpg?resize=132%2C125\" alt=\"Egun on, Au\u00f1amendi!\" data-recalc-dims=\"1\" \/><\/p>\n<div style=\"padding-left: 20px;\">\n<p><strong>Izenburua:<\/strong> Ekainaren 8ko saioa<\/p>\n<p><strong>Iraupena:<\/strong> 2:55 ordu<\/p>\n<p><a title=\"Ekainaren 8ko saioa\" href=\"http:\/\/iratiirratia.eus\/audio\/18-06-08.mp3\" target=\"_blank\" rel=\"noopener\">Klikatu hemen saioa jaisteko<\/a><\/p>\n<p class=\"audioplayer_container\"><span style=\"display:block;padding:5px;border:1px solid #dddddd;background:#f8f8f8\" id=\"audioplayer_1\">Audio clip: Adobe Flash Player (version 9 or above) is required to play this audio clip. Download the latest version <a href=\"http:\/\/www.adobe.com\/shockwave\/download\/download.cgi?P1_Prod_Version=ShockwaveFlash&amp;promoid=BIOW\" title=\"Download Adobe Flash Player\">here<\/a>. You also need to have JavaScript enabled in your browser.<\/span><\/p>\n<\/div>\n","protected":false},"excerpt":{"rendered":"<p>Gaurkoan Karlos Bueno Pato Lehoskotik atalarekin izan gara. Gaurkoan Espainiako gobernu berriaz, Aezkoaz eta Altsasuko auziaz aritu gara. Ondoren Nere Ubau izan dugu Aezkoako egun txikiaz mintzo. Bukatzeko Julian Gabasekin Erronkaribarko agenda errepasatu dugu. Eta, nola ez, berriak, inguruko abisuak , agenda eta zine estreinaldiak errepasatu ditugu. Entzun! Izenburua: Ekainaren 8ko saioa Iraupena: 2:55 ordu [&hellip;]<\/p>\n","protected":false},"author":1,"featured_media":0,"comment_status":"open","ping_status":"open","sticky":false,"template":"","format":"standard","meta":{"jetpack_post_was_ever_published":false,"_jetpack_newsletter_access":"","_jetpack_newsletter_tier_id":0,"jetpack_publicize_message":"","jetpack_is_tweetstorm":false,"jetpack_publicize_feature_enabled":true,"jetpack_social_post_already_shared":true,"jetpack_social_options":{"image_generator_settings":{"template":"highway","enabled":false}}},"categories":[4],"tags":[],"jetpack_publicize_connections":[],"jetpack_featured_media_url":"","jetpack_shortlink":"https:\/\/wp.me\/p7eaXY-3b7","jetpack_sharing_enabled":true,"jetpack-related-posts":[{"id":12994,"url":"https:\/\/iratiirratia.eus\/index.php\/2018\/12\/18\/egun-on-aunamendi-1218\/","url_meta":{"origin":12221,"position":0},"title":"Egun on, Au\u00f1amendi !","author":"Irati Irratia","date":"18 abendua, 2018","format":false,"excerpt":"Gaurkoan, Aralar irratiko Martin Juanenarekin izan gara Larraun-Lekunberriko kronika jasotzen. Gaur migranteen eguna izanda, gai hau landu dugu. Asteburuan Bizkaiako bertso finala jokatu eta gero saio hartako audio batzuk entzuteko aukera izan dugu, Onintza Enbeitiak txapala irabazi eta gero botatako bertsoarekin tarte hau amaitu dugu. Eta, nola ez, berriak, inguruko\u2026","rel":"","context":"In &quot;Egun on, Au\u00f1amendi!&quot;","block_context":{"text":"Egun on, Au\u00f1amendi!","link":"https:\/\/iratiirratia.eus\/index.php\/category\/egunon-aunamendi\/"},"img":{"alt_text":"","src":"","width":0,"height":0},"classes":[]},{"id":12271,"url":"https:\/\/iratiirratia.eus\/index.php\/2018\/06\/18\/egun-on-aunamendi-1109\/","url_meta":{"origin":12221,"position":1},"title":"Egun on, Au\u00f1amendi!","author":"Irati Irratia","date":"18 ekaina, 2018","format":false,"excerpt":"Gaurko saioan Mikel Bujanda izan dugu Euskalerria irratitik Iru\u00f1erriko kronika pasatzen.Ondoren Xorroxin irratira jo dugu Julen Zelaietarekin egotera. Berak aipatu bezala irailera arte etengo ditugu kronikak, beraz agurtu dugu elkar. Bukatzeko Andres Bidarterekin izan gara animalien hozkadez, gihar zuri gaitzaz eta hesteetako obstrukzioaz hitz egiten. Eta, nola ez, berriak, inguruko\u2026","rel":"","context":"In &quot;Egun on, Au\u00f1amendi!&quot;","block_context":{"text":"Egun on, Au\u00f1amendi!","link":"https:\/\/iratiirratia.eus\/index.php\/category\/egunon-aunamendi\/"},"img":{"alt_text":"","src":"","width":0,"height":0},"classes":[]},{"id":12146,"url":"https:\/\/iratiirratia.eus\/index.php\/2018\/05\/18\/egun-on-aunamendi-1089\/","url_meta":{"origin":12221,"position":2},"title":"Egun on, Au\u00f1amendi!","author":"Irati Irratia","date":"18 maiatza, 2018","format":false,"excerpt":"Gaurkoan Karlos Bueno Pato Lehoskotik atalarekin izan gara. Gaurkoan ETA erakundearen desegiteaz eta euskarafobiaz aritu gara. Ondoren Info 7ko lagunek ADAVAN elkarteko Jose Manuel Buenori eginiko elkarrizketa ekarri dugu Amiantoaren ingurukoak ezagutzeko. Bukatzeko Julian Gabasekin Erronkaribarko agenda errepasatu dugu. Eta, nola ez, berriak, inguruko abisuak , agenda eta zine estreinaldiak\u2026","rel":"","context":"In &quot;Egun on, Au\u00f1amendi!&quot;","block_context":{"text":"Egun on, Au\u00f1amendi!","link":"https:\/\/iratiirratia.eus\/index.php\/category\/egunon-aunamendi\/"},"img":{"alt_text":"","src":"","width":0,"height":0},"classes":[]},{"id":13793,"url":"https:\/\/iratiirratia.eus\/index.php\/2019\/08\/22\/egun-on-aunamendi-1359\/","url_meta":{"origin":12221,"position":3},"title":"Egun on, Au\u00f1amendi!","author":"Irati Irratia","date":"22 abuztua, 2019","format":false,"excerpt":"Gaurko saioa Xanti Begiristain Madotzen kolaborazioarekin hasi dugu. Gaurkoan euskararen erabileraren inguruko hausnarketa bat eta Manexen 36. istorioarekin etorri zaigu. Gero, Aezkoako bideak aski ongi ezagutzen dituen Daniel Iriarte izan gara ostiralean emanen duen hitzaldia aitzakitzat hartuta. Bukatzeko Karekin Kulturako Kati Leatxe izan dugu \"Poesia de Emergencia\" proiektuaz eta ikastaro\u2026","rel":"","context":"In &quot;Egun on, Au\u00f1amendi!&quot;","block_context":{"text":"Egun on, Au\u00f1amendi!","link":"https:\/\/iratiirratia.eus\/index.php\/category\/egunon-aunamendi\/"},"img":{"alt_text":"","src":"","width":0,"height":0},"classes":[]},{"id":10705,"url":"https:\/\/iratiirratia.eus\/index.php\/2017\/06\/08\/egun-on-aunamendi-880\/","url_meta":{"origin":12221,"position":4},"title":"Egun on, Au\u00f1amendi!","author":"Irati Irratia","date":"8 ekaina, 2017","format":false,"excerpt":"Gaurkoan Koldobike Valencia-rekin, egon gara Abaurrepeako jaietaz hitzegiten. Baita ere hiru kolaborazio izan ditugu.Lehena Mari Mar Agos izan dugu Liburutegiko kontuetaz eta bere bidaietaz aritu gara. Bigarrenik Bernadette Argain aritu zaigu Irulegi irratitik euren kronika pasatzen.Bukatzeko, Idoia Zabalza eduki dugu gurean, udan euskaraz izanen diren aktibitateen inguruan hitzegiten. Eta, nola\u2026","rel":"","context":"In &quot;Egun on, Au\u00f1amendi!&quot;","block_context":{"text":"Egun on, Au\u00f1amendi!","link":"https:\/\/iratiirratia.eus\/index.php\/category\/egunon-aunamendi\/"},"img":{"alt_text":"","src":"","width":0,"height":0},"classes":[]},{"id":13810,"url":"https:\/\/iratiirratia.eus\/index.php\/2019\/08\/29\/egun-on-aunamendi-1362\/","url_meta":{"origin":12221,"position":5},"title":"Egun on, Au\u00f1amendi!","author":"Irati Irratia","date":"29 abuztua, 2019","format":false,"excerpt":"Gaurkoan, saio hasieran Jose Ignacio Ubauren lehen sorospenen gomendioen kolaborazioa berreskuratu dugu. Bukatzeko Aezkoako Gazte Asanbladak burutuko duen zozketaren nondik norakoak aipatu ditugu. Eta nola ez eguneko berriak, eguraldia eta agenda errepasatu ditugu!Entzun! Izenburua: Abuztuaren 28ko saioa Iraupena: 2:40 ordu Klikatu hemen saioa jeisteko [audio:http:\/\/iratiirratia.eus\/audio\/19-08-28.mp3|titles=Egun on, Au\u00f1amendi! 19-08-28]","rel":"","context":"In &quot;Egun on, Au\u00f1amendi!&quot;","block_context":{"text":"Egun on, Au\u00f1amendi!","link":"https:\/\/iratiirratia.eus\/index.php\/category\/egunon-aunamendi\/"},"img":{"alt_text":"","src":"","width":0,"height":0},"classes":[]}],"_links":{"self":[{"href":"https:\/\/iratiirratia.eus\/index.php\/wp-json\/wp\/v2\/posts\/12221"}],"collection":[{"href":"https:\/\/iratiirratia.eus\/index.php\/wp-json\/wp\/v2\/posts"}],"about":[{"href":"https:\/\/iratiirratia.eus\/index.php\/wp-json\/wp\/v2\/types\/post"}],"author":[{"embeddable":true,"href":"https:\/\/iratiirratia.eus\/index.php\/wp-json\/wp\/v2\/users\/1"}],"replies":[{"embeddable":true,"href":"https:\/\/iratiirratia.eus\/index.php\/wp-json\/wp\/v2\/comments?post=12221"}],"version-history":[{"count":1,"href":"https:\/\/iratiirratia.eus\/index.php\/wp-json\/wp\/v2\/posts\/12221\/revisions"}],"predecessor-version":[{"id":12222,"href":"https:\/\/iratiirratia.eus\/index.php\/wp-json\/wp\/v2\/posts\/12221\/revisions\/12222"}],"wp:attachment":[{"href":"https:\/\/iratiirratia.eus\/index.php\/wp-json\/wp\/v2\/media?parent=12221"}],"wp:term":[{"taxonomy":"category","embeddable":true,"href":"https:\/\/iratiirratia.eus\/index.php\/wp-json\/wp\/v2\/categories?post=12221"},{"taxonomy":"post_tag","embeddable":true,"href":"https:\/\/iratiirratia.eus\/index.php\/wp-json\/wp\/v2\/tags?post=12221"}],"curies":[{"name":"wp","href":"https:\/\/api.w.org\/{rel}","templated":true}]}}