{"id":12223,"date":"2018-06-08T15:00:17","date_gmt":"2018-06-08T13:00:17","guid":{"rendered":"http:\/\/iratiirratia.eus\/?p=12223"},"modified":"2018-06-08T15:00:17","modified_gmt":"2018-06-08T13:00:17","slug":"ii-aezkoako-eguna-txikia","status":"publish","type":"post","link":"https:\/\/iratiirratia.eus\/index.php\/2018\/06\/08\/ii-aezkoako-eguna-txikia\/","title":{"rendered":"II. Aezkoako eguna txikia"},"content":{"rendered":"<p>Larunbat honetan izanen da txikienei zuzendutako egitaraua duelarik. Gaurko saioan hometaz solasten egon gara <strong>Nere Ubau<\/strong>-rekin. Futbito,pilota gynkana,zumba, dantza eta giro ona izanen dira nagusi larunbat arratsaldean Garaioan.<\/p>\n<p>Programazioa:<br \/>\n<img data-attachment-id=\"12226\" data-permalink=\"https:\/\/iratiirratia.eus\/index.php\/2018\/06\/08\/ii-aezkoako-eguna-txikia\/34776541_1733293810087275_8593082528150061056_n\/\" data-orig-file=\"https:\/\/i0.wp.com\/iratiirratia.eus\/wp-content\/uploads\/2018\/06\/34776541_1733293810087275_8593082528150061056_n.jpg?fit=960%2C670&amp;ssl=1\" data-orig-size=\"960,670\" data-comments-opened=\"1\" data-image-meta=\"{&quot;aperture&quot;:&quot;0&quot;,&quot;credit&quot;:&quot;&quot;,&quot;camera&quot;:&quot;&quot;,&quot;caption&quot;:&quot;&quot;,&quot;created_timestamp&quot;:&quot;0&quot;,&quot;copyright&quot;:&quot;&quot;,&quot;focal_length&quot;:&quot;0&quot;,&quot;iso&quot;:&quot;0&quot;,&quot;shutter_speed&quot;:&quot;0&quot;,&quot;title&quot;:&quot;&quot;,&quot;orientation&quot;:&quot;0&quot;}\" data-image-title=\"34776541_1733293810087275_8593082528150061056_n\" data-image-description=\"\" data-image-caption=\"\" data-medium-file=\"https:\/\/i0.wp.com\/iratiirratia.eus\/wp-content\/uploads\/2018\/06\/34776541_1733293810087275_8593082528150061056_n.jpg?fit=300%2C209&amp;ssl=1\" data-large-file=\"https:\/\/i0.wp.com\/iratiirratia.eus\/wp-content\/uploads\/2018\/06\/34776541_1733293810087275_8593082528150061056_n.jpg?fit=640%2C447&amp;ssl=1\" decoding=\"async\" loading=\"lazy\" src=\"https:\/\/i0.wp.com\/iratiirratia.eus\/wp-content\/uploads\/2018\/06\/34776541_1733293810087275_8593082528150061056_n.jpg?resize=300%2C209\" alt=\"\" width=\"300\" height=\"209\" class=\"alignnone size-medium wp-image-12226\" srcset=\"https:\/\/i0.wp.com\/iratiirratia.eus\/wp-content\/uploads\/2018\/06\/34776541_1733293810087275_8593082528150061056_n.jpg?resize=300%2C209&amp;ssl=1 300w, https:\/\/i0.wp.com\/iratiirratia.eus\/wp-content\/uploads\/2018\/06\/34776541_1733293810087275_8593082528150061056_n.jpg?resize=768%2C536&amp;ssl=1 768w, https:\/\/i0.wp.com\/iratiirratia.eus\/wp-content\/uploads\/2018\/06\/34776541_1733293810087275_8593082528150061056_n.jpg?resize=700%2C489&amp;ssl=1 700w, https:\/\/i0.wp.com\/iratiirratia.eus\/wp-content\/uploads\/2018\/06\/34776541_1733293810087275_8593082528150061056_n.jpg?w=960&amp;ssl=1 960w\" sizes=\"(max-width: 300px) 100vw, 300px\" data-recalc-dims=\"1\" \/><\/p>\n<p><a title=\"Aezkoako Txiki\" href=\"http:\/\/iratiirratia.eus\/audio\/18-06-08AezkoakoTxiki.mp3\" target=\"_blank\" rel=\"noopener noreferrer\">Klikatu hemen elkarrizketa jaisteko<\/a><\/p>\n<p class=\"audioplayer_container\"><span style=\"display:block;padding:5px;border:1px solid #dddddd;background:#f8f8f8\" id=\"audioplayer_1\">Audio clip: Adobe Flash Player (version 9 or above) is required to play this audio clip. Download the latest version <a href=\"http:\/\/www.adobe.com\/shockwave\/download\/download.cgi?P1_Prod_Version=ShockwaveFlash&amp;promoid=BIOW\" title=\"Download Adobe Flash Player\">here<\/a>. You also need to have JavaScript enabled in your browser.<\/span><\/p>\n","protected":false},"excerpt":{"rendered":"<p>Larunbat honetan izanen da txikienei zuzendutako egitaraua duelarik. Gaurko saioan hometaz solasten egon gara Nere Ubau-rekin. Futbito,pilota gynkana,zumba, dantza eta giro ona izanen dira nagusi larunbat arratsaldean Garaioan. Programazioa: Klikatu hemen elkarrizketa jaisteko [Audio clip: view full post to listen]<\/p>\n","protected":false},"author":1,"featured_media":12225,"comment_status":"open","ping_status":"open","sticky":false,"template":"","format":"standard","meta":{"jetpack_post_was_ever_published":false,"_jetpack_newsletter_access":"","_jetpack_newsletter_tier_id":0,"jetpack_publicize_message":"","jetpack_is_tweetstorm":false,"jetpack_publicize_feature_enabled":true,"jetpack_social_post_already_shared":true,"jetpack_social_options":{"image_generator_settings":{"template":"highway","enabled":false}}},"categories":[2,6],"tags":[],"jetpack_publicize_connections":[],"jetpack_featured_media_url":"https:\/\/i0.wp.com\/iratiirratia.eus\/wp-content\/uploads\/2018\/06\/34686126_1733293666753956_8652923628880396288_n-1-e1528462767206.jpg?fit=957%2C264&ssl=1","jetpack_shortlink":"https:\/\/wp.me\/p7eaXY-3b9","jetpack_sharing_enabled":true,"jetpack-related-posts":[{"id":18816,"url":"https:\/\/iratiirratia.eus\/index.php\/2023\/07\/28\/bihar-arian-ospatuko-da-aezkoako-txikien-eguna\/","url_meta":{"origin":12223,"position":0},"title":"Bihar Arian ospatuko da Aezkoako Txikien Eguna","author":"Irati Irratia","date":"28 uztaila, 2023","format":false,"excerpt":"Aezkoako Kultur Elkarteak antolatzen duen Aezkoako Eguna Arian izanen da aurten. Honen beroketa moduan hartu izan da Aezkoako Txikien Eguna, ibarreko haurrei begirako eguna ospatzen baita udan eta aurtengoa bihar izanen da arratsaldeko 17etatik aurrera. Honen aitzakipean antolaketan dabilen Leire Arreserekin apur bat elekatzeko baliatu dugu aukera eta berak maisuki\u2026","rel":"","context":"In &quot;Aezkoa&quot;","block_context":{"text":"Aezkoa","link":"https:\/\/iratiirratia.eus\/index.php\/category\/aezkoa\/"},"img":{"alt_text":"","src":"https:\/\/i0.wp.com\/iratiirratia.eus\/wp-content\/uploads\/2023\/07\/363330068_6630859120310043_1732645219391263423_n-e1690545861498.jpg?fit=856%2C337&ssl=1&resize=350%2C200","width":350,"height":200,"srcset":"https:\/\/i0.wp.com\/iratiirratia.eus\/wp-content\/uploads\/2023\/07\/363330068_6630859120310043_1732645219391263423_n-e1690545861498.jpg?fit=856%2C337&ssl=1&resize=350%2C200 1x, https:\/\/i0.wp.com\/iratiirratia.eus\/wp-content\/uploads\/2023\/07\/363330068_6630859120310043_1732645219391263423_n-e1690545861498.jpg?fit=856%2C337&ssl=1&resize=525%2C300 1.5x, https:\/\/i0.wp.com\/iratiirratia.eus\/wp-content\/uploads\/2023\/07\/363330068_6630859120310043_1732645219391263423_n-e1690545861498.jpg?fit=856%2C337&ssl=1&resize=700%2C400 2x"},"classes":[]},{"id":3398,"url":"https:\/\/iratiirratia.eus\/index.php\/2012\/11\/12\/orbarako-xei-txikiak-larunbatean\/","url_meta":{"origin":12223,"position":1},"title":"Orbarako xei txikiak larunbatean","author":"Irati Irratia","date":"12 azaroa, 2012","format":false,"excerpt":"Azaroaren 17an Orbarako xei txikiak ospatuko dira. Mus txapelketa, karaoke lehiaketa, afaria eta Luzianoekin gaupasa izanen dugu. Denok gonbidatuak gaude!","rel":"","context":"In &quot;Oharrak&quot;","block_context":{"text":"Oharrak","link":"https:\/\/iratiirratia.eus\/index.php\/category\/abisuak\/"},"img":{"alt_text":"","src":"","width":0,"height":0},"classes":[]},{"id":5841,"url":"https:\/\/iratiirratia.eus\/index.php\/2015\/04\/23\/alderdiekin-egindako-mahai-inguruako-audioa-audio-de-la-mesa-redonda-con-los-partidos\/","url_meta":{"origin":12223,"position":2},"title":"Alderdiekin egindako mahai-inguruko audioa &#8211; Audio de la mesa redonda con los partidos","author":"Irati Irratia","date":"23 apirila, 2015","format":false,"excerpt":"Izenburua: Mahai-inguruko audioa Iraupena: 2:30 ordu Klikatu hemen saioa jaisteko [audio:http:\/\/iratiirratia.eus\/audio\/Mahai_ingurua.MP3|titles=Egun on, Au\u00f1amendi! 15-04-23]","rel":"","context":"In &quot;Egun on, Au\u00f1amendi!&quot;","block_context":{"text":"Egun on, Au\u00f1amendi!","link":"https:\/\/iratiirratia.eus\/index.php\/category\/egunon-aunamendi\/"},"img":{"alt_text":"","src":"","width":0,"height":0},"classes":[]},{"id":15884,"url":"https:\/\/iratiirratia.eus\/index.php\/2021\/03\/06\/non-dago-mikel-edo-bere-torturatzaileekiko-mendeku-txikia\/","url_meta":{"origin":12223,"position":3},"title":"Non dago Mikel edo bere torturatzaileekiko mendeku txikia","author":"Irati Irratia","date":"6 martxoa, 2021","format":false,"excerpt":"Lana behingoz zinemetan dugu eta a zer arrakastarekin. Gaur Non Dago Mikel dokumentalaz eta bere estreinaldiaren ingurukoak landu ditugu Miguel Angel Llamas Piturekin. Berak askotan esan du, bera torturatu zutenen kontrako mendeku txikia dela lan hau aurrera atera izana. Non dago Mikel dokumentala hemen ikusgai izanen duzue. Pitu Irati irratian\u2026","rel":"","context":"In &quot;Aezkoa&quot;","block_context":{"text":"Aezkoa","link":"https:\/\/iratiirratia.eus\/index.php\/category\/aezkoa\/"},"img":{"alt_text":"","src":"https:\/\/i0.wp.com\/iratiirratia.eus\/wp-content\/uploads\/2021\/03\/pitu.jpg?fit=600%2C600&ssl=1&resize=350%2C200","width":350,"height":200,"srcset":"https:\/\/i0.wp.com\/iratiirratia.eus\/wp-content\/uploads\/2021\/03\/pitu.jpg?fit=600%2C600&ssl=1&resize=350%2C200 1x, https:\/\/i0.wp.com\/iratiirratia.eus\/wp-content\/uploads\/2021\/03\/pitu.jpg?fit=600%2C600&ssl=1&resize=525%2C300 1.5x"},"classes":[]},{"id":21107,"url":"https:\/\/iratiirratia.eus\/index.php\/2024\/11\/20\/aezkoa-eta-inguruko-ondarea-izanen-da-hizketagaia-larunbatean-kultur-olan\/","url_meta":{"origin":12223,"position":4},"title":"Aezkoa eta inguruko ondarea izanen da hizketagaia larunbatean Kultur Olan","author":"Eneko Villegas","date":"20 azaroa, 2024","format":false,"excerpt":"Aezkoako Kultur Olak antolatuta zenbait ekimen izanen dira larunbata honetan, tartean Aezkoa eta inguruko ondarearen inguruko solasaldia. Solasaldi honen emaile izanen da Aranzadi Zientzia Elkarteko arkeologoa den Juan Mari Martinez Txoperena, zeina zonaldekoa izanik harat eta honat ibili da gaur egun ezagutzen dugun ondare guzti hori azalerazten eta sailkatzen. Geldirik\u2026","rel":"","context":"In &quot;Aezkoa&quot;","block_context":{"text":"Aezkoa","link":"https:\/\/iratiirratia.eus\/index.php\/category\/aezkoa\/"},"img":{"alt_text":"","src":"https:\/\/i0.wp.com\/iratiirratia.eus\/wp-content\/uploads\/2024\/11\/Az23hitzaldiKulturOla.jpg?resize=350%2C200&ssl=1","width":350,"height":200,"srcset":"https:\/\/i0.wp.com\/iratiirratia.eus\/wp-content\/uploads\/2024\/11\/Az23hitzaldiKulturOla.jpg?resize=350%2C200&ssl=1 1x, https:\/\/i0.wp.com\/iratiirratia.eus\/wp-content\/uploads\/2024\/11\/Az23hitzaldiKulturOla.jpg?resize=525%2C300&ssl=1 1.5x, https:\/\/i0.wp.com\/iratiirratia.eus\/wp-content\/uploads\/2024\/11\/Az23hitzaldiKulturOla.jpg?resize=700%2C400&ssl=1 2x"},"classes":[]},{"id":21986,"url":"https:\/\/iratiirratia.eus\/index.php\/2025\/05\/21\/herri-boterearen-eta-burujabetzaren-bidean-mugarria-ezarriko-dute-tafallan-larunbatean\/","url_meta":{"origin":12223,"position":5},"title":"Herri boterearen eta burujabetzaren bidean mugarria ezarriko dute Tafallan larunbatean","author":"Eneko Villegas","date":"21 maiatza, 2025","format":false,"excerpt":"\"Euskal Herria herriz herrikako alternatibek edota mugimenduek eragiten dituzten su txikiek mantentzen dute herriaren berotasuna\" hori da ondorioztatu dezakeguna Burujabetzaren Aldeko Mugimenduko kidea den Jose Javier Oses esan digun horretatik. Mugimendu honek, su txiki horiek saretzea du helburu, konplizitateak josi eta benetazko alternatibak eraiki.Bide honetan, larunbatean topaketak antolatu dituzte Tafallan.\u2026","rel":"","context":"In &quot;Berriak&quot;","block_context":{"text":"Berriak","link":"https:\/\/iratiirratia.eus\/index.php\/category\/berriak\/"},"img":{"alt_text":"","src":"https:\/\/i0.wp.com\/iratiirratia.eus\/wp-content\/uploads\/2025\/05\/BAM-logo.jpg?fit=724%2C365&ssl=1&resize=350%2C200","width":350,"height":200,"srcset":"https:\/\/i0.wp.com\/iratiirratia.eus\/wp-content\/uploads\/2025\/05\/BAM-logo.jpg?fit=724%2C365&ssl=1&resize=350%2C200 1x, https:\/\/i0.wp.com\/iratiirratia.eus\/wp-content\/uploads\/2025\/05\/BAM-logo.jpg?fit=724%2C365&ssl=1&resize=525%2C300 1.5x, https:\/\/i0.wp.com\/iratiirratia.eus\/wp-content\/uploads\/2025\/05\/BAM-logo.jpg?fit=724%2C365&ssl=1&resize=700%2C400 2x"},"classes":[]}],"_links":{"self":[{"href":"https:\/\/iratiirratia.eus\/index.php\/wp-json\/wp\/v2\/posts\/12223"}],"collection":[{"href":"https:\/\/iratiirratia.eus\/index.php\/wp-json\/wp\/v2\/posts"}],"about":[{"href":"https:\/\/iratiirratia.eus\/index.php\/wp-json\/wp\/v2\/types\/post"}],"author":[{"embeddable":true,"href":"https:\/\/iratiirratia.eus\/index.php\/wp-json\/wp\/v2\/users\/1"}],"replies":[{"embeddable":true,"href":"https:\/\/iratiirratia.eus\/index.php\/wp-json\/wp\/v2\/comments?post=12223"}],"version-history":[{"count":1,"href":"https:\/\/iratiirratia.eus\/index.php\/wp-json\/wp\/v2\/posts\/12223\/revisions"}],"predecessor-version":[{"id":12227,"href":"https:\/\/iratiirratia.eus\/index.php\/wp-json\/wp\/v2\/posts\/12223\/revisions\/12227"}],"wp:featuredmedia":[{"embeddable":true,"href":"https:\/\/iratiirratia.eus\/index.php\/wp-json\/wp\/v2\/media\/12225"}],"wp:attachment":[{"href":"https:\/\/iratiirratia.eus\/index.php\/wp-json\/wp\/v2\/media?parent=12223"}],"wp:term":[{"taxonomy":"category","embeddable":true,"href":"https:\/\/iratiirratia.eus\/index.php\/wp-json\/wp\/v2\/categories?post=12223"},{"taxonomy":"post_tag","embeddable":true,"href":"https:\/\/iratiirratia.eus\/index.php\/wp-json\/wp\/v2\/tags?post=12223"}],"curies":[{"name":"wp","href":"https:\/\/api.w.org\/{rel}","templated":true}]}}