{"id":12233,"date":"2018-06-12T14:16:59","date_gmt":"2018-06-12T12:16:59","guid":{"rendered":"http:\/\/iratiirratia.eus\/?p=12233"},"modified":"2018-06-12T14:16:59","modified_gmt":"2018-06-12T12:16:59","slug":"egun-on-aunamendi-1105","status":"publish","type":"post","link":"https:\/\/iratiirratia.eus\/index.php\/2018\/06\/12\/egun-on-aunamendi-1105\/","title":{"rendered":"Egun on, Au\u00f1amendi!"},"content":{"rendered":"<p>Gaurko saioan Aralar irratiko <strong>Martin Juanena<\/strong>rekin hasi gara hango berriak jasotzen. Ondoren <strong>Koldo Vi\u00f1uales<\/strong> Kebenko uskararen elkarteko kidea izan dugu Espartinen Martxaren inguruan elekatzen. Ondoren Info 7ko lagunek Altsasuko auziko abokatua den Jose Luis Galani eginiko elkarrizketa ekarri dugu. Bukatzeko Elhuyar fundazioaren Quark saioa izan dugu eguzki energia lortzeko zuntz berriaz hitz egiten.<br \/>\nEta, nola ez, berriak, inguruko abisuak eta agenda errepasatu ditugu. Entzun!<\/p>\n<p><img data-attachment-id=\"535\" data-permalink=\"https:\/\/iratiirratia.eus\/egunon\/\" data-orig-file=\"https:\/\/i0.wp.com\/iratiirratia.eus\/wp-content\/uploads\/2011\/04\/egunon.jpg?fit=132%2C125&amp;ssl=1\" data-orig-size=\"132,125\" data-comments-opened=\"1\" data-image-meta=\"{&quot;aperture&quot;:&quot;0&quot;,&quot;credit&quot;:&quot;&quot;,&quot;camera&quot;:&quot;&quot;,&quot;caption&quot;:&quot;&quot;,&quot;created_timestamp&quot;:&quot;0&quot;,&quot;copyright&quot;:&quot;&quot;,&quot;focal_length&quot;:&quot;0&quot;,&quot;iso&quot;:&quot;0&quot;,&quot;shutter_speed&quot;:&quot;0&quot;,&quot;title&quot;:&quot;&quot;,&quot;orientation&quot;:&quot;0&quot;}\" data-image-title=\"egunon\" data-image-description=\"\" data-image-caption=\"\" data-medium-file=\"https:\/\/i0.wp.com\/iratiirratia.eus\/wp-content\/uploads\/2011\/04\/egunon.jpg?fit=132%2C125&amp;ssl=1\" data-large-file=\"https:\/\/i0.wp.com\/iratiirratia.eus\/wp-content\/uploads\/2011\/04\/egunon.jpg?fit=132%2C125&amp;ssl=1\" decoding=\"async\" loading=\"lazy\" width=\"132\" height=\"125\" class=\"size-full wp-image-535\" style=\"float: left; margin: 0; margin-right: 20px;\" title=\"egunon\" src=\"https:\/\/i0.wp.com\/iratiirratia.eus\/wp-content\/uploads\/2011\/04\/egunon.jpg?resize=132%2C125\" alt=\"Egun on, Au\u00f1amendi!\" data-recalc-dims=\"1\" \/><\/p>\n<div style=\"padding-left: 20px;\">\n<p><strong>Izenburua:<\/strong> Ekainaren 12ko saioa<\/p>\n<p><strong>Iraupena:<\/strong> 2:30 ordu<\/p>\n<p><a title=\"Ekainaren 12ko saioa\" href=\"http:\/\/iratiirratia.eus\/audio\/18-06-12.mp3\" target=\"_blank\">Klikatu hemen saioa jaisteko<\/a><\/p>\n<p class=\"audioplayer_container\"><span style=\"display:block;padding:5px;border:1px solid #dddddd;background:#f8f8f8\" id=\"audioplayer_1\">Audio clip: Adobe Flash Player (version 9 or above) is required to play this audio clip. Download the latest version <a href=\"http:\/\/www.adobe.com\/shockwave\/download\/download.cgi?P1_Prod_Version=ShockwaveFlash&amp;promoid=BIOW\" title=\"Download Adobe Flash Player\">here<\/a>. You also need to have JavaScript enabled in your browser.<\/span><\/p>\n","protected":false},"excerpt":{"rendered":"<p>Gaurko saioan Aralar irratiko Martin Juanenarekin hasi gara hango berriak jasotzen. Ondoren Koldo Vi\u00f1uales Kebenko uskararen elkarteko kidea izan dugu Espartinen Martxaren inguruan elekatzen. Ondoren Info 7ko lagunek Altsasuko auziko abokatua den Jose Luis Galani eginiko elkarrizketa ekarri dugu. Bukatzeko Elhuyar fundazioaren Quark saioa izan dugu eguzki energia lortzeko zuntz berriaz hitz egiten. Eta, nola [&hellip;]<\/p>\n","protected":false},"author":1,"featured_media":0,"comment_status":"open","ping_status":"open","sticky":false,"template":"","format":"standard","meta":{"jetpack_post_was_ever_published":false,"_jetpack_newsletter_access":"","_jetpack_newsletter_tier_id":0,"jetpack_publicize_message":"","jetpack_is_tweetstorm":false,"jetpack_publicize_feature_enabled":true,"jetpack_social_post_already_shared":true,"jetpack_social_options":{"image_generator_settings":{"template":"highway","enabled":false}}},"categories":[4],"tags":[],"jetpack_publicize_connections":[],"jetpack_featured_media_url":"","jetpack_shortlink":"https:\/\/wp.me\/p7eaXY-3bj","jetpack_sharing_enabled":true,"jetpack-related-posts":[{"id":12994,"url":"https:\/\/iratiirratia.eus\/index.php\/2018\/12\/18\/egun-on-aunamendi-1218\/","url_meta":{"origin":12233,"position":0},"title":"Egun on, Au\u00f1amendi !","author":"Irati Irratia","date":"18 abendua, 2018","format":false,"excerpt":"Gaurkoan, Aralar irratiko Martin Juanenarekin izan gara Larraun-Lekunberriko kronika jasotzen. Gaur migranteen eguna izanda, gai hau landu dugu. Asteburuan Bizkaiako bertso finala jokatu eta gero saio hartako audio batzuk entzuteko aukera izan dugu, Onintza Enbeitiak txapala irabazi eta gero botatako bertsoarekin tarte hau amaitu dugu. Eta, nola ez, berriak, inguruko\u2026","rel":"","context":"In &quot;Egun on, Au\u00f1amendi!&quot;","block_context":{"text":"Egun on, Au\u00f1amendi!","link":"https:\/\/iratiirratia.eus\/index.php\/category\/egunon-aunamendi\/"},"img":{"alt_text":"","src":"","width":0,"height":0},"classes":[]},{"id":5841,"url":"https:\/\/iratiirratia.eus\/index.php\/2015\/04\/23\/alderdiekin-egindako-mahai-inguruako-audioa-audio-de-la-mesa-redonda-con-los-partidos\/","url_meta":{"origin":12233,"position":1},"title":"Alderdiekin egindako mahai-inguruko audioa &#8211; Audio de la mesa redonda con los partidos","author":"Irati Irratia","date":"23 apirila, 2015","format":false,"excerpt":"Izenburua: Mahai-inguruko audioa Iraupena: 2:30 ordu Klikatu hemen saioa jaisteko [audio:http:\/\/iratiirratia.eus\/audio\/Mahai_ingurua.MP3|titles=Egun on, Au\u00f1amendi! 15-04-23]","rel":"","context":"In &quot;Egun on, Au\u00f1amendi!&quot;","block_context":{"text":"Egun on, Au\u00f1amendi!","link":"https:\/\/iratiirratia.eus\/index.php\/category\/egunon-aunamendi\/"},"img":{"alt_text":"","src":"","width":0,"height":0},"classes":[]},{"id":3777,"url":"https:\/\/iratiirratia.eus\/index.php\/2013\/03\/12\/egun-on-aunamendi-41\/","url_meta":{"origin":12233,"position":2},"title":"Egun on, Au\u00f1amendi!","author":"Irati Irratia","date":"12 martxoa, 2013","format":false,"excerpt":"<div> <div style=\"margin: 0 20px 20px 6px;\"> \u00a0 <img class=\"size-full wp-image-535\" style=\"float: left; margin: 0;margin-right:20px;\" title=\"egunon\" src=\"http:\/\/iratiirratia.net\/wp-content\/uploads\/2011\/04\/egunon.jpg\" alt=\"\" \/> \u00a0 <\/div> \u00a0 <div style=\"padding-left:20px;\"> <p> <strong>Izenburua:<\/strong> Martxoaren 12ko saioa \u00a0 <strong>Iraupena:<\/strong> 2:30 ordu \u00a0 <a title=\" Martxoaren 12ko saioa\" href=\"http:\/\/iratiirratia.net\/audio\/13-03-12.mp3\" target=\"_blank\">Klikatu hemen saioa jaisteko<\/a> \u00a0 [audio:http:\/\/iratiirratia.net\/audio\/13-03-12.mp3|titles=Egunon Au\u00f1amendi! 13-03-12] <\/p> <\/div>\u2026","rel":"","context":"In &quot;Egun on, Au\u00f1amendi!&quot;","block_context":{"text":"Egun on, Au\u00f1amendi!","link":"https:\/\/iratiirratia.eus\/index.php\/category\/egunon-aunamendi\/"},"img":{"alt_text":"","src":"","width":0,"height":0},"classes":[]},{"id":15861,"url":"https:\/\/iratiirratia.eus\/index.php\/2021\/02\/26\/egun-on-aunamendi-mikel-zabalza-auzia-eta-erronkariko-konexioa\/","url_meta":{"origin":12233,"position":3},"title":"Egun On, Au\u00f1amendi! Mikel Zabalza auzia eta Erronkariko konexioa","author":"Irati Irratia","date":"26 otsaila, 2021","format":false,"excerpt":"Atelehenean aditzera eman zituzten Mikel Zabalzaren kasuaren inguruko audio zenbait eta kalapita sortu zuten. Honen inguruan Idoia Zabaltzarekin solastu gara gaurkoan. Ondoren, Erronkarira joan gara Julian Gabasekin egotera. Izenburua: Otsailaren 26ko saioa Iraupena: 2:35 ordu Klikatu hemen saioa jaisteko [audio:http:\/\/iratiirratia.eus\/audio\/21-02-26.mp3]","rel":"","context":"In &quot;Egun on, Au\u00f1amendi!&quot;","block_context":{"text":"Egun on, Au\u00f1amendi!","link":"https:\/\/iratiirratia.eus\/index.php\/category\/egunon-aunamendi\/"},"img":{"alt_text":"","src":"","width":0,"height":0},"classes":[]},{"id":12191,"url":"https:\/\/iratiirratia.eus\/index.php\/2018\/06\/01\/egun-on-aunamendi-1098\/","url_meta":{"origin":12233,"position":4},"title":"Egun on, Au\u00f1amendi!","author":"Irati Irratia","date":"1 ekaina, 2018","format":false,"excerpt":"Gaurkoan Angel Mari Loperena izan dugu Manu Ayerdiren eta subentzioen desorekak aztertu ditugu berarekin. Ondoren Xanti Begiristain izan dugu Manexen 18. desbenturekin.Bukatzeko Info 7ko lagunek LAB sindikatuko Xabier Ugartemendiari eginiko elkarrizketa ekarri dugu estatalizazioaren kontrako borrokak direla eta. Eta, nola ez, berriak, inguruko abisuak eta agenda errepasatu ditugu. Entzun! Izenburua:\u2026","rel":"","context":"In &quot;Egun on, Au\u00f1amendi!&quot;","block_context":{"text":"Egun on, Au\u00f1amendi!","link":"https:\/\/iratiirratia.eus\/index.php\/category\/egunon-aunamendi\/"},"img":{"alt_text":"","src":"","width":0,"height":0},"classes":[]},{"id":11577,"url":"https:\/\/iratiirratia.eus\/index.php\/2017\/12\/18\/egun-on-aunamendi-992\/","url_meta":{"origin":12233,"position":5},"title":"Egun on, Au\u00f1amendi!","author":"Irati Irratia","date":"18 abendua, 2017","format":false,"excerpt":"Atzoko Bertsolari Txapelketa Nagusiak utzitako zapore gozoari eutsita ekin diogu gaurko saiori.Bertan Mikel Bujanda izan dugu Euskalerria irratitik Iru\u00f1erriko kronika pasatzen.Ondoren Xorroxin irratira jo dugu non Julen Zelaieta aritu zaigu Lesakako estudioetatik bertako berriak ekartzen. Bukatzeko Andres Bidarte izan dugu zaldien elikaduraren inguruan mintzatzen. Eta, nola ez, berriak, inguruko abisuak\u2026","rel":"","context":"In &quot;Egun on, Au\u00f1amendi!&quot;","block_context":{"text":"Egun on, Au\u00f1amendi!","link":"https:\/\/iratiirratia.eus\/index.php\/category\/egunon-aunamendi\/"},"img":{"alt_text":"","src":"","width":0,"height":0},"classes":[]}],"_links":{"self":[{"href":"https:\/\/iratiirratia.eus\/index.php\/wp-json\/wp\/v2\/posts\/12233"}],"collection":[{"href":"https:\/\/iratiirratia.eus\/index.php\/wp-json\/wp\/v2\/posts"}],"about":[{"href":"https:\/\/iratiirratia.eus\/index.php\/wp-json\/wp\/v2\/types\/post"}],"author":[{"embeddable":true,"href":"https:\/\/iratiirratia.eus\/index.php\/wp-json\/wp\/v2\/users\/1"}],"replies":[{"embeddable":true,"href":"https:\/\/iratiirratia.eus\/index.php\/wp-json\/wp\/v2\/comments?post=12233"}],"version-history":[{"count":1,"href":"https:\/\/iratiirratia.eus\/index.php\/wp-json\/wp\/v2\/posts\/12233\/revisions"}],"predecessor-version":[{"id":12234,"href":"https:\/\/iratiirratia.eus\/index.php\/wp-json\/wp\/v2\/posts\/12233\/revisions\/12234"}],"wp:attachment":[{"href":"https:\/\/iratiirratia.eus\/index.php\/wp-json\/wp\/v2\/media?parent=12233"}],"wp:term":[{"taxonomy":"category","embeddable":true,"href":"https:\/\/iratiirratia.eus\/index.php\/wp-json\/wp\/v2\/categories?post=12233"},{"taxonomy":"post_tag","embeddable":true,"href":"https:\/\/iratiirratia.eus\/index.php\/wp-json\/wp\/v2\/tags?post=12233"}],"curies":[{"name":"wp","href":"https:\/\/api.w.org\/{rel}","templated":true}]}}