{"id":12235,"date":"2018-06-12T14:31:24","date_gmt":"2018-06-12T12:31:24","guid":{"rendered":"http:\/\/iratiirratia.eus\/?p=12235"},"modified":"2018-06-12T14:31:24","modified_gmt":"2018-06-12T12:31:24","slug":"2018ko-espartinen-martxa","status":"publish","type":"post","link":"https:\/\/iratiirratia.eus\/index.php\/2018\/06\/12\/2018ko-espartinen-martxa\/","title":{"rendered":"2018ko Espartinen martxa"},"content":{"rendered":"<p>Larunbat honetan izanen da martxa. Gaurko saioan honetaz solasten egon gara <strong>Koldo Vi\u00f1uales<\/strong>-ekin. Autobusez eta ibiliaz Bidankozetik Santa Grazira iritsiko da martxa. Bertan bazkaldu, abestu eta omenaldia burutuko dute. Aurten omendua Irati irratia izanen da, milesker hemendik Kebenko elkarteari, ohore handia da ta.<\/p>\n<p>Programazioa:<br \/>\n<img data-attachment-id=\"12236\" data-permalink=\"https:\/\/iratiirratia.eus\/index.php\/2018\/06\/12\/2018ko-espartinen-martxa\/whatsapp-image-2018-06-12-at-14-20-58\/\" data-orig-file=\"https:\/\/i0.wp.com\/iratiirratia.eus\/wp-content\/uploads\/2018\/06\/WhatsApp-Image-2018-06-12-at-14.20.58-e1528806450261.jpeg?fit=740%2C960&amp;ssl=1\" data-orig-size=\"740,960\" data-comments-opened=\"1\" data-image-meta=\"{&quot;aperture&quot;:&quot;0&quot;,&quot;credit&quot;:&quot;&quot;,&quot;camera&quot;:&quot;&quot;,&quot;caption&quot;:&quot;&quot;,&quot;created_timestamp&quot;:&quot;0&quot;,&quot;copyright&quot;:&quot;&quot;,&quot;focal_length&quot;:&quot;0&quot;,&quot;iso&quot;:&quot;0&quot;,&quot;shutter_speed&quot;:&quot;0&quot;,&quot;title&quot;:&quot;&quot;,&quot;orientation&quot;:&quot;0&quot;}\" data-image-title=\"WhatsApp Image 2018-06-12 at 14.20.58\" data-image-description=\"\" data-image-caption=\"\" data-medium-file=\"https:\/\/i0.wp.com\/iratiirratia.eus\/wp-content\/uploads\/2018\/06\/WhatsApp-Image-2018-06-12-at-14.20.58-e1528806450261.jpeg?fit=231%2C300&amp;ssl=1\" data-large-file=\"https:\/\/i0.wp.com\/iratiirratia.eus\/wp-content\/uploads\/2018\/06\/WhatsApp-Image-2018-06-12-at-14.20.58-e1528806450261.jpeg?fit=576%2C1024&amp;ssl=1\" decoding=\"async\" loading=\"lazy\" src=\"https:\/\/i0.wp.com\/iratiirratia.eus\/wp-content\/uploads\/2018\/06\/WhatsApp-Image-2018-06-12-at-14.20.58-e1528806450261-231x300.jpeg?resize=231%2C300\" alt=\"\" width=\"231\" height=\"300\" class=\"alignnone size-medium wp-image-12236\" srcset=\"https:\/\/i0.wp.com\/iratiirratia.eus\/wp-content\/uploads\/2018\/06\/WhatsApp-Image-2018-06-12-at-14.20.58-e1528806450261.jpeg?resize=231%2C300&amp;ssl=1 231w, https:\/\/i0.wp.com\/iratiirratia.eus\/wp-content\/uploads\/2018\/06\/WhatsApp-Image-2018-06-12-at-14.20.58-e1528806450261.jpeg?resize=700%2C908&amp;ssl=1 700w, https:\/\/i0.wp.com\/iratiirratia.eus\/wp-content\/uploads\/2018\/06\/WhatsApp-Image-2018-06-12-at-14.20.58-e1528806450261.jpeg?w=740&amp;ssl=1 740w\" sizes=\"(max-width: 231px) 100vw, 231px\" data-recalc-dims=\"1\" \/><\/p>\n<p><a title=\"Espartinen martxa\" href=\"http:\/\/iratiirratia.eus\/audio\/18-06-12EspartinenMartxa.mp3\" target=\"_blank\" rel=\"noopener noreferrer\">Klikatu hemen elkarrizketa jaisteko<\/a><\/p>\n<p class=\"audioplayer_container\"><span style=\"display:block;padding:5px;border:1px solid #dddddd;background:#f8f8f8\" id=\"audioplayer_1\">Audio clip: Adobe Flash Player (version 9 or above) is required to play this audio clip. Download the latest version <a href=\"http:\/\/www.adobe.com\/shockwave\/download\/download.cgi?P1_Prod_Version=ShockwaveFlash&amp;promoid=BIOW\" title=\"Download Adobe Flash Player\">here<\/a>. You also need to have JavaScript enabled in your browser.<\/span><\/p>\n","protected":false},"excerpt":{"rendered":"<p>Larunbat honetan izanen da martxa. Gaurko saioan honetaz solasten egon gara Koldo Vi\u00f1uales-ekin. Autobusez eta ibiliaz Bidankozetik Santa Grazira iritsiko da martxa. Bertan bazkaldu, abestu eta omenaldia burutuko dute. Aurten omendua Irati irratia izanen da, milesker hemendik Kebenko elkarteari, ohore handia da ta. Programazioa: Klikatu hemen elkarrizketa jaisteko [Audio clip: view full post to listen]<\/p>\n","protected":false},"author":1,"featured_media":12237,"comment_status":"open","ping_status":"open","sticky":false,"template":"","format":"standard","meta":{"jetpack_post_was_ever_published":false,"_jetpack_newsletter_access":"","_jetpack_newsletter_tier_id":0,"jetpack_publicize_message":"","jetpack_is_tweetstorm":false,"jetpack_publicize_feature_enabled":true,"jetpack_social_post_already_shared":true,"jetpack_social_options":{"image_generator_settings":{"template":"highway","enabled":false}}},"categories":[2,6],"tags":[],"jetpack_publicize_connections":[],"jetpack_featured_media_url":"https:\/\/i0.wp.com\/iratiirratia.eus\/wp-content\/uploads\/2018\/06\/martxadelaespardi\u00f1a-e1528806624754.jpg?fit=744%2C374&ssl=1","jetpack_shortlink":"https:\/\/wp.me\/p7eaXY-3bl","jetpack_sharing_enabled":true,"jetpack-related-posts":[{"id":6120,"url":"https:\/\/iratiirratia.eus\/index.php\/2015\/06\/02\/egun-on-aunamendi-432\/","url_meta":{"origin":12235,"position":0},"title":"Egun on, Au\u00f1amendi!","author":"Irati Irratia","date":"2 ekaina, 2015","format":false,"excerpt":"Enaren ibilbidea egin dugu gaurko saioan, Maulera esparti\u00f1ak egitera joaten ziren emakumeen martxa. Mendixut aldizkariko eta Aralar irratiko ateak jo ditugu. Fermin Irigarai EHNEko presidenteari esker Nekazaritza Politika Bateratuaren (PAC) inguruko kontuak ezagutu ditugu. Izenburua: Ekainaren 2ko saioa Iraupena: 2:30 ordu Klikatu hemen saioa jaisteko [audio:http:\/\/iratiirratia.eus\/audio\/15-06-02.mp3|titles=Egun on, Au\u00f1amendi! 15-06-02]","rel":"","context":"In &quot;Egun on, Au\u00f1amendi!&quot;","block_context":{"text":"Egun on, Au\u00f1amendi!","link":"https:\/\/iratiirratia.eus\/index.php\/category\/egunon-aunamendi\/"},"img":{"alt_text":"","src":"","width":0,"height":0},"classes":[]},{"id":11182,"url":"https:\/\/iratiirratia.eus\/index.php\/2017\/09\/06\/larra-larrau-maila-altuko-bizikleta-martxa\/","url_meta":{"origin":12235,"position":1},"title":"Larra-Larrau, maila altuko bizikleta martxa","author":"Irati Irratia","date":"6 iraila, 2017","format":false,"excerpt":"Gaurko saioan Biktor Andueza Pirenaica-ko kidea izan dugu, Izaban asteburu honetan burutuko den Martxa zikloturistikoaz hitzegiten. Biktorrek aipatu dizkigu frogaren nondik norakoak eta baita azpimarratu ere inguruaz gozatzeko martxa dela, konpetitibotasunetatik at dagoena, halere konpetizioak burutzeko aukera izanen da erlojupeko zatietan. 800dik gora partaide izanen ditu aurtengo edizioak berak aipatu\u2026","rel":"","context":"In &quot;Berriak&quot;","block_context":{"text":"Berriak","link":"https:\/\/iratiirratia.eus\/index.php\/category\/berriak\/"},"img":{"alt_text":"","src":"https:\/\/i0.wp.com\/iratiirratia.eus\/wp-content\/uploads\/2017\/09\/imagen_escala_ancho.php_.png?fit=314%2C365&ssl=1&resize=350%2C200","width":350,"height":200},"classes":[]},{"id":21780,"url":"https:\/\/iratiirratia.eus\/index.php\/2025\/04\/04\/aurten-ezkaba-eta-urepele-batuko-du-maiatzaren-17an-mendi-martxa-batek\/","url_meta":{"origin":12235,"position":2},"title":"Aurten Ezkaba eta Urepele batuko du maiatzaren 17an mendi martxa batek","author":"Eneko Villegas","date":"4 apirila, 2025","format":false,"excerpt":"Maiatzaren 17an izanen da aurten La Fuga Mendi martxa, iaz lasterketa izandakoak aurten martxa izaera hartuko duelarik. Ezkaba mendiko gotorlekua eta Urepele batuko du martxa honek eta gehienez 795 partaide izanen ditu, 1938 ihesean irtendako errepresaliatu adina partaide. Osorik edota erdia egiteko aukera izanen da eta kirola eta memoria historikoa\u2026","rel":"","context":"In &quot;Berriak&quot;","block_context":{"text":"Berriak","link":"https:\/\/iratiirratia.eus\/index.php\/category\/berriak\/"},"img":{"alt_text":"","src":"https:\/\/i0.wp.com\/iratiirratia.eus\/wp-content\/uploads\/2025\/04\/Imagen-de-WhatsApp-2025-04-04-a-las-12.28.44_8bb5e15b.jpg?fit=1200%2C537&ssl=1&resize=350%2C200","width":350,"height":200,"srcset":"https:\/\/i0.wp.com\/iratiirratia.eus\/wp-content\/uploads\/2025\/04\/Imagen-de-WhatsApp-2025-04-04-a-las-12.28.44_8bb5e15b.jpg?fit=1200%2C537&ssl=1&resize=350%2C200 1x, https:\/\/i0.wp.com\/iratiirratia.eus\/wp-content\/uploads\/2025\/04\/Imagen-de-WhatsApp-2025-04-04-a-las-12.28.44_8bb5e15b.jpg?fit=1200%2C537&ssl=1&resize=525%2C300 1.5x, https:\/\/i0.wp.com\/iratiirratia.eus\/wp-content\/uploads\/2025\/04\/Imagen-de-WhatsApp-2025-04-04-a-las-12.28.44_8bb5e15b.jpg?fit=1200%2C537&ssl=1&resize=700%2C400 2x, https:\/\/i0.wp.com\/iratiirratia.eus\/wp-content\/uploads\/2025\/04\/Imagen-de-WhatsApp-2025-04-04-a-las-12.28.44_8bb5e15b.jpg?fit=1200%2C537&ssl=1&resize=1050%2C600 3x"},"classes":[]},{"id":20497,"url":"https:\/\/iratiirratia.eus\/index.php\/2024\/09\/12\/palestinaren-aldeko-bizi-martxa-izanen-da-larunbatean-aezkoan\/","url_meta":{"origin":12235,"position":3},"title":"Palestinaren aldeko bizi-martxa izanen da larunbatean Aezkoan","author":"Eneko Villegas","date":"12 iraila, 2024","format":false,"excerpt":"Aezkoako Kirol Elkarteak eta Orbaitzeta Kirolak elkarrekin Palestinaren aldeko bizi-martxa antolatu dute larunbata honetarako Aezkoako herri guztiak palestinarrei elkartasuna adierazteko zeharkatu eta bakoitzean keinu bat eginen dutelarik. Euskal Herri mailako dinamika bati atxikitu dira eta 9:00tan hasiko dute bidea Ariben, 13;30tan Abaurrepean amaituko dutelarik. Honen inguruan Orbaitzeta Kirolak elkarteko kidea\u2026","rel":"","context":"In &quot;Aezkoa&quot;","block_context":{"text":"Aezkoa","link":"https:\/\/iratiirratia.eus\/index.php\/category\/aezkoa\/"},"img":{"alt_text":"","src":"https:\/\/i0.wp.com\/iratiirratia.eus\/wp-content\/uploads\/2024\/09\/BiziMartxa-Palestina.jpg?fit=847%2C1200&ssl=1&resize=350%2C200","width":350,"height":200,"srcset":"https:\/\/i0.wp.com\/iratiirratia.eus\/wp-content\/uploads\/2024\/09\/BiziMartxa-Palestina.jpg?fit=847%2C1200&ssl=1&resize=350%2C200 1x, https:\/\/i0.wp.com\/iratiirratia.eus\/wp-content\/uploads\/2024\/09\/BiziMartxa-Palestina.jpg?fit=847%2C1200&ssl=1&resize=525%2C300 1.5x, https:\/\/i0.wp.com\/iratiirratia.eus\/wp-content\/uploads\/2024\/09\/BiziMartxa-Palestina.jpg?fit=847%2C1200&ssl=1&resize=700%2C400 2x"},"classes":[]},{"id":12818,"url":"https:\/\/iratiirratia.eus\/index.php\/2018\/10\/24\/esara-martxa\/","url_meta":{"origin":12235,"position":4},"title":"Esara martxa","author":"Irati Irratia","date":"24 urria, 2018","format":false,"excerpt":"Uztailean izan ginen berarekin eta oraingoan ere itzuli behar izan gara gure hurrengo gonbidatuarekin hitz egitera. Gaur, Esa urtegiaren handitzearen kontrako plataformako kidea den Iker Aramendiarekin izan gara egitura edo proiektu horren inguruko berriak ote zeuden jakiteko. Nola ez, probestu dugu galdetzeko zertan datzan igandeko martxa eta berak atsegin handiz\u2026","rel":"","context":"In &quot;Berriak&quot;","block_context":{"text":"Berriak","link":"https:\/\/iratiirratia.eus\/index.php\/category\/berriak\/"},"img":{"alt_text":"","src":"https:\/\/i0.wp.com\/iratiirratia.eus\/wp-content\/uploads\/2018\/07\/pegata2.jpg?fit=768%2C260&ssl=1&resize=350%2C200","width":350,"height":200,"srcset":"https:\/\/i0.wp.com\/iratiirratia.eus\/wp-content\/uploads\/2018\/07\/pegata2.jpg?fit=768%2C260&ssl=1&resize=350%2C200 1x, https:\/\/i0.wp.com\/iratiirratia.eus\/wp-content\/uploads\/2018\/07\/pegata2.jpg?fit=768%2C260&ssl=1&resize=525%2C300 1.5x, https:\/\/i0.wp.com\/iratiirratia.eus\/wp-content\/uploads\/2018\/07\/pegata2.jpg?fit=768%2C260&ssl=1&resize=700%2C400 2x"},"classes":[]},{"id":20415,"url":"https:\/\/iratiirratia.eus\/index.php\/2024\/09\/04\/asteburu-honetan-ospatuko-da-29-larra-larrau-txirrindula-martxa\/","url_meta":{"origin":12235,"position":5},"title":"Asteburu honetan ospatuko da 29. Larra-Larrau txirrindula martxa","author":"Eneko Villegas","date":"4 iraila, 2024","format":false,"excerpt":"Aurten Larra-Larrauk bere 29. edizioa biziko du, antolaketa Larra Belagua estaziokoek lehendabizikoz izanen dutelarik. 100 eta 146km luzedun bi ibilbide izanen dituzte txirrindula martxako parte-hartzaileek eta ikusi beharko da eguraldia lagun izaten duten. Momentuz 840 lagun daude izena emanda oraindikan ere izen ematea irekia dutelarik. Hau guztia kontatu digu Larra-Belagua\u2026","rel":"","context":"In &quot;Berriak&quot;","block_context":{"text":"Berriak","link":"https:\/\/iratiirratia.eus\/index.php\/category\/berriak\/"},"img":{"alt_text":"","src":"https:\/\/i0.wp.com\/iratiirratia.eus\/wp-content\/uploads\/2024\/09\/Larra-Larrau1.jpg?fit=849%2C1200&ssl=1&resize=350%2C200","width":350,"height":200,"srcset":"https:\/\/i0.wp.com\/iratiirratia.eus\/wp-content\/uploads\/2024\/09\/Larra-Larrau1.jpg?fit=849%2C1200&ssl=1&resize=350%2C200 1x, https:\/\/i0.wp.com\/iratiirratia.eus\/wp-content\/uploads\/2024\/09\/Larra-Larrau1.jpg?fit=849%2C1200&ssl=1&resize=525%2C300 1.5x, https:\/\/i0.wp.com\/iratiirratia.eus\/wp-content\/uploads\/2024\/09\/Larra-Larrau1.jpg?fit=849%2C1200&ssl=1&resize=700%2C400 2x"},"classes":[]}],"_links":{"self":[{"href":"https:\/\/iratiirratia.eus\/index.php\/wp-json\/wp\/v2\/posts\/12235"}],"collection":[{"href":"https:\/\/iratiirratia.eus\/index.php\/wp-json\/wp\/v2\/posts"}],"about":[{"href":"https:\/\/iratiirratia.eus\/index.php\/wp-json\/wp\/v2\/types\/post"}],"author":[{"embeddable":true,"href":"https:\/\/iratiirratia.eus\/index.php\/wp-json\/wp\/v2\/users\/1"}],"replies":[{"embeddable":true,"href":"https:\/\/iratiirratia.eus\/index.php\/wp-json\/wp\/v2\/comments?post=12235"}],"version-history":[{"count":1,"href":"https:\/\/iratiirratia.eus\/index.php\/wp-json\/wp\/v2\/posts\/12235\/revisions"}],"predecessor-version":[{"id":12238,"href":"https:\/\/iratiirratia.eus\/index.php\/wp-json\/wp\/v2\/posts\/12235\/revisions\/12238"}],"wp:featuredmedia":[{"embeddable":true,"href":"https:\/\/iratiirratia.eus\/index.php\/wp-json\/wp\/v2\/media\/12237"}],"wp:attachment":[{"href":"https:\/\/iratiirratia.eus\/index.php\/wp-json\/wp\/v2\/media?parent=12235"}],"wp:term":[{"taxonomy":"category","embeddable":true,"href":"https:\/\/iratiirratia.eus\/index.php\/wp-json\/wp\/v2\/categories?post=12235"},{"taxonomy":"post_tag","embeddable":true,"href":"https:\/\/iratiirratia.eus\/index.php\/wp-json\/wp\/v2\/tags?post=12235"}],"curies":[{"name":"wp","href":"https:\/\/api.w.org\/{rel}","templated":true}]}}