{"id":12252,"date":"2018-06-14T14:50:28","date_gmt":"2018-06-14T12:50:28","guid":{"rendered":"http:\/\/iratiirratia.eus\/?p=12252"},"modified":"2018-06-14T14:50:28","modified_gmt":"2018-06-14T12:50:28","slug":"escape-natura-eta-oihan-bainua","status":"publish","type":"post","link":"https:\/\/iratiirratia.eus\/index.php\/2018\/06\/14\/escape-natura-eta-oihan-bainua\/","title":{"rendered":"Escape Natura eta Oihan bainua"},"content":{"rendered":"<p>Gaurkoan <strong>Angel Mari Loperena<\/strong> izan dugu. Aste honetan landa eremuetako bi proiekturen inguruan aritu gara, Escape Natura(Basaburua) eta Oihan bainua(Erroibar). Berarekin proiektu hauen analisia egin eta bideragarritasunaren inguruan aritu gara. Ikusi ahal izan duguna, landa-eremuan badela eraberritzeko aukera.<\/p>\n<p>Hurrengoan, zein gai landuko dugu?<br \/>\n<strong>Proposatu! Parte hartu!<\/strong><\/p>\n<p><a title=\"Turismo\" href=\"http:\/\/iratiirratia.eus\/audio\/18-06-14AngelMari.mp3\" target=\"_blank\">Klikatu hemen elkarrizketa jaisteko<\/a> <\/p>\n<p class=\"audioplayer_container\"><span style=\"display:block;padding:5px;border:1px solid #dddddd;background:#f8f8f8\" id=\"audioplayer_1\">Audio clip: Adobe Flash Player (version 9 or above) is required to play this audio clip. Download the latest version <a href=\"http:\/\/www.adobe.com\/shockwave\/download\/download.cgi?P1_Prod_Version=ShockwaveFlash&amp;promoid=BIOW\" title=\"Download Adobe Flash Player\">here<\/a>. You also need to have JavaScript enabled in your browser.<\/span><\/p>\n","protected":false},"excerpt":{"rendered":"<p>Gaurkoan Angel Mari Loperena izan dugu. Aste honetan landa eremuetako bi proiekturen inguruan aritu gara, Escape Natura(Basaburua) eta Oihan bainua(Erroibar). Berarekin proiektu hauen analisia egin eta bideragarritasunaren inguruan aritu gara. Ikusi ahal izan duguna, landa-eremuan badela eraberritzeko aukera. Hurrengoan, zein gai landuko dugu? Proposatu! Parte hartu! Klikatu hemen elkarrizketa jaisteko [Audio clip: view full post [&hellip;]<\/p>\n","protected":false},"author":1,"featured_media":9432,"comment_status":"open","ping_status":"open","sticky":false,"template":"","format":"standard","meta":{"jetpack_post_was_ever_published":false,"_jetpack_newsletter_access":"","_jetpack_newsletter_tier_id":0,"jetpack_publicize_message":"","jetpack_is_tweetstorm":false,"jetpack_publicize_feature_enabled":true,"jetpack_social_post_already_shared":true,"jetpack_social_options":{"image_generator_settings":{"template":"highway","enabled":false}}},"categories":[2,6,54,53],"tags":[],"jetpack_publicize_connections":[],"jetpack_featured_media_url":"https:\/\/i0.wp.com\/iratiirratia.eus\/wp-content\/uploads\/2016\/10\/IMG_7067.jpg?fit=3328%2C1232&ssl=1","jetpack_shortlink":"https:\/\/wp.me\/p7eaXY-3bC","jetpack_sharing_enabled":true,"jetpack-related-posts":[{"id":12248,"url":"https:\/\/iratiirratia.eus\/index.php\/2018\/06\/14\/egun-on-aunamendi-1107\/","url_meta":{"origin":12252,"position":0},"title":"Egun on, Au\u00f1amendi!","author":"Irati Irratia","date":"14 ekaina, 2018","format":false,"excerpt":"Gaurkoan Angel Mari Loperena izan dugu escape Natura eta oihan terapeutikoa deituriko proiektuak aztertu ditugu berarekin. Ondoren Xanti Begiristain izan dugu Manexen 19. desbenturekin.Bukatzeko Miriam Bravo Urrotz hiriko Kultur zinegotzia izan dugu XI. aire zabaleko Margo lehiaketaren inguruan hizketan. Eta, nola ez, berriak, inguruko abisuak eta agenda errepasatu ditugu. Entzun!\u2026","rel":"","context":"In &quot;Egun on, Au\u00f1amendi!&quot;","block_context":{"text":"Egun on, Au\u00f1amendi!","link":"https:\/\/iratiirratia.eus\/index.php\/category\/egunon-aunamendi\/"},"img":{"alt_text":"","src":"","width":0,"height":0},"classes":[]},{"id":21419,"url":"https:\/\/iratiirratia.eus\/index.php\/2025\/01\/28\/landa-eremua-gazteak-eta-bizikletak-batzen-dituen-rural-forks-proiektua-ezagutzen\/","url_meta":{"origin":12252,"position":1},"title":"Landa eremua, gazteak eta bizikletak batzen dituen Rural Forks proiektua ezagutzen","author":"Eneko Villegas","date":"28 urtarrila, 2025","format":false,"excerpt":"Bada Aragoien, Gaztelan eta Nafarroan landa-eremua, gazteak eta bizikletak batzen dituen proiektu bat eta hori litzateke Rural Forks proiektua. Biela y Tierra eta Brujula Intercultural elkarteak batu eta ideia garatzen aritu ziren. Aurtengoa 3. edizioa izanen da eta euren helburuak gazteen ahalduntzea, landa-eremuko proiektu interesgarriei ikusgarritasuna ematea, garapen jasangarria sustatzea\u2026","rel":"","context":"In &quot;Berriak&quot;","block_context":{"text":"Berriak","link":"https:\/\/iratiirratia.eus\/index.php\/category\/berriak\/"},"img":{"alt_text":"","src":"https:\/\/i0.wp.com\/img.youtube.com\/vi\/HTe9kns5EbA\/0.jpg?resize=350%2C200","width":350,"height":200},"classes":[]},{"id":19104,"url":"https:\/\/iratiirratia.eus\/index.php\/2023\/10\/10\/larunbatean-izanen-da-nagoren-berdintasunaren-aldeko-ii-escape-rooma\/","url_meta":{"origin":12252,"position":2},"title":"Larunbatean izanen da Nagoren Berdintasunaren aldeko II. Escape Rooma","author":"Irati Irratia","date":"10 urria, 2023","format":false,"excerpt":"12 urte dira Tramankulu Jolas Kooperatiboak hasi zuela bere jarduna, hasiera batean alaba baten urtebetetzearen harira jolas kooperatibo batzuk antolatzean. Ezkeroztik toki askotan izan dira eta baita garai berrietara egokitu, horietako bat Escape Room desberdinak sortu izan baititu. Horietako batekin datoz larunbata honetan Nagore herrira, Berdintasunaren aldeko Escape Roomaren bigarren\u2026","rel":"","context":"In &quot;Artzibar&quot;","block_context":{"text":"Artzibar","link":"https:\/\/iratiirratia.eus\/index.php\/category\/artzibar\/"},"img":{"alt_text":"","src":"https:\/\/i0.wp.com\/iratiirratia.eus\/wp-content\/uploads\/2023\/10\/Imagen-de-WhatsApp-2023-10-09-a-las-21.51.33_29faa8af.jpg?resize=350%2C200&ssl=1","width":350,"height":200,"srcset":"https:\/\/i0.wp.com\/iratiirratia.eus\/wp-content\/uploads\/2023\/10\/Imagen-de-WhatsApp-2023-10-09-a-las-21.51.33_29faa8af.jpg?resize=350%2C200&ssl=1 1x, https:\/\/i0.wp.com\/iratiirratia.eus\/wp-content\/uploads\/2023\/10\/Imagen-de-WhatsApp-2023-10-09-a-las-21.51.33_29faa8af.jpg?resize=525%2C300&ssl=1 1.5x, https:\/\/i0.wp.com\/iratiirratia.eus\/wp-content\/uploads\/2023\/10\/Imagen-de-WhatsApp-2023-10-09-a-las-21.51.33_29faa8af.jpg?resize=700%2C400&ssl=1 2x, https:\/\/i0.wp.com\/iratiirratia.eus\/wp-content\/uploads\/2023\/10\/Imagen-de-WhatsApp-2023-10-09-a-las-21.51.33_29faa8af.jpg?resize=1050%2C600&ssl=1 3x, https:\/\/i0.wp.com\/iratiirratia.eus\/wp-content\/uploads\/2023\/10\/Imagen-de-WhatsApp-2023-10-09-a-las-21.51.33_29faa8af.jpg?resize=1400%2C800&ssl=1 4x"},"classes":[]},{"id":4746,"url":"https:\/\/iratiirratia.eus\/index.php\/2014\/04\/02\/bilduko-bakartxo-ruizi-elkarrizketa-gaia-landa-eremuko-osasun-zerbitzua\/","url_meta":{"origin":12252,"position":3},"title":"Bilduko Bakartxo Ruizi elkarrizketa. Gaia: landa eremuko osasun zerbitzua","author":"Irati Irratia","date":"2 apirila, 2014","format":false,"excerpt":"Izenburua: Bilduko Bakartxo Ruizi elkarrizketa Iraupena: 0:11 ordu Klikatu hemen saioa jaisteko [audio:http:\/\/iratiirratia.net\/audio\/3bilduILM.mp3|titles=Egun on, Au\u00f1amendi! 14-04-02]","rel":"","context":"In &quot;Egun on, Au\u00f1amendi!&quot;","block_context":{"text":"Egun on, Au\u00f1amendi!","link":"https:\/\/iratiirratia.eus\/index.php\/category\/egunon-aunamendi\/"},"img":{"alt_text":"","src":"","width":0,"height":0},"classes":[]},{"id":22067,"url":"https:\/\/iratiirratia.eus\/index.php\/2025\/06\/13\/hiri-eta-landa-eremuan-dauden-lur-eta-eraikinei-aterabide-komunitarioa-emateko-lur-komunak-jardunaldiak-izanen-dira-irunean\/","url_meta":{"origin":12252,"position":4},"title":"Hiri eta landa eremuan dauden lur eta eraikinei aterabide komunitarioa emateko Lur Komunak jardunaldiak izanen dira Iru\u00f1ean","author":"Eneko Villegas","date":"13 ekaina, 2025","format":false,"excerpt":"Hiri zein landa eremuetan beren bizitza aurrera ateratzeko lur zein etxeak eskuratzeko dauden oztopoei irtenbide komunitarioa ematearren helduko dira gaur Iru\u00f1eko Katakraken Lur Komunak jardunaldiak. Talaios, Olatukoop, Katakrak, La Dinamo eta Coop 57 erakundeek antolaturik hainbat proiektu ezagutzeko aukera izanen dugu. Hau aitzakitzat harturik antolaketa lanetan dabilen Be\u00f1at Irasuegirekin izan\u2026","rel":"","context":"In &quot;Berriak&quot;","block_context":{"text":"Berriak","link":"https:\/\/iratiirratia.eus\/index.php\/category\/berriak\/"},"img":{"alt_text":"","src":"https:\/\/i0.wp.com\/iratiirratia.eus\/wp-content\/uploads\/2025\/06\/Imagen-de-WhatsApp-2025-06-13-a-las-09.25.51_af46b314.jpg?fit=1200%2C675&ssl=1&resize=350%2C200","width":350,"height":200,"srcset":"https:\/\/i0.wp.com\/iratiirratia.eus\/wp-content\/uploads\/2025\/06\/Imagen-de-WhatsApp-2025-06-13-a-las-09.25.51_af46b314.jpg?fit=1200%2C675&ssl=1&resize=350%2C200 1x, https:\/\/i0.wp.com\/iratiirratia.eus\/wp-content\/uploads\/2025\/06\/Imagen-de-WhatsApp-2025-06-13-a-las-09.25.51_af46b314.jpg?fit=1200%2C675&ssl=1&resize=525%2C300 1.5x, https:\/\/i0.wp.com\/iratiirratia.eus\/wp-content\/uploads\/2025\/06\/Imagen-de-WhatsApp-2025-06-13-a-las-09.25.51_af46b314.jpg?fit=1200%2C675&ssl=1&resize=700%2C400 2x, https:\/\/i0.wp.com\/iratiirratia.eus\/wp-content\/uploads\/2025\/06\/Imagen-de-WhatsApp-2025-06-13-a-las-09.25.51_af46b314.jpg?fit=1200%2C675&ssl=1&resize=1050%2C600 3x"},"classes":[]},{"id":23559,"url":"https:\/\/iratiirratia.eus\/index.php\/2026\/04\/23\/liburuaren-eguna-eta-landa-eremuko-liburutegien-topaketak\/","url_meta":{"origin":12252,"position":5},"title":"Liburuaren eguna eta Landa eremuko liburutegien topaketak","author":"Eneko Villegas","date":"23 apirila, 2026","format":false,"excerpt":"Apirilak 23 egun ditu gaur, liburuaren eguna eta koinziditu du Mari Mar Agos liburuzainarekin hitzordua genuela. Gaurkoa ospatzeko orri markatzaileak egiteko tailerra eta lehiaketa antolatu dute Aurizberriko liburutegian. Datorren astean, ikasturteko literatur solasaldien amaiera izanen da Nirliit eleberriarekin eta azken berenduarekin. Honetaz aparte, aurreko astean Astorgan izan zen Mari Mar\u2026","rel":"","context":"In &quot;Aurizberriko Liburutegi Publikoa&quot;","block_context":{"text":"Aurizberriko Liburutegi Publikoa","link":"https:\/\/iratiirratia.eus\/index.php\/category\/aurizberriko-liburutegi-publikoa\/"},"img":{"alt_text":"","src":"https:\/\/i0.wp.com\/iratiirratia.eus\/wp-content\/uploads\/2024\/09\/LIBURUTEGIA.jpg?fit=1200%2C444&ssl=1&resize=350%2C200","width":350,"height":200,"srcset":"https:\/\/i0.wp.com\/iratiirratia.eus\/wp-content\/uploads\/2024\/09\/LIBURUTEGIA.jpg?fit=1200%2C444&ssl=1&resize=350%2C200 1x, https:\/\/i0.wp.com\/iratiirratia.eus\/wp-content\/uploads\/2024\/09\/LIBURUTEGIA.jpg?fit=1200%2C444&ssl=1&resize=525%2C300 1.5x, https:\/\/i0.wp.com\/iratiirratia.eus\/wp-content\/uploads\/2024\/09\/LIBURUTEGIA.jpg?fit=1200%2C444&ssl=1&resize=700%2C400 2x, https:\/\/i0.wp.com\/iratiirratia.eus\/wp-content\/uploads\/2024\/09\/LIBURUTEGIA.jpg?fit=1200%2C444&ssl=1&resize=1050%2C600 3x"},"classes":[]}],"_links":{"self":[{"href":"https:\/\/iratiirratia.eus\/index.php\/wp-json\/wp\/v2\/posts\/12252"}],"collection":[{"href":"https:\/\/iratiirratia.eus\/index.php\/wp-json\/wp\/v2\/posts"}],"about":[{"href":"https:\/\/iratiirratia.eus\/index.php\/wp-json\/wp\/v2\/types\/post"}],"author":[{"embeddable":true,"href":"https:\/\/iratiirratia.eus\/index.php\/wp-json\/wp\/v2\/users\/1"}],"replies":[{"embeddable":true,"href":"https:\/\/iratiirratia.eus\/index.php\/wp-json\/wp\/v2\/comments?post=12252"}],"version-history":[{"count":1,"href":"https:\/\/iratiirratia.eus\/index.php\/wp-json\/wp\/v2\/posts\/12252\/revisions"}],"predecessor-version":[{"id":12253,"href":"https:\/\/iratiirratia.eus\/index.php\/wp-json\/wp\/v2\/posts\/12252\/revisions\/12253"}],"wp:featuredmedia":[{"embeddable":true,"href":"https:\/\/iratiirratia.eus\/index.php\/wp-json\/wp\/v2\/media\/9432"}],"wp:attachment":[{"href":"https:\/\/iratiirratia.eus\/index.php\/wp-json\/wp\/v2\/media?parent=12252"}],"wp:term":[{"taxonomy":"category","embeddable":true,"href":"https:\/\/iratiirratia.eus\/index.php\/wp-json\/wp\/v2\/categories?post=12252"},{"taxonomy":"post_tag","embeddable":true,"href":"https:\/\/iratiirratia.eus\/index.php\/wp-json\/wp\/v2\/tags?post=12252"}],"curies":[{"name":"wp","href":"https:\/\/api.w.org\/{rel}","templated":true}]}}