{"id":12323,"date":"2018-07-02T14:29:01","date_gmt":"2018-07-02T12:29:01","guid":{"rendered":"http:\/\/iratiirratia.eus\/?p=12323"},"modified":"2018-07-02T14:29:01","modified_gmt":"2018-07-02T12:29:01","slug":"esa-diru-xahuketa-eta-segurtasun-eza","status":"publish","type":"post","link":"https:\/\/iratiirratia.eus\/index.php\/2018\/07\/02\/esa-diru-xahuketa-eta-segurtasun-eza\/","title":{"rendered":"Esa: Diru xahuketa eta segurtasun eza"},"content":{"rendered":"<p>Hori ondoriozta genezake gure hurrengo gonbidatuarekin hitz eginda.Gaurkoan ESA + Ez ekimeneko <strong>Iker Aramendia<\/strong>rekin izan gara Esa urtegiaren azken berriak ikertzen. Aurreko asteetan inkluso Espainiako Kongresuan izan ziren Ingurugiro ministrarekin eta hitz goxoak esan bazituen ere ez da fio, ekintzetara pasatzen direnean ikusiko da.<\/p>\n<p><a title=\"Esa gehiago Ez\" href=\"http:\/\/iratiirratia.eus\/audio\/18-07-02Esa+Ez.mp3\" target=\"_blank\" rel=\"noopener noreferrer\">Klikatu hemen elkarrizketa jaisteko<\/a><\/p>\n<p class=\"audioplayer_container\"><span style=\"display:block;padding:5px;border:1px solid #dddddd;background:#f8f8f8\" id=\"audioplayer_1\">Audio clip: Adobe Flash Player (version 9 or above) is required to play this audio clip. Download the latest version <a href=\"http:\/\/www.adobe.com\/shockwave\/download\/download.cgi?P1_Prod_Version=ShockwaveFlash&amp;promoid=BIOW\" title=\"Download Adobe Flash Player\">here<\/a>. You also need to have JavaScript enabled in your browser.<\/span><\/p>\n","protected":false},"excerpt":{"rendered":"<p>Hori ondoriozta genezake gure hurrengo gonbidatuarekin hitz eginda.Gaurkoan ESA + Ez ekimeneko Iker Aramendiarekin izan gara Esa urtegiaren azken berriak ikertzen. Aurreko asteetan inkluso Espainiako Kongresuan izan ziren Ingurugiro ministrarekin eta hitz goxoak esan bazituen ere ez da fio, ekintzetara pasatzen direnean ikusiko da. Klikatu hemen elkarrizketa jaisteko [Audio clip: view full post to listen]<\/p>\n","protected":false},"author":1,"featured_media":12324,"comment_status":"open","ping_status":"open","sticky":false,"template":"","format":"standard","meta":{"jetpack_post_was_ever_published":false,"_jetpack_newsletter_access":"","_jetpack_newsletter_tier_id":0,"jetpack_publicize_message":"","jetpack_is_tweetstorm":false,"jetpack_publicize_feature_enabled":true,"jetpack_social_post_already_shared":true,"jetpack_social_options":{"image_generator_settings":{"template":"highway","enabled":false}}},"categories":[2,6],"tags":[],"jetpack_publicize_connections":[],"jetpack_featured_media_url":"https:\/\/i0.wp.com\/iratiirratia.eus\/wp-content\/uploads\/2018\/07\/pegata2.jpg?fit=768%2C260&ssl=1","jetpack_shortlink":"https:\/\/wp.me\/p7eaXY-3cL","jetpack_sharing_enabled":true,"jetpack-related-posts":[{"id":14405,"url":"https:\/\/iratiirratia.eus\/index.php\/2020\/01\/10\/berandu-baino-lehen-esako-handitze-lanak-gelditu-behar-dira\/","url_meta":{"origin":12323,"position":0},"title":"Berandu baino lehen Esako handitze lanak gelditu behar dira","author":"Irati Irratia","date":"10 urtarrila, 2020","format":false,"excerpt":"Urte berriarekin Antonio Aretxabala geologoak partekatutako bideo batekin izan genuen ESAko magalaren berri. Egoeraz elekatzeko telefonoa hartu eta ESA + Ez Plataformako kidea den, Iker Aramendiarekin jarri gara kontaktuan. Berarekin batera errepasatu dugu Esako lanen inguruko azken ordua, informeak gora eta informeak behera, jendea kezkatuta dagoela onartu digu. https:\/\/twitter.com\/A_Aretxabala\/status\/1212010991787134976?s=20 Iker\u2026","rel":"","context":"In &quot;Berriak&quot;","block_context":{"text":"Berriak","link":"https:\/\/iratiirratia.eus\/index.php\/category\/berriak\/"},"img":{"alt_text":"","src":"https:\/\/i0.wp.com\/iratiirratia.eus\/wp-content\/uploads\/2018\/07\/pegata2.jpg?fit=768%2C260&ssl=1&resize=350%2C200","width":350,"height":200,"srcset":"https:\/\/i0.wp.com\/iratiirratia.eus\/wp-content\/uploads\/2018\/07\/pegata2.jpg?fit=768%2C260&ssl=1&resize=350%2C200 1x, https:\/\/i0.wp.com\/iratiirratia.eus\/wp-content\/uploads\/2018\/07\/pegata2.jpg?fit=768%2C260&ssl=1&resize=525%2C300 1.5x, https:\/\/i0.wp.com\/iratiirratia.eus\/wp-content\/uploads\/2018\/07\/pegata2.jpg?fit=768%2C260&ssl=1&resize=700%2C400 2x"},"classes":[]},{"id":10546,"url":"https:\/\/iratiirratia.eus\/index.php\/2017\/05\/11\/esa-urtegiko-lanak-geldirik-egon-beharko-lukete\/","url_meta":{"origin":12323,"position":1},"title":"Esa urtegiko lanak geldirik egon beharko lukete","author":"Irati Irratia","date":"11 maiatza, 2017","format":false,"excerpt":"Gaurko saioan horixe adierazi digu Iker Aramendiak Esa + Ez plataformako kidea. Asteartean aditzera eman zituzten obretako nondik norakoak eta berak adierazi digunez inolako ikerketa eta informazio gabe aurrera jarraitzen dutela, haiek jakin izan dutenez eskuin mendi-hegala mugitzen dabil eta azkenengo hilabeteetan bizkortu egin da mugimendu hori. Baita ere Maiatzak\u2026","rel":"","context":"In &quot;Berriak&quot;","block_context":{"text":"Berriak","link":"https:\/\/iratiirratia.eus\/index.php\/category\/berriak\/"},"img":{"alt_text":"","src":"https:\/\/i0.wp.com\/iratiirratia.eus\/wp-content\/uploads\/2017\/05\/20170508_114810-e1494505560454.jpg?fit=1200%2C561&ssl=1&resize=350%2C200","width":350,"height":200,"srcset":"https:\/\/i0.wp.com\/iratiirratia.eus\/wp-content\/uploads\/2017\/05\/20170508_114810-e1494505560454.jpg?fit=1200%2C561&ssl=1&resize=350%2C200 1x, https:\/\/i0.wp.com\/iratiirratia.eus\/wp-content\/uploads\/2017\/05\/20170508_114810-e1494505560454.jpg?fit=1200%2C561&ssl=1&resize=525%2C300 1.5x, https:\/\/i0.wp.com\/iratiirratia.eus\/wp-content\/uploads\/2017\/05\/20170508_114810-e1494505560454.jpg?fit=1200%2C561&ssl=1&resize=700%2C400 2x, https:\/\/i0.wp.com\/iratiirratia.eus\/wp-content\/uploads\/2017\/05\/20170508_114810-e1494505560454.jpg?fit=1200%2C561&ssl=1&resize=1050%2C600 3x"},"classes":[]},{"id":11620,"url":"https:\/\/iratiirratia.eus\/index.php\/2017\/12\/28\/esa-bete-ez-dezaten-aldarrikatzen-eta-borrokatzen-jarraitu-behar-dugu\/","url_meta":{"origin":12323,"position":2},"title":"Esa bete ez dezaten aldarrikatzen eta borrokatzen jarraitu behar dugu","author":"Irati Irratia","date":"28 abendua, 2017","format":false,"excerpt":"Hori izan da Iker Aramendiak esan diguna. Maiatzean izan zen gurekin azkeneko aldiz eta ezkeroztik egoera ez dela hoberantz joan argudiatu digu. Ebroko konfederazio hidrografikoak bere baitan jarraitzen du eta Esaren handitze lanekin jarraitu egiten du, nahiz eta eskuineko mendi-hegala mugitzen ari den jakin. Bizilagunen artean ezinegona nabaria dela ere\u2026","rel":"","context":"In &quot;Berriak&quot;","block_context":{"text":"Berriak","link":"https:\/\/iratiirratia.eus\/index.php\/category\/berriak\/"},"img":{"alt_text":"","src":"https:\/\/i0.wp.com\/iratiirratia.eus\/wp-content\/uploads\/2017\/12\/WhatsApp-Image-2017-12-21-at-19.33.32-1-e1514467360941.jpeg?fit=1147%2C265&ssl=1&resize=350%2C200","width":350,"height":200,"srcset":"https:\/\/i0.wp.com\/iratiirratia.eus\/wp-content\/uploads\/2017\/12\/WhatsApp-Image-2017-12-21-at-19.33.32-1-e1514467360941.jpeg?fit=1147%2C265&ssl=1&resize=350%2C200 1x, https:\/\/i0.wp.com\/iratiirratia.eus\/wp-content\/uploads\/2017\/12\/WhatsApp-Image-2017-12-21-at-19.33.32-1-e1514467360941.jpeg?fit=1147%2C265&ssl=1&resize=525%2C300 1.5x, https:\/\/i0.wp.com\/iratiirratia.eus\/wp-content\/uploads\/2017\/12\/WhatsApp-Image-2017-12-21-at-19.33.32-1-e1514467360941.jpeg?fit=1147%2C265&ssl=1&resize=700%2C400 2x, https:\/\/i0.wp.com\/iratiirratia.eus\/wp-content\/uploads\/2017\/12\/WhatsApp-Image-2017-12-21-at-19.33.32-1-e1514467360941.jpeg?fit=1147%2C265&ssl=1&resize=1050%2C600 3x"},"classes":[]},{"id":12818,"url":"https:\/\/iratiirratia.eus\/index.php\/2018\/10\/24\/esara-martxa\/","url_meta":{"origin":12323,"position":3},"title":"Esara martxa","author":"Irati Irratia","date":"24 urria, 2018","format":false,"excerpt":"Uztailean izan ginen berarekin eta oraingoan ere itzuli behar izan gara gure hurrengo gonbidatuarekin hitz egitera. Gaur, Esa urtegiaren handitzearen kontrako plataformako kidea den Iker Aramendiarekin izan gara egitura edo proiektu horren inguruko berriak ote zeuden jakiteko. Nola ez, probestu dugu galdetzeko zertan datzan igandeko martxa eta berak atsegin handiz\u2026","rel":"","context":"In &quot;Berriak&quot;","block_context":{"text":"Berriak","link":"https:\/\/iratiirratia.eus\/index.php\/category\/berriak\/"},"img":{"alt_text":"","src":"https:\/\/i0.wp.com\/iratiirratia.eus\/wp-content\/uploads\/2018\/07\/pegata2.jpg?fit=768%2C260&ssl=1&resize=350%2C200","width":350,"height":200,"srcset":"https:\/\/i0.wp.com\/iratiirratia.eus\/wp-content\/uploads\/2018\/07\/pegata2.jpg?fit=768%2C260&ssl=1&resize=350%2C200 1x, https:\/\/i0.wp.com\/iratiirratia.eus\/wp-content\/uploads\/2018\/07\/pegata2.jpg?fit=768%2C260&ssl=1&resize=525%2C300 1.5x, https:\/\/i0.wp.com\/iratiirratia.eus\/wp-content\/uploads\/2018\/07\/pegata2.jpg?fit=768%2C260&ssl=1&resize=700%2C400 2x"},"classes":[]},{"id":11618,"url":"https:\/\/iratiirratia.eus\/index.php\/2017\/12\/28\/egun-on-aunamendi-999\/","url_meta":{"origin":12323,"position":4},"title":"Egun on, Au\u00f1amendi!","author":"Irati Irratia","date":"28 abendua, 2017","format":false,"excerpt":"Gaurkoan lehenik Maite Maisterra izan dugu Garaioan egingo den San Silvestre lasterketaz hitzegiten.Bera eta gero bi astetan behin dugun kolaborazioa izan dugu, Xanti Begiristain aritu da gurekin.Manexen kontakizun berria ekarri digu, Manex eta katakumeen arteko erlazioa. Bestetik Iker Aramendia -rekin egon gara Esa + Ez plataformako kidea, Esa urtegiko egoeraz\u2026","rel":"","context":"In &quot;Egun on, Au\u00f1amendi!&quot;","block_context":{"text":"Egun on, Au\u00f1amendi!","link":"https:\/\/iratiirratia.eus\/index.php\/category\/egunon-aunamendi\/"},"img":{"alt_text":"","src":"","width":0,"height":0},"classes":[]},{"id":4306,"url":"https:\/\/iratiirratia.eus\/index.php\/2013\/11\/08\/esako-urtegia-pantano-de-yesa\/","url_meta":{"origin":12323,"position":5},"title":"Esako urtegia &#8211; Pantano de Yesa","author":"Irati Irratia","date":"8 azaroa, 2013","format":false,"excerpt":"Izenburua: Esako urtegia - Pantano de Yesa Iraupena: 0:15 ordu Klikatu hemen saioa jaisteko [audio:http:\/\/iratiirratia.net\/audio\/4ESA.mp3|titles=Egun on, Au\u00f1amendi! 13-11-08]","rel":"","context":"In &quot;Egun on, Au\u00f1amendi!&quot;","block_context":{"text":"Egun on, Au\u00f1amendi!","link":"https:\/\/iratiirratia.eus\/index.php\/category\/egunon-aunamendi\/"},"img":{"alt_text":"","src":"","width":0,"height":0},"classes":[]}],"_links":{"self":[{"href":"https:\/\/iratiirratia.eus\/index.php\/wp-json\/wp\/v2\/posts\/12323"}],"collection":[{"href":"https:\/\/iratiirratia.eus\/index.php\/wp-json\/wp\/v2\/posts"}],"about":[{"href":"https:\/\/iratiirratia.eus\/index.php\/wp-json\/wp\/v2\/types\/post"}],"author":[{"embeddable":true,"href":"https:\/\/iratiirratia.eus\/index.php\/wp-json\/wp\/v2\/users\/1"}],"replies":[{"embeddable":true,"href":"https:\/\/iratiirratia.eus\/index.php\/wp-json\/wp\/v2\/comments?post=12323"}],"version-history":[{"count":1,"href":"https:\/\/iratiirratia.eus\/index.php\/wp-json\/wp\/v2\/posts\/12323\/revisions"}],"predecessor-version":[{"id":12325,"href":"https:\/\/iratiirratia.eus\/index.php\/wp-json\/wp\/v2\/posts\/12323\/revisions\/12325"}],"wp:featuredmedia":[{"embeddable":true,"href":"https:\/\/iratiirratia.eus\/index.php\/wp-json\/wp\/v2\/media\/12324"}],"wp:attachment":[{"href":"https:\/\/iratiirratia.eus\/index.php\/wp-json\/wp\/v2\/media?parent=12323"}],"wp:term":[{"taxonomy":"category","embeddable":true,"href":"https:\/\/iratiirratia.eus\/index.php\/wp-json\/wp\/v2\/categories?post=12323"},{"taxonomy":"post_tag","embeddable":true,"href":"https:\/\/iratiirratia.eus\/index.php\/wp-json\/wp\/v2\/tags?post=12323"}],"curies":[{"name":"wp","href":"https:\/\/api.w.org\/{rel}","templated":true}]}}