{"id":12362,"date":"2018-07-13T14:25:51","date_gmt":"2018-07-13T12:25:51","guid":{"rendered":"http:\/\/iratiirratia.eus\/?p=12362"},"modified":"2018-07-13T14:25:51","modified_gmt":"2018-07-13T12:25:51","slug":"tailandia-eta-emeritua","status":"publish","type":"post","link":"https:\/\/iratiirratia.eus\/index.php\/2018\/07\/13\/tailandia-eta-emeritua\/","title":{"rendered":"Tailandia eta emeritua"},"content":{"rendered":"<p>Gaurkoan <strong>Karlos Bueno<\/strong> <em>Pato<\/em>ren kolaborazioa izan dugu, Lehoskotik atalarekin. Saio honetan Tailandiako 12 gazteen kasua ikertu dugu, Tailandiako gobernuaren zuriketa saiakera bat delakoan. Aste honetako berriek ere behartu gaituzte Juan Carlos errege emerituaren iruzurretaz hitz egitera<\/p>\n<p><a title=\"Pato\" href=\"http:\/\/iratiirratia.eus\/audio\/18-07-13Lehoskotik.mp3\" target=\"_blank\">Klikatu hemen elkarrizketa jaisteko<\/a><\/p>\n<p class=\"audioplayer_container\"><span style=\"display:block;padding:5px;border:1px solid #dddddd;background:#f8f8f8\" id=\"audioplayer_1\">Audio clip: Adobe Flash Player (version 9 or above) is required to play this audio clip. Download the latest version <a href=\"http:\/\/www.adobe.com\/shockwave\/download\/download.cgi?P1_Prod_Version=ShockwaveFlash&amp;promoid=BIOW\" title=\"Download Adobe Flash Player\">here<\/a>. You also need to have JavaScript enabled in your browser.<\/span><\/p>\n","protected":false},"excerpt":{"rendered":"<p>Gaurkoan Karlos Bueno Patoren kolaborazioa izan dugu, Lehoskotik atalarekin. Saio honetan Tailandiako 12 gazteen kasua ikertu dugu, Tailandiako gobernuaren zuriketa saiakera bat delakoan. Aste honetako berriek ere behartu gaituzte Juan Carlos errege emerituaren iruzurretaz hitz egitera Klikatu hemen elkarrizketa jaisteko [Audio clip: view full post to listen]<\/p>\n","protected":false},"author":1,"featured_media":10183,"comment_status":"open","ping_status":"open","sticky":false,"template":"","format":"standard","meta":{"jetpack_post_was_ever_published":false,"_jetpack_newsletter_access":"","_jetpack_newsletter_tier_id":0,"jetpack_publicize_message":"","jetpack_is_tweetstorm":false,"jetpack_publicize_feature_enabled":true,"jetpack_social_post_already_shared":true,"jetpack_social_options":{"image_generator_settings":{"template":"highway","enabled":false}}},"categories":[2,6,54,57],"tags":[],"jetpack_publicize_connections":[],"jetpack_featured_media_url":"https:\/\/i0.wp.com\/iratiirratia.eus\/wp-content\/uploads\/2017\/03\/lehoskotik-e1489153085464.jpg?fit=510%2C343&ssl=1","jetpack_shortlink":"https:\/\/wp.me\/p7eaXY-3do","jetpack_sharing_enabled":true,"jetpack-related-posts":[{"id":12585,"url":"https:\/\/iratiirratia.eus\/index.php\/2018\/08\/24\/maravillas-gaztetxea\/","url_meta":{"origin":12362,"position":0},"title":"Maravillas Gaztetxea","author":"Irati Irratia","date":"24 abuztua, 2018","format":false,"excerpt":"Gaurko saioan Karlos Bueno Patoren kolaborazioa izan dugu, Lehoskotik atalarekin. Saio honetan Maravillas gaztetxeko hustutzearen harira sortutakoak ikertu egin ditugu. Klikatu hemen elkarrizketa jaisteko [audio:http:\/\/iratiirratia.eus\/audio\/18-08-24Lehoskotik.mp3|titles=Pato]","rel":"","context":"In &quot;Berriak&quot;","block_context":{"text":"Berriak","link":"https:\/\/iratiirratia.eus\/index.php\/category\/berriak\/"},"img":{"alt_text":"","src":"https:\/\/i0.wp.com\/iratiirratia.eus\/wp-content\/uploads\/2017\/03\/lehoskotik-e1489153085464.jpg?fit=510%2C343&ssl=1&resize=350%2C200","width":350,"height":200},"classes":[]},{"id":5841,"url":"https:\/\/iratiirratia.eus\/index.php\/2015\/04\/23\/alderdiekin-egindako-mahai-inguruako-audioa-audio-de-la-mesa-redonda-con-los-partidos\/","url_meta":{"origin":12362,"position":1},"title":"Alderdiekin egindako mahai-inguruko audioa &#8211; Audio de la mesa redonda con los partidos","author":"Irati Irratia","date":"23 apirila, 2015","format":false,"excerpt":"Izenburua: Mahai-inguruko audioa Iraupena: 2:30 ordu Klikatu hemen saioa jaisteko [audio:http:\/\/iratiirratia.eus\/audio\/Mahai_ingurua.MP3|titles=Egun on, Au\u00f1amendi! 15-04-23]","rel":"","context":"In &quot;Egun on, Au\u00f1amendi!&quot;","block_context":{"text":"Egun on, Au\u00f1amendi!","link":"https:\/\/iratiirratia.eus\/index.php\/category\/egunon-aunamendi\/"},"img":{"alt_text":"","src":"","width":0,"height":0},"classes":[]},{"id":12636,"url":"https:\/\/iratiirratia.eus\/index.php\/2018\/09\/07\/iruneko-politika-eta-katalunia\/","url_meta":{"origin":12362,"position":2},"title":"Iru\u00f1eko politika eta Katalunia","author":"Irati Irratia","date":"7 iraila, 2018","format":false,"excerpt":"Gaurkoan, ezustean harrapatu dugu antza hala ere, Karlos Bueno Patoren kolaborazioa izan dugu, Lehoskotik atalarekin. Saio honetan Iru\u00f1eko udalaren baitan eman diren politika arazoak eta Kataluniako egoera izan dugu hizpide. Klikatu hemen elkarrizketa jaisteko [audio:http:\/\/iratiirratia.eus\/audio\/18-09-07Lehoskotik.mp3|titles=Pato]","rel":"","context":"In &quot;Berriak&quot;","block_context":{"text":"Berriak","link":"https:\/\/iratiirratia.eus\/index.php\/category\/berriak\/"},"img":{"alt_text":"","src":"https:\/\/i0.wp.com\/iratiirratia.eus\/wp-content\/uploads\/2017\/03\/lehoskotik-e1489153085464.jpg?fit=510%2C343&ssl=1&resize=350%2C200","width":350,"height":200},"classes":[]},{"id":12833,"url":"https:\/\/iratiirratia.eus\/index.php\/2018\/10\/26\/estrasburgo-altasu-eta-euskara\/","url_meta":{"origin":12362,"position":3},"title":"Estrasburgo, Altasu eta Euskara","author":"Irati Irratia","date":"26 urria, 2018","format":false,"excerpt":"Gaurkoan, aspaldiko partez, Karlos Bueno Patoren kolaborazioa izan dugu, Lehoskotik atalarekin. Aktualitateari so, gaiak soberan ziren baina azkenean Estrasburgok emandako epaiaz aritu gara lehendik. Ondoren Vox eta Ciudadanosek Altasun egin behar duten agerraldiaz ere solasteko parada izan dugu. Bukatzeko Kontseiluak deitutako mobiliazioaz aritu gara. Klikatu hemen elkarrizketa jaisteko [audio:http:\/\/iratiirratia.eus\/audio\/18-10-26Lehoskotik.mp3|titles=Pato]","rel":"","context":"In &quot;Berriak&quot;","block_context":{"text":"Berriak","link":"https:\/\/iratiirratia.eus\/index.php\/category\/berriak\/"},"img":{"alt_text":"","src":"https:\/\/i0.wp.com\/iratiirratia.eus\/wp-content\/uploads\/2017\/03\/lehoskotik-e1489153085464.jpg?fit=510%2C343&ssl=1&resize=350%2C200","width":350,"height":200},"classes":[]},{"id":12876,"url":"https:\/\/iratiirratia.eus\/index.php\/2018\/11\/09\/pirinioko-ponentzia-eta-altsasu\/","url_meta":{"origin":12362,"position":4},"title":"Pirinioko ponentzia eta Altsasu","author":"Irati Irratia","date":"9 azaroa, 2018","format":false,"excerpt":"Gaurko saioan, Karlos Bueno Patoren kolaborazioa izan dugu, Lehoskotik atalarekin. Gaurkoan atzo Parlamentuak onartutako Pirinioko Ponentziaren inguruan aritu gara. Oraindik lan asko geratzen zaigula komentatu digu, nahiz eta irteera puntu bikaina den Ponentzia. Bestetik Cs, Vox eta PPk Altsasun egindako ekitaldiaren kontrako erantzuna ekarri dugu gogora. Klikatu hemen elkarrizketa jaisteko\u2026","rel":"","context":"In &quot;Berriak&quot;","block_context":{"text":"Berriak","link":"https:\/\/iratiirratia.eus\/index.php\/category\/berriak\/"},"img":{"alt_text":"","src":"https:\/\/i0.wp.com\/iratiirratia.eus\/wp-content\/uploads\/2017\/03\/lehoskotik-e1489153085464.jpg?fit=510%2C343&ssl=1&resize=350%2C200","width":350,"height":200},"classes":[]},{"id":13332,"url":"https:\/\/iratiirratia.eus\/index.php\/2019\/03\/29\/korrika-eta-euskararen-legea\/","url_meta":{"origin":12362,"position":5},"title":"Korrika eta euskararen legea","author":"Irati Irratia","date":"29 martxoa, 2019","format":false,"excerpt":"Gaurko saioan, berriz etorri zaigu Karlos Bueno gure laguna Lehoskotik atalarekin. Saio honetan Korrikaren edizio ezberdinen errepasoa egin dugu, hainbat abesti tartekatuz. Salaketarako ere ez da unerik falta, berak aipatu du eta euskararen lege berri bat behar dugula Nafarroan. Klikatu hemen elkarrizketa jaisteko","rel":"","context":"In &quot;Berriak&quot;","block_context":{"text":"Berriak","link":"https:\/\/iratiirratia.eus\/index.php\/category\/berriak\/"},"img":{"alt_text":"","src":"https:\/\/i0.wp.com\/iratiirratia.eus\/wp-content\/uploads\/2017\/03\/lehoskotik-e1489153085464.jpg?fit=510%2C343&ssl=1&resize=350%2C200","width":350,"height":200},"classes":[]}],"_links":{"self":[{"href":"https:\/\/iratiirratia.eus\/index.php\/wp-json\/wp\/v2\/posts\/12362"}],"collection":[{"href":"https:\/\/iratiirratia.eus\/index.php\/wp-json\/wp\/v2\/posts"}],"about":[{"href":"https:\/\/iratiirratia.eus\/index.php\/wp-json\/wp\/v2\/types\/post"}],"author":[{"embeddable":true,"href":"https:\/\/iratiirratia.eus\/index.php\/wp-json\/wp\/v2\/users\/1"}],"replies":[{"embeddable":true,"href":"https:\/\/iratiirratia.eus\/index.php\/wp-json\/wp\/v2\/comments?post=12362"}],"version-history":[{"count":1,"href":"https:\/\/iratiirratia.eus\/index.php\/wp-json\/wp\/v2\/posts\/12362\/revisions"}],"predecessor-version":[{"id":12363,"href":"https:\/\/iratiirratia.eus\/index.php\/wp-json\/wp\/v2\/posts\/12362\/revisions\/12363"}],"wp:featuredmedia":[{"embeddable":true,"href":"https:\/\/iratiirratia.eus\/index.php\/wp-json\/wp\/v2\/media\/10183"}],"wp:attachment":[{"href":"https:\/\/iratiirratia.eus\/index.php\/wp-json\/wp\/v2\/media?parent=12362"}],"wp:term":[{"taxonomy":"category","embeddable":true,"href":"https:\/\/iratiirratia.eus\/index.php\/wp-json\/wp\/v2\/categories?post=12362"},{"taxonomy":"post_tag","embeddable":true,"href":"https:\/\/iratiirratia.eus\/index.php\/wp-json\/wp\/v2\/tags?post=12362"}],"curies":[{"name":"wp","href":"https:\/\/api.w.org\/{rel}","templated":true}]}}