{"id":12365,"date":"2018-07-16T14:20:43","date_gmt":"2018-07-16T12:20:43","guid":{"rendered":"http:\/\/iratiirratia.eus\/?p=12365"},"modified":"2018-07-16T14:20:43","modified_gmt":"2018-07-16T12:20:43","slug":"egun-on-aunamendi-1121","status":"publish","type":"post","link":"https:\/\/iratiirratia.eus\/index.php\/2018\/07\/16\/egun-on-aunamendi-1121\/","title":{"rendered":"Egun on, Au\u00f1amendi!"},"content":{"rendered":"<p>Gaur Garraldako bizilaguna dugun <strong>Gonzalo Santom\u00e1<\/strong>rekin aritu gara berak parte hartu duen liburuaz elekatzen. Ondoren Info 7ko lagunek Gonzalo Boye abokatuari eginiko elkarrizketa ekarri dugu Puigdemont-en egoera azaltzeko asmoz. Bukatzeko <strong>Andres Bidarte<\/strong>rekin egon gara Looping Illness eta Linfaszitisaren inguruan hitz egiten.<br \/>\nEta, nola ez, berriak, inguruko abisuak eta agenda errepasatu ditugu. Entzun!<\/p>\n<p><img data-attachment-id=\"535\" data-permalink=\"https:\/\/iratiirratia.eus\/egunon\/\" data-orig-file=\"https:\/\/i0.wp.com\/iratiirratia.eus\/wp-content\/uploads\/2011\/04\/egunon.jpg?fit=132%2C125&amp;ssl=1\" data-orig-size=\"132,125\" data-comments-opened=\"1\" data-image-meta=\"{&quot;aperture&quot;:&quot;0&quot;,&quot;credit&quot;:&quot;&quot;,&quot;camera&quot;:&quot;&quot;,&quot;caption&quot;:&quot;&quot;,&quot;created_timestamp&quot;:&quot;0&quot;,&quot;copyright&quot;:&quot;&quot;,&quot;focal_length&quot;:&quot;0&quot;,&quot;iso&quot;:&quot;0&quot;,&quot;shutter_speed&quot;:&quot;0&quot;,&quot;title&quot;:&quot;&quot;,&quot;orientation&quot;:&quot;0&quot;}\" data-image-title=\"egunon\" data-image-description=\"\" data-image-caption=\"\" data-medium-file=\"https:\/\/i0.wp.com\/iratiirratia.eus\/wp-content\/uploads\/2011\/04\/egunon.jpg?fit=132%2C125&amp;ssl=1\" data-large-file=\"https:\/\/i0.wp.com\/iratiirratia.eus\/wp-content\/uploads\/2011\/04\/egunon.jpg?fit=132%2C125&amp;ssl=1\" decoding=\"async\" loading=\"lazy\" width=\"132\" height=\"125\" class=\"size-full wp-image-535\" style=\"float: left; margin: 0; margin-right: 20px;\" title=\"egunon\" src=\"https:\/\/i0.wp.com\/iratiirratia.eus\/wp-content\/uploads\/2011\/04\/egunon.jpg?resize=132%2C125\" alt=\"Egun on, Au\u00f1amendi!\" data-recalc-dims=\"1\" \/><\/p>\n<div style=\"padding-left: 20px;\">\n<p><strong>Izenburua:<\/strong> Uztailaren 16ko saioa<\/p>\n<p><strong>Iraupena:<\/strong> 2:40 ordu<\/p>\n<p><a title=\"Uztailaren 16ko saioa\" href=\"http:\/\/iratiirratia.eus\/audio\/18-07-16.mp3\" target=\"_blank\" rel=\"noopener\">Klikatu hemen saioa jaisteko<\/a><\/p>\n<p class=\"audioplayer_container\"><span style=\"display:block;padding:5px;border:1px solid #dddddd;background:#f8f8f8\" id=\"audioplayer_1\">Audio clip: Adobe Flash Player (version 9 or above) is required to play this audio clip. Download the latest version <a href=\"http:\/\/www.adobe.com\/shockwave\/download\/download.cgi?P1_Prod_Version=ShockwaveFlash&amp;promoid=BIOW\" title=\"Download Adobe Flash Player\">here<\/a>. You also need to have JavaScript enabled in your browser.<\/span><\/p>\n<\/div>\n","protected":false},"excerpt":{"rendered":"<p>Gaur Garraldako bizilaguna dugun Gonzalo Santom\u00e1rekin aritu gara berak parte hartu duen liburuaz elekatzen. Ondoren Info 7ko lagunek Gonzalo Boye abokatuari eginiko elkarrizketa ekarri dugu Puigdemont-en egoera azaltzeko asmoz. Bukatzeko Andres Bidarterekin egon gara Looping Illness eta Linfaszitisaren inguruan hitz egiten. Eta, nola ez, berriak, inguruko abisuak eta agenda errepasatu ditugu. Entzun! Izenburua: Uztailaren 16ko [&hellip;]<\/p>\n","protected":false},"author":1,"featured_media":0,"comment_status":"open","ping_status":"open","sticky":false,"template":"","format":"standard","meta":{"jetpack_post_was_ever_published":false,"_jetpack_newsletter_access":"","_jetpack_newsletter_tier_id":0,"jetpack_publicize_message":"","jetpack_is_tweetstorm":false,"jetpack_publicize_feature_enabled":true,"jetpack_social_post_already_shared":true,"jetpack_social_options":{"image_generator_settings":{"template":"highway","enabled":false}}},"categories":[4],"tags":[],"jetpack_publicize_connections":[],"jetpack_featured_media_url":"","jetpack_shortlink":"https:\/\/wp.me\/p7eaXY-3dr","jetpack_sharing_enabled":true,"jetpack-related-posts":[{"id":12994,"url":"https:\/\/iratiirratia.eus\/index.php\/2018\/12\/18\/egun-on-aunamendi-1218\/","url_meta":{"origin":12365,"position":0},"title":"Egun on, Au\u00f1amendi !","author":"Irati Irratia","date":"18 abendua, 2018","format":false,"excerpt":"Gaurkoan, Aralar irratiko Martin Juanenarekin izan gara Larraun-Lekunberriko kronika jasotzen. Gaur migranteen eguna izanda, gai hau landu dugu. Asteburuan Bizkaiako bertso finala jokatu eta gero saio hartako audio batzuk entzuteko aukera izan dugu, Onintza Enbeitiak txapala irabazi eta gero botatako bertsoarekin tarte hau amaitu dugu. Eta, nola ez, berriak, inguruko\u2026","rel":"","context":"In &quot;Egun on, Au\u00f1amendi!&quot;","block_context":{"text":"Egun on, Au\u00f1amendi!","link":"https:\/\/iratiirratia.eus\/index.php\/category\/egunon-aunamendi\/"},"img":{"alt_text":"","src":"","width":0,"height":0},"classes":[]},{"id":5841,"url":"https:\/\/iratiirratia.eus\/index.php\/2015\/04\/23\/alderdiekin-egindako-mahai-inguruako-audioa-audio-de-la-mesa-redonda-con-los-partidos\/","url_meta":{"origin":12365,"position":1},"title":"Alderdiekin egindako mahai-inguruko audioa &#8211; Audio de la mesa redonda con los partidos","author":"Irati Irratia","date":"23 apirila, 2015","format":false,"excerpt":"Izenburua: Mahai-inguruko audioa Iraupena: 2:30 ordu Klikatu hemen saioa jaisteko [audio:http:\/\/iratiirratia.eus\/audio\/Mahai_ingurua.MP3|titles=Egun on, Au\u00f1amendi! 15-04-23]","rel":"","context":"In &quot;Egun on, Au\u00f1amendi!&quot;","block_context":{"text":"Egun on, Au\u00f1amendi!","link":"https:\/\/iratiirratia.eus\/index.php\/category\/egunon-aunamendi\/"},"img":{"alt_text":"","src":"","width":0,"height":0},"classes":[]},{"id":12367,"url":"https:\/\/iratiirratia.eus\/index.php\/2018\/07\/16\/hartzidura-eta-errezetak\/","url_meta":{"origin":12365,"position":2},"title":"Hartzidura eta errezetak","author":"Irati Irratia","date":"16 uztaila, 2018","format":false,"excerpt":"Gaurkoan Gonzalo Santom\u00e1 izan dugu gonbidatu gisa, hartziduraren inguruko liburu batean bere argazkiekin kolaboratu duena. Gonzalok ederki asko azaldu digu zer den hartzidura eta ze pausu eman behar diren hartzidura on bat lortzeko. Liburu zinez interesgarria aurkeztu diguna. Liburua erosteko: Nishime- Hartzidura errezetak Klikatu hemen elkarrizketa jaisteko [audio:http:\/\/iratiirratia.eus\/audio\/18-07-16GonzaloArtzidura.mp3|titles=Hartzidura Nishime]","rel":"","context":"In &quot;Berriak&quot;","block_context":{"text":"Berriak","link":"https:\/\/iratiirratia.eus\/index.php\/category\/berriak\/"},"img":{"alt_text":"","src":"https:\/\/i0.wp.com\/iratiirratia.eus\/wp-content\/uploads\/2018\/07\/mockup-libro-nishime-e1531744051109.png?fit=825%2C490&ssl=1&resize=350%2C200","width":350,"height":200,"srcset":"https:\/\/i0.wp.com\/iratiirratia.eus\/wp-content\/uploads\/2018\/07\/mockup-libro-nishime-e1531744051109.png?fit=825%2C490&ssl=1&resize=350%2C200 1x, https:\/\/i0.wp.com\/iratiirratia.eus\/wp-content\/uploads\/2018\/07\/mockup-libro-nishime-e1531744051109.png?fit=825%2C490&ssl=1&resize=525%2C300 1.5x, https:\/\/i0.wp.com\/iratiirratia.eus\/wp-content\/uploads\/2018\/07\/mockup-libro-nishime-e1531744051109.png?fit=825%2C490&ssl=1&resize=700%2C400 2x"},"classes":[]},{"id":15479,"url":"https:\/\/iratiirratia.eus\/index.php\/2020\/10\/30\/egun-on-aunamendi-antartika-eta-karrape-irratia\/","url_meta":{"origin":12365,"position":3},"title":"Egun On, Au\u00f1amendi! Antartika eta Karrape irratia","author":"Irati Irratia","date":"30 urria, 2020","format":false,"excerpt":"Gaurkoan Antartika AuzoLab container iniziatiba izan dugu ardatz. Honetaz solasten egon gara Karekin Kulturako Kati Leatxe eta Eutsi Pirineoko Gonzalo Celayrekin. Ondoren, Karrape irratira jo dugu Unai Zabaletaren ahotsetik bertako kronika jasotzeko Izenburua: Urriaren 28ko saioa Iraupena: 2:35 ordu Klikatu hemen saioa jaisteko [audio:http:\/\/iratiirratia.eus\/audio\/20-10-28.mp3]","rel":"","context":"In &quot;Egun on, Au\u00f1amendi!&quot;","block_context":{"text":"Egun on, Au\u00f1amendi!","link":"https:\/\/iratiirratia.eus\/index.php\/category\/egunon-aunamendi\/"},"img":{"alt_text":"","src":"","width":0,"height":0},"classes":[]},{"id":15861,"url":"https:\/\/iratiirratia.eus\/index.php\/2021\/02\/26\/egun-on-aunamendi-mikel-zabalza-auzia-eta-erronkariko-konexioa\/","url_meta":{"origin":12365,"position":4},"title":"Egun On, Au\u00f1amendi! Mikel Zabalza auzia eta Erronkariko konexioa","author":"Irati Irratia","date":"26 otsaila, 2021","format":false,"excerpt":"Atelehenean aditzera eman zituzten Mikel Zabalzaren kasuaren inguruko audio zenbait eta kalapita sortu zuten. Honen inguruan Idoia Zabaltzarekin solastu gara gaurkoan. Ondoren, Erronkarira joan gara Julian Gabasekin egotera. Izenburua: Otsailaren 26ko saioa Iraupena: 2:35 ordu Klikatu hemen saioa jaisteko [audio:http:\/\/iratiirratia.eus\/audio\/21-02-26.mp3]","rel":"","context":"In &quot;Egun on, Au\u00f1amendi!&quot;","block_context":{"text":"Egun on, Au\u00f1amendi!","link":"https:\/\/iratiirratia.eus\/index.php\/category\/egunon-aunamendi\/"},"img":{"alt_text":"","src":"","width":0,"height":0},"classes":[]},{"id":15523,"url":"https:\/\/iratiirratia.eus\/index.php\/2020\/11\/09\/egun-on-aunamendi-xorroxin-eta-euskalerria-irratira-bisita-eta-txapela-buruan-saioa\/","url_meta":{"origin":12365,"position":5},"title":"Egun On, Au\u00f1amendi! Xorroxin eta Euskalerria irratira bisita eta Txapela Buruan saioa","author":"Irati Irratia","date":"9 azaroa, 2020","format":false,"excerpt":"Gaur Hamaika telebistak egindako Txapela Buruan saioaz mintzatu gara bere azken protagonistarekin, Garraldako Gonzalo Santomarekin alegia. Ondoren, Euskalerria irratira jo dugu Haritz Pascualek bertatik kronika pasa zezan . Gaur gainera bere urtebetetzea zela eta zoriondu dugu. Bukatzeko, Xorroxin irratira jo dugu eta bertatik Julen Zelaietak pasa digu Baztan-Bortzirietako kronika. Izenburua:\u2026","rel":"","context":"In &quot;Egun on, Au\u00f1amendi!&quot;","block_context":{"text":"Egun on, Au\u00f1amendi!","link":"https:\/\/iratiirratia.eus\/index.php\/category\/egunon-aunamendi\/"},"img":{"alt_text":"","src":"","width":0,"height":0},"classes":[]}],"_links":{"self":[{"href":"https:\/\/iratiirratia.eus\/index.php\/wp-json\/wp\/v2\/posts\/12365"}],"collection":[{"href":"https:\/\/iratiirratia.eus\/index.php\/wp-json\/wp\/v2\/posts"}],"about":[{"href":"https:\/\/iratiirratia.eus\/index.php\/wp-json\/wp\/v2\/types\/post"}],"author":[{"embeddable":true,"href":"https:\/\/iratiirratia.eus\/index.php\/wp-json\/wp\/v2\/users\/1"}],"replies":[{"embeddable":true,"href":"https:\/\/iratiirratia.eus\/index.php\/wp-json\/wp\/v2\/comments?post=12365"}],"version-history":[{"count":1,"href":"https:\/\/iratiirratia.eus\/index.php\/wp-json\/wp\/v2\/posts\/12365\/revisions"}],"predecessor-version":[{"id":12366,"href":"https:\/\/iratiirratia.eus\/index.php\/wp-json\/wp\/v2\/posts\/12365\/revisions\/12366"}],"wp:attachment":[{"href":"https:\/\/iratiirratia.eus\/index.php\/wp-json\/wp\/v2\/media?parent=12365"}],"wp:term":[{"taxonomy":"category","embeddable":true,"href":"https:\/\/iratiirratia.eus\/index.php\/wp-json\/wp\/v2\/categories?post=12365"},{"taxonomy":"post_tag","embeddable":true,"href":"https:\/\/iratiirratia.eus\/index.php\/wp-json\/wp\/v2\/tags?post=12365"}],"curies":[{"name":"wp","href":"https:\/\/api.w.org\/{rel}","templated":true}]}}