{"id":12370,"date":"2018-07-17T14:14:31","date_gmt":"2018-07-17T12:14:31","guid":{"rendered":"http:\/\/iratiirratia.eus\/?p=12370"},"modified":"2018-07-17T14:14:31","modified_gmt":"2018-07-17T12:14:31","slug":"egun-on-aunamendi-1122","status":"publish","type":"post","link":"https:\/\/iratiirratia.eus\/index.php\/2018\/07\/17\/egun-on-aunamendi-1122\/","title":{"rendered":"Egun on, Au\u00f1amendi!"},"content":{"rendered":"<p>Gaurkooan lehenik Bizirik Gaude ekimeneko <strong>Rita Labiano<\/strong> izan dugu larunbateko merkadilloaz hitzegiten. Gero Aralar irratiko <strong>Martin Juanena<\/strong>rekin hasi gara hango berriak jasotzen. Ondoren Asteburuko Hots eta ahotsen errepasoa egin dugu. Bukatzeko Elhuyar fundazioaren Quark saioa izan dugu Surfaz eta olatuen energiaz hitz egiten.<br \/>\nEta, nola ez, berriak, inguruko abisuak eta agenda errepasatu ditugu. Entzun!<\/p>\n<p><img data-attachment-id=\"535\" data-permalink=\"https:\/\/iratiirratia.eus\/egunon\/\" data-orig-file=\"https:\/\/i0.wp.com\/iratiirratia.eus\/wp-content\/uploads\/2011\/04\/egunon.jpg?fit=132%2C125&amp;ssl=1\" data-orig-size=\"132,125\" data-comments-opened=\"1\" data-image-meta=\"{&quot;aperture&quot;:&quot;0&quot;,&quot;credit&quot;:&quot;&quot;,&quot;camera&quot;:&quot;&quot;,&quot;caption&quot;:&quot;&quot;,&quot;created_timestamp&quot;:&quot;0&quot;,&quot;copyright&quot;:&quot;&quot;,&quot;focal_length&quot;:&quot;0&quot;,&quot;iso&quot;:&quot;0&quot;,&quot;shutter_speed&quot;:&quot;0&quot;,&quot;title&quot;:&quot;&quot;,&quot;orientation&quot;:&quot;0&quot;}\" data-image-title=\"egunon\" data-image-description=\"\" data-image-caption=\"\" data-medium-file=\"https:\/\/i0.wp.com\/iratiirratia.eus\/wp-content\/uploads\/2011\/04\/egunon.jpg?fit=132%2C125&amp;ssl=1\" data-large-file=\"https:\/\/i0.wp.com\/iratiirratia.eus\/wp-content\/uploads\/2011\/04\/egunon.jpg?fit=132%2C125&amp;ssl=1\" decoding=\"async\" loading=\"lazy\" width=\"132\" height=\"125\" class=\"size-full wp-image-535\" style=\"float: left; margin: 0; margin-right: 20px;\" title=\"egunon\" src=\"https:\/\/i0.wp.com\/iratiirratia.eus\/wp-content\/uploads\/2011\/04\/egunon.jpg?resize=132%2C125\" alt=\"Egun on, Au\u00f1amendi!\" data-recalc-dims=\"1\" \/><\/p>\n<div style=\"padding-left: 20px;\">\n<p><strong>Izenburua:<\/strong> Uztailaren 17ko saioa<\/p>\n<p><strong>Iraupena:<\/strong> 2:40 ordu<\/p>\n<p><a title=\"Uztailaren 17ko saioa\" href=\"http:\/\/iratiirratia.eus\/audio\/18-07-17.mp3\" target=\"_blank\">Klikatu hemen saioa jaisteko<\/a><\/p>\n<p class=\"audioplayer_container\"><span style=\"display:block;padding:5px;border:1px solid #dddddd;background:#f8f8f8\" id=\"audioplayer_1\">Audio clip: Adobe Flash Player (version 9 or above) is required to play this audio clip. Download the latest version <a href=\"http:\/\/www.adobe.com\/shockwave\/download\/download.cgi?P1_Prod_Version=ShockwaveFlash&amp;promoid=BIOW\" title=\"Download Adobe Flash Player\">here<\/a>. You also need to have JavaScript enabled in your browser.<\/span><\/p>\n","protected":false},"excerpt":{"rendered":"<p>Gaurkooan lehenik Bizirik Gaude ekimeneko Rita Labiano izan dugu larunbateko merkadilloaz hitzegiten. Gero Aralar irratiko Martin Juanenarekin hasi gara hango berriak jasotzen. Ondoren Asteburuko Hots eta ahotsen errepasoa egin dugu. Bukatzeko Elhuyar fundazioaren Quark saioa izan dugu Surfaz eta olatuen energiaz hitz egiten. Eta, nola ez, berriak, inguruko abisuak eta agenda errepasatu ditugu. Entzun! Izenburua: [&hellip;]<\/p>\n","protected":false},"author":1,"featured_media":0,"comment_status":"open","ping_status":"open","sticky":false,"template":"","format":"standard","meta":{"jetpack_post_was_ever_published":false,"_jetpack_newsletter_access":"","_jetpack_newsletter_tier_id":0,"jetpack_publicize_message":"","jetpack_is_tweetstorm":false,"jetpack_publicize_feature_enabled":true,"jetpack_social_post_already_shared":true,"jetpack_social_options":{"image_generator_settings":{"template":"highway","enabled":false}}},"categories":[4],"tags":[],"jetpack_publicize_connections":[],"jetpack_featured_media_url":"","jetpack_shortlink":"https:\/\/wp.me\/p7eaXY-3dw","jetpack_sharing_enabled":true,"jetpack-related-posts":[{"id":12994,"url":"https:\/\/iratiirratia.eus\/index.php\/2018\/12\/18\/egun-on-aunamendi-1218\/","url_meta":{"origin":12370,"position":0},"title":"Egun on, Au\u00f1amendi !","author":"Irati Irratia","date":"18 abendua, 2018","format":false,"excerpt":"Gaurkoan, Aralar irratiko Martin Juanenarekin izan gara Larraun-Lekunberriko kronika jasotzen. Gaur migranteen eguna izanda, gai hau landu dugu. Asteburuan Bizkaiako bertso finala jokatu eta gero saio hartako audio batzuk entzuteko aukera izan dugu, Onintza Enbeitiak txapala irabazi eta gero botatako bertsoarekin tarte hau amaitu dugu. Eta, nola ez, berriak, inguruko\u2026","rel":"","context":"In &quot;Egun on, Au\u00f1amendi!&quot;","block_context":{"text":"Egun on, Au\u00f1amendi!","link":"https:\/\/iratiirratia.eus\/index.php\/category\/egunon-aunamendi\/"},"img":{"alt_text":"","src":"","width":0,"height":0},"classes":[]},{"id":12327,"url":"https:\/\/iratiirratia.eus\/index.php\/2018\/07\/05\/egun-on-aunamendi-18-07-03\/","url_meta":{"origin":12370,"position":1},"title":"Egun on, Au\u00f1amendi! (18-07-03)","author":"Irati Irratia","date":"5 uztaila, 2018","format":false,"excerpt":"Gaurko saioan Joseba Compains Kalera kalera dinamikako kidea izan dugu, 4ko mobilizazioaz mintzatzen. Bukatzeko Elhuyar fundazioaren Quark saioa izan dugu surfaz eta olatuen energiaz hitz egiten. Eta, nola ez, berriak, inguruko abisuak eta agenda errepasatu ditugu. Entzun! Izenburua: Uztailaren 3ko saioa Iraupena: 2:30 ordu Klikatu hemen saioa jaisteko [audio:http:\/\/iratiirratia.eus\/audio\/18-07-03.mp3|titles=Egun on,\u2026","rel":"","context":"In &quot;Egun on, Au\u00f1amendi!&quot;","block_context":{"text":"Egun on, Au\u00f1amendi!","link":"https:\/\/iratiirratia.eus\/index.php\/category\/egunon-aunamendi\/"},"img":{"alt_text":"","src":"","width":0,"height":0},"classes":[]},{"id":5841,"url":"https:\/\/iratiirratia.eus\/index.php\/2015\/04\/23\/alderdiekin-egindako-mahai-inguruako-audioa-audio-de-la-mesa-redonda-con-los-partidos\/","url_meta":{"origin":12370,"position":2},"title":"Alderdiekin egindako mahai-inguruko audioa &#8211; Audio de la mesa redonda con los partidos","author":"Irati Irratia","date":"23 apirila, 2015","format":false,"excerpt":"Izenburua: Mahai-inguruko audioa Iraupena: 2:30 ordu Klikatu hemen saioa jaisteko [audio:http:\/\/iratiirratia.eus\/audio\/Mahai_ingurua.MP3|titles=Egun on, Au\u00f1amendi! 15-04-23]","rel":"","context":"In &quot;Egun on, Au\u00f1amendi!&quot;","block_context":{"text":"Egun on, Au\u00f1amendi!","link":"https:\/\/iratiirratia.eus\/index.php\/category\/egunon-aunamendi\/"},"img":{"alt_text":"","src":"","width":0,"height":0},"classes":[]},{"id":5115,"url":"https:\/\/iratiirratia.eus\/index.php\/2014\/07\/18\/hitzaldi-zikloa\/","url_meta":{"origin":12370,"position":3},"title":"Orreaga 778, hitzaldi zikloa","author":"Irati Irratia","date":"18 uztaila, 2014","format":false,"excerpt":"Izenburua: Hitzaldi zikloa Iraupena: 0:10 min Klikatu hemen saioa jaisteko [audio:http:\/\/iratiirratia.net\/audio\/5hitzaldi_zikloa.mp3|titles=Egun on, Au\u00f1amendi! 14-07-18]","rel":"","context":"In &quot;Egun on, Au\u00f1amendi!&quot;","block_context":{"text":"Egun on, Au\u00f1amendi!","link":"https:\/\/iratiirratia.eus\/index.php\/category\/egunon-aunamendi\/"},"img":{"alt_text":"","src":"","width":0,"height":0},"classes":[]},{"id":13661,"url":"https:\/\/iratiirratia.eus\/index.php\/2019\/07\/17\/egun-on-aunamendi-1337\/","url_meta":{"origin":12370,"position":4},"title":"Egun on, Au\u00f1amendi!","author":"Irati Irratia","date":"17 uztaila, 2019","format":false,"excerpt":"Gaur, saio hasteko Jose Ignacio Ubauren elikaduraren oinarriei buruzko kolaborazioa berreskuratu dugu. Ondoren Karrape Irratira joan gara Unai Zabaletarekin egotera. Bukatzeko Elhuyar fundazioko Quark saioa izan dugu zulo beltzen inguruan mintzatzen.Eta nola ez eguneko berriak, eguraldia eta agenda errepasatu ditugu!Entzun! Izenburua: Uztailaren 17ko saioa Iraupena: 2:40 ordu Klikatu hemen saioa\u2026","rel":"","context":"In &quot;Egun on, Au\u00f1amendi!&quot;","block_context":{"text":"Egun on, Au\u00f1amendi!","link":"https:\/\/iratiirratia.eus\/index.php\/category\/egunon-aunamendi\/"},"img":{"alt_text":"","src":"","width":0,"height":0},"classes":[]},{"id":13657,"url":"https:\/\/iratiirratia.eus\/index.php\/2019\/07\/17\/egun-on-aunamendi-1336\/","url_meta":{"origin":12370,"position":5},"title":"Egun on, Au\u00f1amendi!","author":"Irati Irratia","date":"17 uztaila, 2019","format":false,"excerpt":"Gaurko saioa hasteko, Karlos Buenoren kolaborazioa izan dugu. Aldaketaz eta desaldaketaz aritu gara baita Sanferminen inguruan ere. Bukatzeko Julian Gabas bisitatzera joan gara Erronkariko kronika jasotzera. Eta, nola ez, berriak, eguraldia, agenda eta zine estreinaldiak errepasatu ditugu. Entzun! Izenburua: Uztailaren 12ko saioa Iraupena: 2:45 ordu Klikatu hemen saioa jaisteko [audio:http:\/\/iratiirratia.eus\/audio\/19-07-12.mp3|titles=Egun\u2026","rel":"","context":"In &quot;Egun on, Au\u00f1amendi!&quot;","block_context":{"text":"Egun on, Au\u00f1amendi!","link":"https:\/\/iratiirratia.eus\/index.php\/category\/egunon-aunamendi\/"},"img":{"alt_text":"","src":"","width":0,"height":0},"classes":[]}],"_links":{"self":[{"href":"https:\/\/iratiirratia.eus\/index.php\/wp-json\/wp\/v2\/posts\/12370"}],"collection":[{"href":"https:\/\/iratiirratia.eus\/index.php\/wp-json\/wp\/v2\/posts"}],"about":[{"href":"https:\/\/iratiirratia.eus\/index.php\/wp-json\/wp\/v2\/types\/post"}],"author":[{"embeddable":true,"href":"https:\/\/iratiirratia.eus\/index.php\/wp-json\/wp\/v2\/users\/1"}],"replies":[{"embeddable":true,"href":"https:\/\/iratiirratia.eus\/index.php\/wp-json\/wp\/v2\/comments?post=12370"}],"version-history":[{"count":1,"href":"https:\/\/iratiirratia.eus\/index.php\/wp-json\/wp\/v2\/posts\/12370\/revisions"}],"predecessor-version":[{"id":12371,"href":"https:\/\/iratiirratia.eus\/index.php\/wp-json\/wp\/v2\/posts\/12370\/revisions\/12371"}],"wp:attachment":[{"href":"https:\/\/iratiirratia.eus\/index.php\/wp-json\/wp\/v2\/media?parent=12370"}],"wp:term":[{"taxonomy":"category","embeddable":true,"href":"https:\/\/iratiirratia.eus\/index.php\/wp-json\/wp\/v2\/categories?post=12370"},{"taxonomy":"post_tag","embeddable":true,"href":"https:\/\/iratiirratia.eus\/index.php\/wp-json\/wp\/v2\/tags?post=12370"}],"curies":[{"name":"wp","href":"https:\/\/api.w.org\/{rel}","templated":true}]}}