{"id":12376,"date":"2018-07-19T09:20:26","date_gmt":"2018-07-19T07:20:26","guid":{"rendered":"http:\/\/iratiirratia.eus\/?p=12376"},"modified":"2018-07-19T09:20:26","modified_gmt":"2018-07-19T07:20:26","slug":"egun-on-aunamendi-1123","status":"publish","type":"post","link":"https:\/\/iratiirratia.eus\/index.php\/2018\/07\/19\/egun-on-aunamendi-1123\/","title":{"rendered":"Egun on, Au\u00f1amendi!"},"content":{"rendered":"<p>Gaurkoan <strong>Carmen Urs\u00faa<\/strong> izan dugu Infraestruktura berdeen inguruko lan saio parte-hartzaileen inguruan solasten. Gero <strong>Katixa Zabalza<\/strong> eta <strong>Elena Dufur<\/strong> izan ditugu Mezkiritzen aurrera eramango diren margo tailerren inguruan elekatzen. Bukatzeko Info 7 irratiko lagunek Ana Altunari, Ongi Etorri errefuxiatuak dinamikako kideari eginiko elkarrizketa ekarri dugu Italiara antolatutako martxaren ingurukoa. Entzun!<\/p>\n<p><img data-attachment-id=\"535\" data-permalink=\"https:\/\/iratiirratia.eus\/egunon\/\" data-orig-file=\"https:\/\/i0.wp.com\/iratiirratia.eus\/wp-content\/uploads\/2011\/04\/egunon.jpg?fit=132%2C125&amp;ssl=1\" data-orig-size=\"132,125\" data-comments-opened=\"1\" data-image-meta=\"{&quot;aperture&quot;:&quot;0&quot;,&quot;credit&quot;:&quot;&quot;,&quot;camera&quot;:&quot;&quot;,&quot;caption&quot;:&quot;&quot;,&quot;created_timestamp&quot;:&quot;0&quot;,&quot;copyright&quot;:&quot;&quot;,&quot;focal_length&quot;:&quot;0&quot;,&quot;iso&quot;:&quot;0&quot;,&quot;shutter_speed&quot;:&quot;0&quot;,&quot;title&quot;:&quot;&quot;,&quot;orientation&quot;:&quot;0&quot;}\" data-image-title=\"egunon\" data-image-description=\"\" data-image-caption=\"\" data-medium-file=\"https:\/\/i0.wp.com\/iratiirratia.eus\/wp-content\/uploads\/2011\/04\/egunon.jpg?fit=132%2C125&amp;ssl=1\" data-large-file=\"https:\/\/i0.wp.com\/iratiirratia.eus\/wp-content\/uploads\/2011\/04\/egunon.jpg?fit=132%2C125&amp;ssl=1\" decoding=\"async\" loading=\"lazy\" width=\"132\" height=\"125\" class=\"size-full wp-image-535\" style=\"float: left; margin: 0; margin-right: 20px;\" title=\"egunon\" src=\"https:\/\/i0.wp.com\/iratiirratia.eus\/wp-content\/uploads\/2011\/04\/egunon.jpg?resize=132%2C125\" alt=\"Egun on, Au\u00f1amendi!\" data-recalc-dims=\"1\" \/><\/p>\n<div style=\"padding-left: 20px;\">\n<p><strong>Izenburua:<\/strong> Uztailaren 18ko saioa<\/p>\n<p><strong>Iraupena:<\/strong> 2:40 ordu<\/p>\n<p><a title=\"Uztailaren 18ko saioa\" href=\"http:\/\/iratiirratia.eus\/audio\/18-07-18.mp3\" target=\"_blank\">Klikatu hemen saioa jaisteko<\/a><\/p>\n<p class=\"audioplayer_container\"><span style=\"display:block;padding:5px;border:1px solid #dddddd;background:#f8f8f8\" id=\"audioplayer_1\">Audio clip: Adobe Flash Player (version 9 or above) is required to play this audio clip. Download the latest version <a href=\"http:\/\/www.adobe.com\/shockwave\/download\/download.cgi?P1_Prod_Version=ShockwaveFlash&amp;promoid=BIOW\" title=\"Download Adobe Flash Player\">here<\/a>. You also need to have JavaScript enabled in your browser.<\/span><\/p>\n","protected":false},"excerpt":{"rendered":"<p>Gaurkoan Carmen Urs\u00faa izan dugu Infraestruktura berdeen inguruko lan saio parte-hartzaileen inguruan solasten. Gero Katixa Zabalza eta Elena Dufur izan ditugu Mezkiritzen aurrera eramango diren margo tailerren inguruan elekatzen. Bukatzeko Info 7 irratiko lagunek Ana Altunari, Ongi Etorri errefuxiatuak dinamikako kideari eginiko elkarrizketa ekarri dugu Italiara antolatutako martxaren ingurukoa. Entzun! Izenburua: Uztailaren 18ko saioa Iraupena: [&hellip;]<\/p>\n","protected":false},"author":1,"featured_media":0,"comment_status":"open","ping_status":"open","sticky":false,"template":"","format":"standard","meta":{"jetpack_post_was_ever_published":false,"_jetpack_newsletter_access":"","_jetpack_newsletter_tier_id":0,"jetpack_publicize_message":"","jetpack_is_tweetstorm":false,"jetpack_publicize_feature_enabled":true,"jetpack_social_post_already_shared":true,"jetpack_social_options":{"image_generator_settings":{"template":"highway","enabled":false}}},"categories":[4],"tags":[],"jetpack_publicize_connections":[],"jetpack_featured_media_url":"","jetpack_shortlink":"https:\/\/wp.me\/p7eaXY-3dC","jetpack_sharing_enabled":true,"jetpack-related-posts":[{"id":12994,"url":"https:\/\/iratiirratia.eus\/index.php\/2018\/12\/18\/egun-on-aunamendi-1218\/","url_meta":{"origin":12376,"position":0},"title":"Egun on, Au\u00f1amendi !","author":"Irati Irratia","date":"18 abendua, 2018","format":false,"excerpt":"Gaurkoan, Aralar irratiko Martin Juanenarekin izan gara Larraun-Lekunberriko kronika jasotzen. Gaur migranteen eguna izanda, gai hau landu dugu. Asteburuan Bizkaiako bertso finala jokatu eta gero saio hartako audio batzuk entzuteko aukera izan dugu, Onintza Enbeitiak txapala irabazi eta gero botatako bertsoarekin tarte hau amaitu dugu. Eta, nola ez, berriak, inguruko\u2026","rel":"","context":"In &quot;Egun on, Au\u00f1amendi!&quot;","block_context":{"text":"Egun on, Au\u00f1amendi!","link":"https:\/\/iratiirratia.eus\/index.php\/category\/egunon-aunamendi\/"},"img":{"alt_text":"","src":"","width":0,"height":0},"classes":[]},{"id":12327,"url":"https:\/\/iratiirratia.eus\/index.php\/2018\/07\/05\/egun-on-aunamendi-18-07-03\/","url_meta":{"origin":12376,"position":1},"title":"Egun on, Au\u00f1amendi! (18-07-03)","author":"Irati Irratia","date":"5 uztaila, 2018","format":false,"excerpt":"Gaurko saioan Joseba Compains Kalera kalera dinamikako kidea izan dugu, 4ko mobilizazioaz mintzatzen. Bukatzeko Elhuyar fundazioaren Quark saioa izan dugu surfaz eta olatuen energiaz hitz egiten. Eta, nola ez, berriak, inguruko abisuak eta agenda errepasatu ditugu. Entzun! Izenburua: Uztailaren 3ko saioa Iraupena: 2:30 ordu Klikatu hemen saioa jaisteko [audio:http:\/\/iratiirratia.eus\/audio\/18-07-03.mp3|titles=Egun on,\u2026","rel":"","context":"In &quot;Egun on, Au\u00f1amendi!&quot;","block_context":{"text":"Egun on, Au\u00f1amendi!","link":"https:\/\/iratiirratia.eus\/index.php\/category\/egunon-aunamendi\/"},"img":{"alt_text":"","src":"","width":0,"height":0},"classes":[]},{"id":5841,"url":"https:\/\/iratiirratia.eus\/index.php\/2015\/04\/23\/alderdiekin-egindako-mahai-inguruako-audioa-audio-de-la-mesa-redonda-con-los-partidos\/","url_meta":{"origin":12376,"position":2},"title":"Alderdiekin egindako mahai-inguruko audioa &#8211; Audio de la mesa redonda con los partidos","author":"Irati Irratia","date":"23 apirila, 2015","format":false,"excerpt":"Izenburua: Mahai-inguruko audioa Iraupena: 2:30 ordu Klikatu hemen saioa jaisteko [audio:http:\/\/iratiirratia.eus\/audio\/Mahai_ingurua.MP3|titles=Egun on, Au\u00f1amendi! 15-04-23]","rel":"","context":"In &quot;Egun on, Au\u00f1amendi!&quot;","block_context":{"text":"Egun on, Au\u00f1amendi!","link":"https:\/\/iratiirratia.eus\/index.php\/category\/egunon-aunamendi\/"},"img":{"alt_text":"","src":"","width":0,"height":0},"classes":[]},{"id":9105,"url":"https:\/\/iratiirratia.eus\/index.php\/2016\/07\/18\/egun-on-aunamendi-669\/","url_meta":{"origin":12376,"position":3},"title":"Egun on, Au\u00f1amendi!","author":"Irati Irratia","date":"18 uztaila, 2016","format":false,"excerpt":"Ostiralean ireki zituen ateak Oroz Beteluko Zaldu jatetxeak. I\u00f1aki San Miguel Sadaba jabea ezagutu dugu. Astero bezala, Andres Bidartek hainbat gomendio eman dizkigu. Iru\u00f1etik Euskalerria irratiko Maialen Huarte aritu zaigu, azken berriak eta agenda errepasatu ditugu harekin. Xorroxin irratian ere izan gara, Baztandarren Biltzarraren berri zian dugu, besteak beste. Eta,\u2026","rel":"","context":"In &quot;Egun on, Au\u00f1amendi!&quot;","block_context":{"text":"Egun on, Au\u00f1amendi!","link":"https:\/\/iratiirratia.eus\/index.php\/category\/egunon-aunamendi\/"},"img":{"alt_text":"","src":"","width":0,"height":0},"classes":[]},{"id":4007,"url":"https:\/\/iratiirratia.eus\/index.php\/2013\/07\/18\/egun-on-aunamendi-97\/","url_meta":{"origin":12376,"position":4},"title":"Egun on, Au\u00f1amendi!","author":"Irati Irratia","date":"18 uztaila, 2013","format":false,"excerpt":"Izenburua: Uztailaren 18ko saioa Iraupena: 2:50ordu Klikatu hemen saioa jaisteko [audio:http:\/\/iratiirratia.net\/audio\/13-07-18.mp3|titles=Egunon Au\u00f1amendi! 13-07-18]","rel":"","context":"In &quot;Egun on, Au\u00f1amendi!&quot;","block_context":{"text":"Egun on, Au\u00f1amendi!","link":"https:\/\/iratiirratia.eus\/index.php\/category\/egunon-aunamendi\/"},"img":{"alt_text":"","src":"","width":0,"height":0},"classes":[]},{"id":5118,"url":"https:\/\/iratiirratia.eus\/index.php\/2014\/07\/18\/egun-on-aunamendi-274\/","url_meta":{"origin":12376,"position":5},"title":"Egun on, Au\u00f1amendi!","author":"Irati Irratia","date":"18 uztaila, 2014","format":false,"excerpt":"Izenburua: Uztailaren 18ko saioa Iraupena: 2:30 ordu Klikatu hemen saioa jaisteko [audio:http:\/\/iratiirratia.net\/audio\/14-07-18.mp3|titles=Egun on, Au\u00f1amendi! 14-07-18]","rel":"","context":"In &quot;Egun on, Au\u00f1amendi!&quot;","block_context":{"text":"Egun on, Au\u00f1amendi!","link":"https:\/\/iratiirratia.eus\/index.php\/category\/egunon-aunamendi\/"},"img":{"alt_text":"","src":"","width":0,"height":0},"classes":[]}],"_links":{"self":[{"href":"https:\/\/iratiirratia.eus\/index.php\/wp-json\/wp\/v2\/posts\/12376"}],"collection":[{"href":"https:\/\/iratiirratia.eus\/index.php\/wp-json\/wp\/v2\/posts"}],"about":[{"href":"https:\/\/iratiirratia.eus\/index.php\/wp-json\/wp\/v2\/types\/post"}],"author":[{"embeddable":true,"href":"https:\/\/iratiirratia.eus\/index.php\/wp-json\/wp\/v2\/users\/1"}],"replies":[{"embeddable":true,"href":"https:\/\/iratiirratia.eus\/index.php\/wp-json\/wp\/v2\/comments?post=12376"}],"version-history":[{"count":1,"href":"https:\/\/iratiirratia.eus\/index.php\/wp-json\/wp\/v2\/posts\/12376\/revisions"}],"predecessor-version":[{"id":12377,"href":"https:\/\/iratiirratia.eus\/index.php\/wp-json\/wp\/v2\/posts\/12376\/revisions\/12377"}],"wp:attachment":[{"href":"https:\/\/iratiirratia.eus\/index.php\/wp-json\/wp\/v2\/media?parent=12376"}],"wp:term":[{"taxonomy":"category","embeddable":true,"href":"https:\/\/iratiirratia.eus\/index.php\/wp-json\/wp\/v2\/categories?post=12376"},{"taxonomy":"post_tag","embeddable":true,"href":"https:\/\/iratiirratia.eus\/index.php\/wp-json\/wp\/v2\/tags?post=12376"}],"curies":[{"name":"wp","href":"https:\/\/api.w.org\/{rel}","templated":true}]}}