{"id":12385,"date":"2018-07-19T14:37:50","date_gmt":"2018-07-19T12:37:50","guid":{"rendered":"http:\/\/iratiirratia.eus\/?p=12385"},"modified":"2018-07-19T14:37:50","modified_gmt":"2018-07-19T12:37:50","slug":"egun-on-aunamendi-1124","status":"publish","type":"post","link":"https:\/\/iratiirratia.eus\/index.php\/2018\/07\/19\/egun-on-aunamendi-1124\/","title":{"rendered":"Egun on, Au\u00f1amendi!"},"content":{"rendered":"<p>Gaurko saioan <strong>Iurre Bidegain<\/strong> luzaideko bizilaguna izan dugu Luzaideko bestetako programa arakatzen eta azaltzen. Ondoren <strong>Mari Mar Agos<\/strong> izan dugu bere kolaborazioarekin, Landarteren inguruko azken berriekin. Bukatzeko <strong>Idoia Zabalza<\/strong> izan dugu Euskarabentura dinamikaren inguruan solasten.<br \/>\nEta, nola ez, berriak, inguruko abisuak eta agenda errepasatu ditugu. Entzun!<\/p>\n<p><img data-attachment-id=\"535\" data-permalink=\"https:\/\/iratiirratia.eus\/egunon\/\" data-orig-file=\"https:\/\/i0.wp.com\/iratiirratia.eus\/wp-content\/uploads\/2011\/04\/egunon.jpg?fit=132%2C125&amp;ssl=1\" data-orig-size=\"132,125\" data-comments-opened=\"1\" data-image-meta=\"{&quot;aperture&quot;:&quot;0&quot;,&quot;credit&quot;:&quot;&quot;,&quot;camera&quot;:&quot;&quot;,&quot;caption&quot;:&quot;&quot;,&quot;created_timestamp&quot;:&quot;0&quot;,&quot;copyright&quot;:&quot;&quot;,&quot;focal_length&quot;:&quot;0&quot;,&quot;iso&quot;:&quot;0&quot;,&quot;shutter_speed&quot;:&quot;0&quot;,&quot;title&quot;:&quot;&quot;,&quot;orientation&quot;:&quot;0&quot;}\" data-image-title=\"egunon\" data-image-description=\"\" data-image-caption=\"\" data-medium-file=\"https:\/\/i0.wp.com\/iratiirratia.eus\/wp-content\/uploads\/2011\/04\/egunon.jpg?fit=132%2C125&amp;ssl=1\" data-large-file=\"https:\/\/i0.wp.com\/iratiirratia.eus\/wp-content\/uploads\/2011\/04\/egunon.jpg?fit=132%2C125&amp;ssl=1\" decoding=\"async\" loading=\"lazy\" width=\"132\" height=\"125\" class=\"size-full wp-image-535\" style=\"float: left; margin: 0; margin-right: 20px;\" title=\"egunon\" src=\"https:\/\/i0.wp.com\/iratiirratia.eus\/wp-content\/uploads\/2011\/04\/egunon.jpg?resize=132%2C125\" alt=\"Egun on, Au\u00f1amendi!\" data-recalc-dims=\"1\" \/><\/p>\n<div style=\"padding-left: 20px;\">\n<p><strong>Izenburua:<\/strong> Uztailaren 19ko saioa<\/p>\n<p><strong>Iraupena:<\/strong> 2:45 ordu<\/p>\n<p><a title=\"Uztailaren 19ko saioa\" href=\"http:\/\/iratiirratia.eus\/audio\/18-07-19.mp3\" target=\"_blank\" rel=\"noopener\">Klikatu hemen saioa jaisteko<\/a><\/p>\n<p class=\"audioplayer_container\"><span style=\"display:block;padding:5px;border:1px solid #dddddd;background:#f8f8f8\" id=\"audioplayer_1\">Audio clip: Adobe Flash Player (version 9 or above) is required to play this audio clip. Download the latest version <a href=\"http:\/\/www.adobe.com\/shockwave\/download\/download.cgi?P1_Prod_Version=ShockwaveFlash&amp;promoid=BIOW\" title=\"Download Adobe Flash Player\">here<\/a>. You also need to have JavaScript enabled in your browser.<\/span><\/p>\n<\/div>\n","protected":false},"excerpt":{"rendered":"<p>Gaurko saioan Iurre Bidegain luzaideko bizilaguna izan dugu Luzaideko bestetako programa arakatzen eta azaltzen. Ondoren Mari Mar Agos izan dugu bere kolaborazioarekin, Landarteren inguruko azken berriekin. Bukatzeko Idoia Zabalza izan dugu Euskarabentura dinamikaren inguruan solasten. Eta, nola ez, berriak, inguruko abisuak eta agenda errepasatu ditugu. Entzun! Izenburua: Uztailaren 19ko saioa Iraupena: 2:45 ordu Klikatu hemen [&hellip;]<\/p>\n","protected":false},"author":1,"featured_media":0,"comment_status":"open","ping_status":"open","sticky":false,"template":"","format":"standard","meta":{"jetpack_post_was_ever_published":false,"_jetpack_newsletter_access":"","_jetpack_newsletter_tier_id":0,"jetpack_publicize_message":"","jetpack_is_tweetstorm":false,"jetpack_publicize_feature_enabled":true,"jetpack_social_post_already_shared":true,"jetpack_social_options":{"image_generator_settings":{"template":"highway","enabled":false}}},"categories":[4],"tags":[],"jetpack_publicize_connections":[],"jetpack_featured_media_url":"","jetpack_shortlink":"https:\/\/wp.me\/p7eaXY-3dL","jetpack_sharing_enabled":true,"jetpack-related-posts":[{"id":12994,"url":"https:\/\/iratiirratia.eus\/index.php\/2018\/12\/18\/egun-on-aunamendi-1218\/","url_meta":{"origin":12385,"position":0},"title":"Egun on, Au\u00f1amendi !","author":"Irati Irratia","date":"18 abendua, 2018","format":false,"excerpt":"Gaurkoan, Aralar irratiko Martin Juanenarekin izan gara Larraun-Lekunberriko kronika jasotzen. Gaur migranteen eguna izanda, gai hau landu dugu. Asteburuan Bizkaiako bertso finala jokatu eta gero saio hartako audio batzuk entzuteko aukera izan dugu, Onintza Enbeitiak txapala irabazi eta gero botatako bertsoarekin tarte hau amaitu dugu. Eta, nola ez, berriak, inguruko\u2026","rel":"","context":"In &quot;Egun on, Au\u00f1amendi!&quot;","block_context":{"text":"Egun on, Au\u00f1amendi!","link":"https:\/\/iratiirratia.eus\/index.php\/category\/egunon-aunamendi\/"},"img":{"alt_text":"","src":"","width":0,"height":0},"classes":[]},{"id":9076,"url":"https:\/\/iratiirratia.eus\/index.php\/2016\/07\/13\/egun-on-aunamendi-666\/","url_meta":{"origin":12385,"position":1},"title":"Egun on, Au\u00f1amendi!","author":"Irati Irratia","date":"13 uztaila, 2016","format":false,"excerpt":"Luzaiden egin dugu lehenengo geldialdia. Amparo Elizondo Luzaideko eskolako zuzendaria elkarrizketatu dugu, aurten eskolak 25. urte bete dituelako. Igandean Erroibarko eguna ospatuko da Sorabilen, Joseba Martinez zinegotziak egitarauaren berri eman digu. Mendixut aldizkariko Rita Labianorekin zenbaki berriaz eta Bizirik Gaude azokaz aritu gara. Ondoren, Kurdistanera begira jarri gara, bertako borroka\u2026","rel":"","context":"In &quot;Egun on, Au\u00f1amendi!&quot;","block_context":{"text":"Egun on, Au\u00f1amendi!","link":"https:\/\/iratiirratia.eus\/index.php\/category\/egunon-aunamendi\/"},"img":{"alt_text":"","src":"","width":0,"height":0},"classes":[]},{"id":5841,"url":"https:\/\/iratiirratia.eus\/index.php\/2015\/04\/23\/alderdiekin-egindako-mahai-inguruako-audioa-audio-de-la-mesa-redonda-con-los-partidos\/","url_meta":{"origin":12385,"position":2},"title":"Alderdiekin egindako mahai-inguruko audioa &#8211; Audio de la mesa redonda con los partidos","author":"Irati Irratia","date":"23 apirila, 2015","format":false,"excerpt":"Izenburua: Mahai-inguruko audioa Iraupena: 2:30 ordu Klikatu hemen saioa jaisteko [audio:http:\/\/iratiirratia.eus\/audio\/Mahai_ingurua.MP3|titles=Egun on, Au\u00f1amendi! 15-04-23]","rel":"","context":"In &quot;Egun on, Au\u00f1amendi!&quot;","block_context":{"text":"Egun on, Au\u00f1amendi!","link":"https:\/\/iratiirratia.eus\/index.php\/category\/egunon-aunamendi\/"},"img":{"alt_text":"","src":"","width":0,"height":0},"classes":[]},{"id":6449,"url":"https:\/\/iratiirratia.eus\/index.php\/2015\/07\/31\/egun-on-aunamendi-468\/","url_meta":{"origin":12385,"position":3},"title":"Egun on, Au\u00f1amendi!","author":"Irati Irratia","date":"31 uztaila, 2015","format":false,"excerpt":"Orotz-Beteluko Karle Garmendia margolariaren inguruko liburua aurkeztu digu gaur Ainhoa Mendia alkateak. Nafarroako suhiltzaileen egoeraren inguruan ere hitz egin dugu; eta Isaban, Luzaiden eta Artzibarren asteburu hontan izango diren hitzorduak errepasatu ditugu. Izenburua: Uztailaren 31ko saioa Iraupena: 2:30 ordu Klikatu hemen saioa jaisteko [audio:http:\/\/iratiirratia.eus\/audio\/15-07-31.mp3|titles=Egun on, Au\u00f1amendi! 15-07-31]","rel":"","context":"In &quot;Egun on, Au\u00f1amendi!&quot;","block_context":{"text":"Egun on, Au\u00f1amendi!","link":"https:\/\/iratiirratia.eus\/index.php\/category\/egunon-aunamendi\/"},"img":{"alt_text":"","src":"","width":0,"height":0},"classes":[]},{"id":12387,"url":"https:\/\/iratiirratia.eus\/index.php\/2018\/07\/19\/luzaiden-bestak-borborka\/","url_meta":{"origin":12385,"position":4},"title":"Luzaiden bestak borborka","author":"Irati Irratia","date":"19 uztaila, 2018","format":false,"excerpt":"Hala antolatu dituzte aurten ere. Gaurko saioan Iurre Bidegain izan dugu gonbidatu gisa, Luzaideko Besten errepasoa egiteko. Tira adin guztietarako egitaraua topatu dugu eta Luzaideko bestak arras bereziak direla argudiatu digu Iurrek. Aipatu digu ere gazteek txozna paratzen dutela eta lan egiten dutela besten gastuei aurre egiteko, hori bai meritua!\u2026","rel":"","context":"In &quot;Berriak&quot;","block_context":{"text":"Berriak","link":"https:\/\/iratiirratia.eus\/index.php\/category\/berriak\/"},"img":{"alt_text":"","src":"https:\/\/i0.wp.com\/iratiirratia.eus\/wp-content\/uploads\/2016\/05\/r_valcarlos_t3100464.jpg_369272544.jpg?fit=550%2C224&ssl=1&resize=350%2C200","width":350,"height":200,"srcset":"https:\/\/i0.wp.com\/iratiirratia.eus\/wp-content\/uploads\/2016\/05\/r_valcarlos_t3100464.jpg_369272544.jpg?fit=550%2C224&ssl=1&resize=350%2C200 1x, https:\/\/i0.wp.com\/iratiirratia.eus\/wp-content\/uploads\/2016\/05\/r_valcarlos_t3100464.jpg_369272544.jpg?fit=550%2C224&ssl=1&resize=525%2C300 1.5x"},"classes":[]},{"id":6476,"url":"https:\/\/iratiirratia.eus\/index.php\/2015\/08\/06\/egun-on-aunamendi-471\/","url_meta":{"origin":12385,"position":5},"title":"Egun on, Au\u00f1amendi!","author":"Irati Irratia","date":"6 abuztua, 2015","format":false,"excerpt":"Luzaideko Nive erreka kutsaturik dago; kutsadura nondik datorren, baina, ez dakite. Ikerketa lanen inguruko xehetasuna eman dizkigu Fernando Alzon Luzaideko alkateak. Irantzuko lurretara ere joan gara gaurkoan, eta Salinas de Oron gatza nola egiten duten ezagutu dugu. Liburutegian ere geldialdi bat egin dugu. Izenburua: Abuztuaren 6ko saioa Iraupena: 2:30 ordu\u2026","rel":"","context":"In &quot;Egun on, Au\u00f1amendi!&quot;","block_context":{"text":"Egun on, Au\u00f1amendi!","link":"https:\/\/iratiirratia.eus\/index.php\/category\/egunon-aunamendi\/"},"img":{"alt_text":"","src":"","width":0,"height":0},"classes":[]}],"_links":{"self":[{"href":"https:\/\/iratiirratia.eus\/index.php\/wp-json\/wp\/v2\/posts\/12385"}],"collection":[{"href":"https:\/\/iratiirratia.eus\/index.php\/wp-json\/wp\/v2\/posts"}],"about":[{"href":"https:\/\/iratiirratia.eus\/index.php\/wp-json\/wp\/v2\/types\/post"}],"author":[{"embeddable":true,"href":"https:\/\/iratiirratia.eus\/index.php\/wp-json\/wp\/v2\/users\/1"}],"replies":[{"embeddable":true,"href":"https:\/\/iratiirratia.eus\/index.php\/wp-json\/wp\/v2\/comments?post=12385"}],"version-history":[{"count":1,"href":"https:\/\/iratiirratia.eus\/index.php\/wp-json\/wp\/v2\/posts\/12385\/revisions"}],"predecessor-version":[{"id":12386,"href":"https:\/\/iratiirratia.eus\/index.php\/wp-json\/wp\/v2\/posts\/12385\/revisions\/12386"}],"wp:attachment":[{"href":"https:\/\/iratiirratia.eus\/index.php\/wp-json\/wp\/v2\/media?parent=12385"}],"wp:term":[{"taxonomy":"category","embeddable":true,"href":"https:\/\/iratiirratia.eus\/index.php\/wp-json\/wp\/v2\/categories?post=12385"},{"taxonomy":"post_tag","embeddable":true,"href":"https:\/\/iratiirratia.eus\/index.php\/wp-json\/wp\/v2\/tags?post=12385"}],"curies":[{"name":"wp","href":"https:\/\/api.w.org\/{rel}","templated":true}]}}