{"id":12391,"date":"2018-07-20T14:31:00","date_gmt":"2018-07-20T12:31:00","guid":{"rendered":"http:\/\/iratiirratia.eus\/?p=12391"},"modified":"2018-07-20T14:31:00","modified_gmt":"2018-07-20T12:31:00","slug":"egun-on-aunamendi-1125","status":"publish","type":"post","link":"https:\/\/iratiirratia.eus\/index.php\/2018\/07\/20\/egun-on-aunamendi-1125\/","title":{"rendered":"Egun on, Au\u00f1amendi!"},"content":{"rendered":"<p>Gaurkoan <strong>Maite Armendariz<\/strong> izan dugu,Bizkarretako jaiak aurkezten. Gero Garaioara jo dugu <strong>Itxaso Bizkai<\/strong>rekin egoteko eta Garaioa Udan iniziatiba ezagutzeko. Bukatzeko <strong>Julian Gabas<\/strong>ekin Erronkaribarko agenda errepasatu dugu.<br \/>\nEta, nola ez, berriak, inguruko abisuak , agenda eta zine estreinaldiak errepasatu ditugu. Entzun!<\/p>\n<p><img data-attachment-id=\"535\" data-permalink=\"https:\/\/iratiirratia.eus\/egunon\/\" data-orig-file=\"https:\/\/i0.wp.com\/iratiirratia.eus\/wp-content\/uploads\/2011\/04\/egunon.jpg?fit=132%2C125&amp;ssl=1\" data-orig-size=\"132,125\" data-comments-opened=\"1\" data-image-meta=\"{&quot;aperture&quot;:&quot;0&quot;,&quot;credit&quot;:&quot;&quot;,&quot;camera&quot;:&quot;&quot;,&quot;caption&quot;:&quot;&quot;,&quot;created_timestamp&quot;:&quot;0&quot;,&quot;copyright&quot;:&quot;&quot;,&quot;focal_length&quot;:&quot;0&quot;,&quot;iso&quot;:&quot;0&quot;,&quot;shutter_speed&quot;:&quot;0&quot;,&quot;title&quot;:&quot;&quot;,&quot;orientation&quot;:&quot;0&quot;}\" data-image-title=\"egunon\" data-image-description=\"\" data-image-caption=\"\" data-medium-file=\"https:\/\/i0.wp.com\/iratiirratia.eus\/wp-content\/uploads\/2011\/04\/egunon.jpg?fit=132%2C125&amp;ssl=1\" data-large-file=\"https:\/\/i0.wp.com\/iratiirratia.eus\/wp-content\/uploads\/2011\/04\/egunon.jpg?fit=132%2C125&amp;ssl=1\" decoding=\"async\" loading=\"lazy\" width=\"132\" height=\"125\" class=\"size-full wp-image-535\" style=\"float: left; margin: 0; margin-right: 20px;\" title=\"egunon\" src=\"https:\/\/i0.wp.com\/iratiirratia.eus\/wp-content\/uploads\/2011\/04\/egunon.jpg?resize=132%2C125\" alt=\"Egun on, Au\u00f1amendi!\" data-recalc-dims=\"1\" \/><\/p>\n<div style=\"padding-left: 20px;\">\n<p><strong>Izenburua:<\/strong> Uztailaren 20ko saioa<\/p>\n<p><strong>Iraupena:<\/strong> 2:45 ordu<\/p>\n<p><a title=\"Uztailaren 20ko saioa\" href=\"http:\/\/iratiirratia.eus\/audio\/18-07-20.mp3\" target=\"_blank\" rel=\"noopener\">Klikatu hemen saioa jaisteko<\/a><\/p>\n<p class=\"audioplayer_container\"><span style=\"display:block;padding:5px;border:1px solid #dddddd;background:#f8f8f8\" id=\"audioplayer_1\">Audio clip: Adobe Flash Player (version 9 or above) is required to play this audio clip. Download the latest version <a href=\"http:\/\/www.adobe.com\/shockwave\/download\/download.cgi?P1_Prod_Version=ShockwaveFlash&amp;promoid=BIOW\" title=\"Download Adobe Flash Player\">here<\/a>. You also need to have JavaScript enabled in your browser.<\/span><\/p>\n","protected":false},"excerpt":{"rendered":"<p>Gaurkoan Maite Armendariz izan dugu,Bizkarretako jaiak aurkezten. Gero Garaioara jo dugu Itxaso Bizkairekin egoteko eta Garaioa Udan iniziatiba ezagutzeko. Bukatzeko Julian Gabasekin Erronkaribarko agenda errepasatu dugu. Eta, nola ez, berriak, inguruko abisuak , agenda eta zine estreinaldiak errepasatu ditugu. Entzun! Izenburua: Uztailaren 20ko saioa Iraupena: 2:45 ordu Klikatu hemen saioa jaisteko [Audio clip: view full [&hellip;]<\/p>\n","protected":false},"author":1,"featured_media":0,"comment_status":"open","ping_status":"open","sticky":false,"template":"","format":"standard","meta":{"jetpack_post_was_ever_published":false,"_jetpack_newsletter_access":"","_jetpack_newsletter_tier_id":0,"jetpack_publicize_message":"","jetpack_is_tweetstorm":false,"jetpack_publicize_feature_enabled":true,"jetpack_social_post_already_shared":true,"jetpack_social_options":{"image_generator_settings":{"template":"highway","enabled":false}}},"categories":[4],"tags":[],"jetpack_publicize_connections":[],"jetpack_featured_media_url":"","jetpack_shortlink":"https:\/\/wp.me\/p7eaXY-3dR","jetpack_sharing_enabled":true,"jetpack-related-posts":[{"id":12994,"url":"https:\/\/iratiirratia.eus\/index.php\/2018\/12\/18\/egun-on-aunamendi-1218\/","url_meta":{"origin":12391,"position":0},"title":"Egun on, Au\u00f1amendi !","author":"Irati Irratia","date":"18 abendua, 2018","format":false,"excerpt":"Gaurkoan, Aralar irratiko Martin Juanenarekin izan gara Larraun-Lekunberriko kronika jasotzen. Gaur migranteen eguna izanda, gai hau landu dugu. Asteburuan Bizkaiako bertso finala jokatu eta gero saio hartako audio batzuk entzuteko aukera izan dugu, Onintza Enbeitiak txapala irabazi eta gero botatako bertsoarekin tarte hau amaitu dugu. Eta, nola ez, berriak, inguruko\u2026","rel":"","context":"In &quot;Egun on, Au\u00f1amendi!&quot;","block_context":{"text":"Egun on, Au\u00f1amendi!","link":"https:\/\/iratiirratia.eus\/index.php\/category\/egunon-aunamendi\/"},"img":{"alt_text":"","src":"","width":0,"height":0},"classes":[]},{"id":12327,"url":"https:\/\/iratiirratia.eus\/index.php\/2018\/07\/05\/egun-on-aunamendi-18-07-03\/","url_meta":{"origin":12391,"position":1},"title":"Egun on, Au\u00f1amendi! (18-07-03)","author":"Irati Irratia","date":"5 uztaila, 2018","format":false,"excerpt":"Gaurko saioan Joseba Compains Kalera kalera dinamikako kidea izan dugu, 4ko mobilizazioaz mintzatzen. Bukatzeko Elhuyar fundazioaren Quark saioa izan dugu surfaz eta olatuen energiaz hitz egiten. Eta, nola ez, berriak, inguruko abisuak eta agenda errepasatu ditugu. Entzun! Izenburua: Uztailaren 3ko saioa Iraupena: 2:30 ordu Klikatu hemen saioa jaisteko [audio:http:\/\/iratiirratia.eus\/audio\/18-07-03.mp3|titles=Egun on,\u2026","rel":"","context":"In &quot;Egun on, Au\u00f1amendi!&quot;","block_context":{"text":"Egun on, Au\u00f1amendi!","link":"https:\/\/iratiirratia.eus\/index.php\/category\/egunon-aunamendi\/"},"img":{"alt_text":"","src":"","width":0,"height":0},"classes":[]},{"id":9105,"url":"https:\/\/iratiirratia.eus\/index.php\/2016\/07\/18\/egun-on-aunamendi-669\/","url_meta":{"origin":12391,"position":2},"title":"Egun on, Au\u00f1amendi!","author":"Irati Irratia","date":"18 uztaila, 2016","format":false,"excerpt":"Ostiralean ireki zituen ateak Oroz Beteluko Zaldu jatetxeak. I\u00f1aki San Miguel Sadaba jabea ezagutu dugu. Astero bezala, Andres Bidartek hainbat gomendio eman dizkigu. Iru\u00f1etik Euskalerria irratiko Maialen Huarte aritu zaigu, azken berriak eta agenda errepasatu ditugu harekin. Xorroxin irratian ere izan gara, Baztandarren Biltzarraren berri zian dugu, besteak beste. Eta,\u2026","rel":"","context":"In &quot;Egun on, Au\u00f1amendi!&quot;","block_context":{"text":"Egun on, Au\u00f1amendi!","link":"https:\/\/iratiirratia.eus\/index.php\/category\/egunon-aunamendi\/"},"img":{"alt_text":"","src":"","width":0,"height":0},"classes":[]},{"id":6328,"url":"https:\/\/iratiirratia.eus\/index.php\/2015\/07\/20\/egun-on-aunamendi-459\/","url_meta":{"origin":12391,"position":3},"title":"Egun on, Au\u00f1amendi!","author":"Irati Irratia","date":"20 uztaila, 2015","format":false,"excerpt":"Saio berezia izan da gaur Nafarroako Parlamentuan. Uxue Barkosen inbestidura saioa, alergia; eta haren hitzak entzun ditugu Irati Irratian. Nafarroako Gobernua zeintzuk osatuko duten ere errepasatu dugu. Astelehena denez, gainera, homeopatiari buruz hitz egin dugu; eta aste honetako agenda ere ireki dugu. Pisutsua da oso! Izenburua: Uztailaren 20ko saioa Iraupena:\u2026","rel":"","context":"In &quot;Egun on, Au\u00f1amendi!&quot;","block_context":{"text":"Egun on, Au\u00f1amendi!","link":"https:\/\/iratiirratia.eus\/index.php\/category\/egunon-aunamendi\/"},"img":{"alt_text":"","src":"","width":0,"height":0},"classes":[]},{"id":9070,"url":"https:\/\/iratiirratia.eus\/index.php\/2016\/07\/11\/egun-on-aunamendi-664\/","url_meta":{"origin":12391,"position":4},"title":"Egun on, Au\u00f1amendi!","author":"Irati Irratia","date":"11 uztaila, 2016","format":false,"excerpt":"Aezkoa 20 ibilbidea ezagutu dugu gaurko lehenengo elkarrizketan, Napar Bideak elkarteko Daniel Iriarte elkarrizketatu dugu horretarako. Astero bezala, Andres Bidartek hainbat gomendio eman dizkigu. Iru\u00f1etik Euskalerria irratiko Maialen Huarte aritu zaigu, azken berriak eta agenda errepasatu ditugu harekin. Denboraren makinean sartu gara ondoren, duela bi urte albiste zer zen entzun\u2026","rel":"","context":"In &quot;Egun on, Au\u00f1amendi!&quot;","block_context":{"text":"Egun on, Au\u00f1amendi!","link":"https:\/\/iratiirratia.eus\/index.php\/category\/egunon-aunamendi\/"},"img":{"alt_text":"","src":"","width":0,"height":0},"classes":[]},{"id":5841,"url":"https:\/\/iratiirratia.eus\/index.php\/2015\/04\/23\/alderdiekin-egindako-mahai-inguruako-audioa-audio-de-la-mesa-redonda-con-los-partidos\/","url_meta":{"origin":12391,"position":5},"title":"Alderdiekin egindako mahai-inguruko audioa &#8211; Audio de la mesa redonda con los partidos","author":"Irati Irratia","date":"23 apirila, 2015","format":false,"excerpt":"Izenburua: Mahai-inguruko audioa Iraupena: 2:30 ordu Klikatu hemen saioa jaisteko [audio:http:\/\/iratiirratia.eus\/audio\/Mahai_ingurua.MP3|titles=Egun on, Au\u00f1amendi! 15-04-23]","rel":"","context":"In &quot;Egun on, Au\u00f1amendi!&quot;","block_context":{"text":"Egun on, Au\u00f1amendi!","link":"https:\/\/iratiirratia.eus\/index.php\/category\/egunon-aunamendi\/"},"img":{"alt_text":"","src":"","width":0,"height":0},"classes":[]}],"_links":{"self":[{"href":"https:\/\/iratiirratia.eus\/index.php\/wp-json\/wp\/v2\/posts\/12391"}],"collection":[{"href":"https:\/\/iratiirratia.eus\/index.php\/wp-json\/wp\/v2\/posts"}],"about":[{"href":"https:\/\/iratiirratia.eus\/index.php\/wp-json\/wp\/v2\/types\/post"}],"author":[{"embeddable":true,"href":"https:\/\/iratiirratia.eus\/index.php\/wp-json\/wp\/v2\/users\/1"}],"replies":[{"embeddable":true,"href":"https:\/\/iratiirratia.eus\/index.php\/wp-json\/wp\/v2\/comments?post=12391"}],"version-history":[{"count":1,"href":"https:\/\/iratiirratia.eus\/index.php\/wp-json\/wp\/v2\/posts\/12391\/revisions"}],"predecessor-version":[{"id":12392,"href":"https:\/\/iratiirratia.eus\/index.php\/wp-json\/wp\/v2\/posts\/12391\/revisions\/12392"}],"wp:attachment":[{"href":"https:\/\/iratiirratia.eus\/index.php\/wp-json\/wp\/v2\/media?parent=12391"}],"wp:term":[{"taxonomy":"category","embeddable":true,"href":"https:\/\/iratiirratia.eus\/index.php\/wp-json\/wp\/v2\/categories?post=12391"},{"taxonomy":"post_tag","embeddable":true,"href":"https:\/\/iratiirratia.eus\/index.php\/wp-json\/wp\/v2\/tags?post=12391"}],"curies":[{"name":"wp","href":"https:\/\/api.w.org\/{rel}","templated":true}]}}