{"id":12408,"date":"2018-07-24T14:24:19","date_gmt":"2018-07-24T12:24:19","guid":{"rendered":"http:\/\/iratiirratia.eus\/?p=12408"},"modified":"2018-07-24T14:24:19","modified_gmt":"2018-07-24T12:24:19","slug":"egun-on-aunamendi-1127","status":"publish","type":"post","link":"https:\/\/iratiirratia.eus\/index.php\/2018\/07\/24\/egun-on-aunamendi-1127\/","title":{"rendered":"Egun on, Au\u00f1amendi!"},"content":{"rendered":"<p>Gaur, saioan, lehenik <strong>Karlos Bueno<\/strong> izan dugu larunbateko Bazka Hitzarmenaren inguruko ospakizunetaz hitzegiten. Gero Agotzenea egitasmoko <strong>Ander Magallon<\/strong>ekin egon gara proeiktuari errepasoa egiten eta udako ikastaroen izen emateak azaltzen. Bukatzeko Ikasle Abertzaleak-eko <strong>Mikel Goikoetxea<\/strong> izan dugu bihar hasiko den Eskola Ibiltariaz mintzo.<br \/>\nEta, nola ez, berriak, inguruko abisuak eta agenda errepasatu ditugu. Entzun!<\/p>\n<p><img data-attachment-id=\"535\" data-permalink=\"https:\/\/iratiirratia.eus\/egunon\/\" data-orig-file=\"https:\/\/i0.wp.com\/iratiirratia.eus\/wp-content\/uploads\/2011\/04\/egunon.jpg?fit=132%2C125&amp;ssl=1\" data-orig-size=\"132,125\" data-comments-opened=\"1\" data-image-meta=\"{&quot;aperture&quot;:&quot;0&quot;,&quot;credit&quot;:&quot;&quot;,&quot;camera&quot;:&quot;&quot;,&quot;caption&quot;:&quot;&quot;,&quot;created_timestamp&quot;:&quot;0&quot;,&quot;copyright&quot;:&quot;&quot;,&quot;focal_length&quot;:&quot;0&quot;,&quot;iso&quot;:&quot;0&quot;,&quot;shutter_speed&quot;:&quot;0&quot;,&quot;title&quot;:&quot;&quot;,&quot;orientation&quot;:&quot;0&quot;}\" data-image-title=\"egunon\" data-image-description=\"\" data-image-caption=\"\" data-medium-file=\"https:\/\/i0.wp.com\/iratiirratia.eus\/wp-content\/uploads\/2011\/04\/egunon.jpg?fit=132%2C125&amp;ssl=1\" data-large-file=\"https:\/\/i0.wp.com\/iratiirratia.eus\/wp-content\/uploads\/2011\/04\/egunon.jpg?fit=132%2C125&amp;ssl=1\" decoding=\"async\" loading=\"lazy\" width=\"132\" height=\"125\" class=\"size-full wp-image-535\" style=\"float: left; margin: 0; margin-right: 20px;\" title=\"egunon\" src=\"https:\/\/i0.wp.com\/iratiirratia.eus\/wp-content\/uploads\/2011\/04\/egunon.jpg?resize=132%2C125\" alt=\"Egun on, Au\u00f1amendi!\" data-recalc-dims=\"1\" \/><\/p>\n<div style=\"padding-left: 20px;\">\n<p><strong>Izenburua:<\/strong> Uztailaren 24ko saioa<\/p>\n<p><strong>Iraupena:<\/strong> 2:40 ordu<\/p>\n<p><a title=\"Uztailaren 24ko saioa\" href=\"http:\/\/iratiirratia.eus\/audio\/18-07-24.mp3\" target=\"_blank\">Klikatu hemen saioa jaisteko<\/a><\/p>\n<p class=\"audioplayer_container\"><span style=\"display:block;padding:5px;border:1px solid #dddddd;background:#f8f8f8\" id=\"audioplayer_1\">Audio clip: Adobe Flash Player (version 9 or above) is required to play this audio clip. Download the latest version <a href=\"http:\/\/www.adobe.com\/shockwave\/download\/download.cgi?P1_Prod_Version=ShockwaveFlash&amp;promoid=BIOW\" title=\"Download Adobe Flash Player\">here<\/a>. You also need to have JavaScript enabled in your browser.<\/span><\/p>\n","protected":false},"excerpt":{"rendered":"<p>Gaur, saioan, lehenik Karlos Bueno izan dugu larunbateko Bazka Hitzarmenaren inguruko ospakizunetaz hitzegiten. Gero Agotzenea egitasmoko Ander Magallonekin egon gara proeiktuari errepasoa egiten eta udako ikastaroen izen emateak azaltzen. Bukatzeko Ikasle Abertzaleak-eko Mikel Goikoetxea izan dugu bihar hasiko den Eskola Ibiltariaz mintzo. Eta, nola ez, berriak, inguruko abisuak eta agenda errepasatu ditugu. Entzun! Izenburua: Uztailaren [&hellip;]<\/p>\n","protected":false},"author":1,"featured_media":0,"comment_status":"open","ping_status":"open","sticky":false,"template":"","format":"standard","meta":{"jetpack_post_was_ever_published":false,"_jetpack_newsletter_access":"","_jetpack_newsletter_tier_id":0,"jetpack_publicize_message":"","jetpack_is_tweetstorm":false,"jetpack_publicize_feature_enabled":true,"jetpack_social_post_already_shared":true,"jetpack_social_options":{"image_generator_settings":{"template":"highway","enabled":false}}},"categories":[4],"tags":[],"jetpack_publicize_connections":[],"jetpack_featured_media_url":"","jetpack_shortlink":"https:\/\/wp.me\/p7eaXY-3e8","jetpack_sharing_enabled":true,"jetpack-related-posts":[{"id":12994,"url":"https:\/\/iratiirratia.eus\/index.php\/2018\/12\/18\/egun-on-aunamendi-1218\/","url_meta":{"origin":12408,"position":0},"title":"Egun on, Au\u00f1amendi !","author":"Irati Irratia","date":"18 abendua, 2018","format":false,"excerpt":"Gaurkoan, Aralar irratiko Martin Juanenarekin izan gara Larraun-Lekunberriko kronika jasotzen. Gaur migranteen eguna izanda, gai hau landu dugu. Asteburuan Bizkaiako bertso finala jokatu eta gero saio hartako audio batzuk entzuteko aukera izan dugu, Onintza Enbeitiak txapala irabazi eta gero botatako bertsoarekin tarte hau amaitu dugu. Eta, nola ez, berriak, inguruko\u2026","rel":"","context":"In &quot;Egun on, Au\u00f1amendi!&quot;","block_context":{"text":"Egun on, Au\u00f1amendi!","link":"https:\/\/iratiirratia.eus\/index.php\/category\/egunon-aunamendi\/"},"img":{"alt_text":"","src":"","width":0,"height":0},"classes":[]},{"id":5841,"url":"https:\/\/iratiirratia.eus\/index.php\/2015\/04\/23\/alderdiekin-egindako-mahai-inguruako-audioa-audio-de-la-mesa-redonda-con-los-partidos\/","url_meta":{"origin":12408,"position":1},"title":"Alderdiekin egindako mahai-inguruko audioa &#8211; Audio de la mesa redonda con los partidos","author":"Irati Irratia","date":"23 apirila, 2015","format":false,"excerpt":"Izenburua: Mahai-inguruko audioa Iraupena: 2:30 ordu Klikatu hemen saioa jaisteko [audio:http:\/\/iratiirratia.eus\/audio\/Mahai_ingurua.MP3|titles=Egun on, Au\u00f1amendi! 15-04-23]","rel":"","context":"In &quot;Egun on, Au\u00f1amendi!&quot;","block_context":{"text":"Egun on, Au\u00f1amendi!","link":"https:\/\/iratiirratia.eus\/index.php\/category\/egunon-aunamendi\/"},"img":{"alt_text":"","src":"","width":0,"height":0},"classes":[]},{"id":14675,"url":"https:\/\/iratiirratia.eus\/index.php\/2020\/03\/24\/egun-on-aunamendi-nafarroaren-eguna-mikel-antza-eta-pirinioko-soinu-bandaren-5-atala\/","url_meta":{"origin":12408,"position":2},"title":"Egun on, Au\u00f1amendi! Nafarroaren Eguna, Mikel Antza eta Pirinioko Soinu Bandaren 5. atala","author":"Irati Irratia","date":"24 martxoa, 2020","format":false,"excerpt":"Gaurko saioa Nafarroaren eguna bertan behera geratu dela ohartaraziz hasi dugu. Ondoren, Mikel Albisu, Mikel Antzak prestatutako audio testua jarri dugu gaur egungo egoeraren hausnarketa eginez. Bukatzeko 10 kantuen erronkarekin jarraitu dugu eta gaur Garraldako Negukoen txanda izan da Izenburua: Martxoaren 24ko saioa Iraupena: 3 ordu Klikatu hemen saioa jaisteko\u2026","rel":"","context":"In &quot;Egun on, Au\u00f1amendi!&quot;","block_context":{"text":"Egun on, Au\u00f1amendi!","link":"https:\/\/iratiirratia.eus\/index.php\/category\/egunon-aunamendi\/"},"img":{"alt_text":"","src":"","width":0,"height":0},"classes":[]},{"id":17081,"url":"https:\/\/iratiirratia.eus\/index.php\/2022\/02\/24\/egun-on-aunamendi-irati-orreagako-ikastaroak-eta-karrape-irratia\/","url_meta":{"origin":12408,"position":3},"title":"Egun On, Au\u00f1amendi! Irati Orreagako ikastaroak eta Karrape irratia","author":"Irati Irratia","date":"24 otsaila, 2022","format":false,"excerpt":"Atzokoan formakuntzaz aritu baginen gaur beste ikastaro batzuetaz solasten hasi gara, Irati Orreaga elkarteak antolatu dituen ikastaroen inguruan alegia. Honetaz Maite Maisterrarekin hitz egin dugu. Ondoren, Leitzara jo dugu, Karrape irratira bertatik Unai Zabaletak bertako kronika egin zezan. \u00a0 Izenburua: Otsailaren 23ko saioa Iraupena: 2 ordu 30 minutu Klikatu hemen\u2026","rel":"","context":"In &quot;Egun on, Au\u00f1amendi!&quot;","block_context":{"text":"Egun on, Au\u00f1amendi!","link":"https:\/\/iratiirratia.eus\/index.php\/category\/egunon-aunamendi\/"},"img":{"alt_text":"","src":"","width":0,"height":0},"classes":[]},{"id":17083,"url":"https:\/\/iratiirratia.eus\/index.php\/2022\/02\/24\/egun-on-aunamendi-xantiren-auzolotsak-inteligentzia-emozionaleko-ikastaroak-eta-ukraina-errusia-egoera-hala-bedin\/","url_meta":{"origin":12408,"position":4},"title":"Egun On, Au\u00f1amendi! Xantiren auzolotsak, inteligentzia emozionaleko ikastaroak eta Ukraina-Errusia egoera Hala Bedin","author":"Irati Irratia","date":"24 otsaila, 2022","format":false,"excerpt":"Gaur Xanti Begiristainen kolaborazioarekin hasi dugu, berak ekoitzitako eta bizitako auzolotsa berri batekin. Gaurkoa Ez-gauzak zuen izenburua. Ondoren, Alvaro Embid izan dugu inteligentzia emozionala lantzeko ikastaroak jarraipena izanen baitu datorren martxoaren 1ean. Bukatzeko, Ekai Centerreko Adrian Zelaiak Ukraina eta Errusiaren inguruan Hala Bedin egindako kolaborazioa ekarri dugu, \u00a0 Izenburua: Otsailaren\u2026","rel":"","context":"In &quot;Egun on, Au\u00f1amendi!&quot;","block_context":{"text":"Egun on, Au\u00f1amendi!","link":"https:\/\/iratiirratia.eus\/index.php\/category\/egunon-aunamendi\/"},"img":{"alt_text":"","src":"","width":0,"height":0},"classes":[]},{"id":15569,"url":"https:\/\/iratiirratia.eus\/index.php\/2020\/11\/24\/egun-on-aunamendi-manex-eta-oilarra-genero-indarkeria-detektatzeko-ikastaroa-eta-gaztealdia\/","url_meta":{"origin":12408,"position":5},"title":"Egun On, Au\u00f1amendi! Manex eta Oilarra, Genero indarkeria detektatzeko ikastaroa eta Gaztealdia","author":"Irati Irratia","date":"24 azaroa, 2020","format":false,"excerpt":"\u00a0Saio hasieran, Xanti Begiristainek bere ohiko kolaborazioan Manexen istorioekin jarraitu du, Manex eta Oilarra izenburua duen istoriarekin alegia. Ondoren, Erroibarrera jo dugu Haize Morea eta Laurentxi elkarteko kidea den Leire Remirorekin egotera, Mankomunitatetik genero indarkeria detektatzeko abian jarriko duten ikastaroaz solasteko. Bukatzeko, Naiz irratiak Xabat Ilarregiri eta Maialen Arteagari eginiko\u2026","rel":"","context":"In &quot;Egun on, Au\u00f1amendi!&quot;","block_context":{"text":"Egun on, Au\u00f1amendi!","link":"https:\/\/iratiirratia.eus\/index.php\/category\/egunon-aunamendi\/"},"img":{"alt_text":"","src":"","width":0,"height":0},"classes":[]}],"_links":{"self":[{"href":"https:\/\/iratiirratia.eus\/index.php\/wp-json\/wp\/v2\/posts\/12408"}],"collection":[{"href":"https:\/\/iratiirratia.eus\/index.php\/wp-json\/wp\/v2\/posts"}],"about":[{"href":"https:\/\/iratiirratia.eus\/index.php\/wp-json\/wp\/v2\/types\/post"}],"author":[{"embeddable":true,"href":"https:\/\/iratiirratia.eus\/index.php\/wp-json\/wp\/v2\/users\/1"}],"replies":[{"embeddable":true,"href":"https:\/\/iratiirratia.eus\/index.php\/wp-json\/wp\/v2\/comments?post=12408"}],"version-history":[{"count":1,"href":"https:\/\/iratiirratia.eus\/index.php\/wp-json\/wp\/v2\/posts\/12408\/revisions"}],"predecessor-version":[{"id":12409,"href":"https:\/\/iratiirratia.eus\/index.php\/wp-json\/wp\/v2\/posts\/12408\/revisions\/12409"}],"wp:attachment":[{"href":"https:\/\/iratiirratia.eus\/index.php\/wp-json\/wp\/v2\/media?parent=12408"}],"wp:term":[{"taxonomy":"category","embeddable":true,"href":"https:\/\/iratiirratia.eus\/index.php\/wp-json\/wp\/v2\/categories?post=12408"},{"taxonomy":"post_tag","embeddable":true,"href":"https:\/\/iratiirratia.eus\/index.php\/wp-json\/wp\/v2\/tags?post=12408"}],"curies":[{"name":"wp","href":"https:\/\/api.w.org\/{rel}","templated":true}]}}