{"id":12823,"date":"2018-10-25T15:08:53","date_gmt":"2018-10-25T13:08:53","guid":{"rendered":"http:\/\/iratiirratia.eus\/?p=12823"},"modified":"2018-10-25T15:08:53","modified_gmt":"2018-10-25T13:08:53","slug":"nafarroan-euskara-ofiziala-behingoz","status":"publish","type":"post","link":"https:\/\/iratiirratia.eus\/index.php\/2018\/10\/25\/nafarroan-euskara-ofiziala-behingoz\/","title":{"rendered":"Nafarroan euskara ofiziala BEHINGOZ"},"content":{"rendered":"<p>Hori da larunbat honetan helaraziko den mezua, Kontseiluak deitutako mobilizazioan. Gaur, mobilizazio performatibo honetaz eta euskararen egoeraz mintzatzeko, Kontseiluako kidea den <strong>Zigor Etxaburua<\/strong> izan dugu. Hainbat irteera puntuetatik hasitako zutabeek elkargunea izanen dute Autobus geltokiko zelaietan, Kontseiluak eta euskaldun zein euskaltzaleek ere, legeak ezartzen dituen zonifikazioak eremu euskaldun batean batu nahia irudikatu nahi dela azaldu digu.<\/p>\n<p>Piriniotako <strong>deialdia 17:00 gaztelu plazan<\/strong> izanen da.<\/p>\n<p><a title=\"Zigor Behingoz\" href=\"http:\/\/iratiirratia.eus\/audio\/18-10-25ZigorKontseilua.mp3\" target=\"_blank\" rel=\"noopener noreferrer\">Klikatu hemen elkarrizketa jaisteko<\/a><\/p>\n<p class=\"audioplayer_container\"><span style=\"display:block;padding:5px;border:1px solid #dddddd;background:#f8f8f8\" id=\"audioplayer_1\">Audio clip: Adobe Flash Player (version 9 or above) is required to play this audio clip. Download the latest version <a href=\"http:\/\/www.adobe.com\/shockwave\/download\/download.cgi?P1_Prod_Version=ShockwaveFlash&amp;promoid=BIOW\" title=\"Download Adobe Flash Player\">here<\/a>. You also need to have JavaScript enabled in your browser.<\/span><\/p>\n","protected":false},"excerpt":{"rendered":"<p>Hori da larunbat honetan helaraziko den mezua, Kontseiluak deitutako mobilizazioan. Gaur, mobilizazio performatibo honetaz eta euskararen egoeraz mintzatzeko, Kontseiluako kidea den Zigor Etxaburua izan dugu. Hainbat irteera puntuetatik hasitako zutabeek elkargunea izanen dute Autobus geltokiko zelaietan, Kontseiluak eta euskaldun zein euskaltzaleek ere, legeak ezartzen dituen zonifikazioak eremu euskaldun batean batu nahia irudikatu nahi dela azaldu [&hellip;]<\/p>\n","protected":false},"author":1,"featured_media":12824,"comment_status":"open","ping_status":"open","sticky":false,"template":"","format":"standard","meta":{"jetpack_post_was_ever_published":false,"_jetpack_newsletter_access":"","_jetpack_newsletter_tier_id":0,"jetpack_publicize_message":"","jetpack_is_tweetstorm":false,"jetpack_publicize_feature_enabled":true,"jetpack_social_post_already_shared":true,"jetpack_social_options":{"image_generator_settings":{"template":"highway","enabled":false}}},"categories":[2,6],"tags":[],"jetpack_publicize_connections":[],"jetpack_featured_media_url":"https:\/\/i0.wp.com\/iratiirratia.eus\/wp-content\/uploads\/2018\/10\/dsf5490.jpg_20180905174747_14295_1-e1540472923112.jpg?fit=587%2C211&ssl=1","jetpack_shortlink":"https:\/\/wp.me\/p7eaXY-3kP","jetpack_sharing_enabled":true,"jetpack-related-posts":[{"id":23143,"url":"https:\/\/iratiirratia.eus\/index.php\/2026\/01\/16\/euskaltzaleon-gida-kaleratu-zuen-euskalgintzaren-kontseiluak-abenduko-pizkundean\/","url_meta":{"origin":12823,"position":0},"title":"Euskaltzaleon gida kaleratu zuen Euskalgintzaren Kontseiluak abenduko Pizkundean","author":"Eneko Villegas","date":"16 urtarrila, 2026","format":false,"excerpt":"Euskararen kontrako oldarraldiaren erdian Euskalgintzaren Kontseiluak Pizkundea ekitaldia antolatu zuen Bilbon abenduaren 27an. Euskararen aldeko elkargune honetan euskaltzaleen arteko\u00a0 batasuna adierazi egin zen eta bertan aurkeztu zen Euskaltzaleon Gida. Euskararen egoeraren aurrean zer nolako jarrerak izan behar dugun barnebiltzen duen gida dugu hauxe, nahiz eta bertan ezagutzen direnak jada jakinak\u2026","rel":"","context":"In &quot;Berriak&quot;","block_context":{"text":"Berriak","link":"https:\/\/iratiirratia.eus\/index.php\/category\/berriak\/"},"img":{"alt_text":"","src":"https:\/\/i0.wp.com\/iratiirratia.eus\/wp-content\/uploads\/2026\/01\/Kontseilua-YouTube-fondoko-irudia.png?fit=1200%2C675&ssl=1&resize=350%2C200","width":350,"height":200,"srcset":"https:\/\/i0.wp.com\/iratiirratia.eus\/wp-content\/uploads\/2026\/01\/Kontseilua-YouTube-fondoko-irudia.png?fit=1200%2C675&ssl=1&resize=350%2C200 1x, https:\/\/i0.wp.com\/iratiirratia.eus\/wp-content\/uploads\/2026\/01\/Kontseilua-YouTube-fondoko-irudia.png?fit=1200%2C675&ssl=1&resize=525%2C300 1.5x, https:\/\/i0.wp.com\/iratiirratia.eus\/wp-content\/uploads\/2026\/01\/Kontseilua-YouTube-fondoko-irudia.png?fit=1200%2C675&ssl=1&resize=700%2C400 2x, https:\/\/i0.wp.com\/iratiirratia.eus\/wp-content\/uploads\/2026\/01\/Kontseilua-YouTube-fondoko-irudia.png?fit=1200%2C675&ssl=1&resize=1050%2C600 3x"},"classes":[]},{"id":16322,"url":"https:\/\/iratiirratia.eus\/index.php\/2021\/07\/01\/euskaldunen-hizkuntz-eskubideak-defendatzeko-deia\/","url_meta":{"origin":12823,"position":1},"title":"Euskaldunen hizkuntz eskubideak defendatzeko deia","author":"Irati Irratia","date":"1 uztaila, 2021","format":false,"excerpt":"Hori da gaurkoan Euskalgintzaren Kontseiluko kidea den Paul Bilbaok egindakoa. Bihar manifestazioa deitu dute euskaldunon eskubideak berma daitezen exijitzeko Euskaraz Bizitzearen alde batuz, eskubide murrizketarik ez! lemapean. Arrazoiak soberan direla argudiatu digu Paulek gaur egindako elkarrizketan. \u00a0 Paul Bilbao Irati irratian [audio:http:\/\/iratiirratia.eus\/audio\/21-07-01PaulKontseiluan.mp3]","rel":"","context":"In &quot;Berriak&quot;","block_context":{"text":"Berriak","link":"https:\/\/iratiirratia.eus\/index.php\/category\/berriak\/"},"img":{"alt_text":"","src":"https:\/\/i0.wp.com\/iratiirratia.eus\/wp-content\/uploads\/2021\/07\/E5MlapUWYAADtZc.jpg?fit=1080%2C1080&ssl=1&resize=350%2C200","width":350,"height":200,"srcset":"https:\/\/i0.wp.com\/iratiirratia.eus\/wp-content\/uploads\/2021\/07\/E5MlapUWYAADtZc.jpg?fit=1080%2C1080&ssl=1&resize=350%2C200 1x, https:\/\/i0.wp.com\/iratiirratia.eus\/wp-content\/uploads\/2021\/07\/E5MlapUWYAADtZc.jpg?fit=1080%2C1080&ssl=1&resize=525%2C300 1.5x, https:\/\/i0.wp.com\/iratiirratia.eus\/wp-content\/uploads\/2021\/07\/E5MlapUWYAADtZc.jpg?fit=1080%2C1080&ssl=1&resize=700%2C400 2x, https:\/\/i0.wp.com\/iratiirratia.eus\/wp-content\/uploads\/2021\/07\/E5MlapUWYAADtZc.jpg?fit=1080%2C1080&ssl=1&resize=1050%2C600 3x"},"classes":[]},{"id":11932,"url":"https:\/\/iratiirratia.eus\/index.php\/2018\/03\/20\/mugarik-gabeko-euskara-ofizialtasuna\/","url_meta":{"origin":12823,"position":2},"title":"Mugarik gabeko euskara, ofizialtasuna!","author":"Irati Irratia","date":"20 martxoa, 2018","format":false,"excerpt":"Hori da larunbatean Euskal Herrian Euskarazek deitutako mobilizazioari egokitutako lema. Gaur mobilizazio horren berri izateko Koldo Zarate izan dugu, Euskal Herrian Euskaraz taldeko kidea, zeinek ederki asko azaldu digu zergatik antolatu duten mobilizazio hau. Baita ere euskararen egoera errepasatu dugu beraren laguntzaz eta argi ikusi ere aurrerapausuak izan direla baina\u2026","rel":"","context":"In &quot;Berriak&quot;","block_context":{"text":"Berriak","link":"https:\/\/iratiirratia.eus\/index.php\/category\/berriak\/"},"img":{"alt_text":"","src":"https:\/\/i0.wp.com\/iratiirratia.eus\/wp-content\/uploads\/2018\/03\/DW4RhOaWAAAQMPj-1-e1521551240452.jpg?fit=854%2C416&ssl=1&resize=350%2C200","width":350,"height":200,"srcset":"https:\/\/i0.wp.com\/iratiirratia.eus\/wp-content\/uploads\/2018\/03\/DW4RhOaWAAAQMPj-1-e1521551240452.jpg?fit=854%2C416&ssl=1&resize=350%2C200 1x, https:\/\/i0.wp.com\/iratiirratia.eus\/wp-content\/uploads\/2018\/03\/DW4RhOaWAAAQMPj-1-e1521551240452.jpg?fit=854%2C416&ssl=1&resize=525%2C300 1.5x, https:\/\/i0.wp.com\/iratiirratia.eus\/wp-content\/uploads\/2018\/03\/DW4RhOaWAAAQMPj-1-e1521551240452.jpg?fit=854%2C416&ssl=1&resize=700%2C400 2x"},"classes":[]},{"id":15687,"url":"https:\/\/iratiirratia.eus\/index.php\/2021\/01\/20\/egun-on-aunamendi-presoen-eskubideen-aldeko-elkarretaratzea-urraul-behitiko-memoria-eta-erronkariko-konexioa\/","url_meta":{"origin":12823,"position":3},"title":"Egun On, Au\u00f1amendi! Presoen eskubideen aldeko elkarretaratzea, Urraul Behitiko memoria eta Erronkariko konexioa","author":"Irati Irratia","date":"20 urtarrila, 2021","format":false,"excerpt":"Gaurkoa euskal presoen egoerari begira hasi gara, urte hasiera honetan Sare Herritarrak urtarrilaren 9rako herrriz herri deitu dituelako mobilizazioak. Gaurkoan Ainhoa Buenorekin solastu gara Au\u00f1amendi aldean izanen ditugun mobilizazioen inguruan. Ondoren, Karekin Kulturako Kati Leatxerekin izan gara bere azken bi proiektuak ezagutzen, Longida ibarreko egutegia eta Urraul Beitiko argazki liburua.\u2026","rel":"","context":"In &quot;Egun on, Au\u00f1amendi!&quot;","block_context":{"text":"Egun on, Au\u00f1amendi!","link":"https:\/\/iratiirratia.eus\/index.php\/category\/egunon-aunamendi\/"},"img":{"alt_text":"","src":"","width":0,"height":0},"classes":[]},{"id":21162,"url":"https:\/\/iratiirratia.eus\/index.php\/2024\/12\/02\/haur-eskoletan-dagoen-euskarazko-eskaintza-eskasa-salatuko-du-iruneko-euskalgintzak-abenduaren-11n\/","url_meta":{"origin":12823,"position":4},"title":"Haur eskoletan dagoen euskarazko eskaintza eskasa salatuko du Iru\u00f1eko euskalgintzak abenduaren 11n","author":"Eneko Villegas","date":"2 abendua, 2024","format":false,"excerpt":"Iru\u00f1eko Euskalgintzak nafar jendartea mobilizatzera deitu du datorren abenduaren 11n Iru\u00f1ean udalak egindako haur eskoletan euskarazko lerroaren eskaintza eskasa salatzeko. Udal gobernua aldatu arren ezer gutxi aldatu da alor honetan eta hori bera salatuko dute arratsaldeko 17:30tan izanen den mobilizazioarekin. Honen inguruan Iru\u00f1eko Euskalgintzako kidea den Amaia Razkinekin solastu gara.\u2026","rel":"","context":"In &quot;Berriak&quot;","block_context":{"text":"Berriak","link":"https:\/\/iratiirratia.eus\/index.php\/category\/berriak\/"},"img":{"alt_text":"","src":"https:\/\/i0.wp.com\/iratiirratia.eus\/wp-content\/uploads\/2024\/12\/prentsaurreoa.jpg?fit=1200%2C900&ssl=1&resize=350%2C200","width":350,"height":200,"srcset":"https:\/\/i0.wp.com\/iratiirratia.eus\/wp-content\/uploads\/2024\/12\/prentsaurreoa.jpg?fit=1200%2C900&ssl=1&resize=350%2C200 1x, https:\/\/i0.wp.com\/iratiirratia.eus\/wp-content\/uploads\/2024\/12\/prentsaurreoa.jpg?fit=1200%2C900&ssl=1&resize=525%2C300 1.5x, https:\/\/i0.wp.com\/iratiirratia.eus\/wp-content\/uploads\/2024\/12\/prentsaurreoa.jpg?fit=1200%2C900&ssl=1&resize=700%2C400 2x, https:\/\/i0.wp.com\/iratiirratia.eus\/wp-content\/uploads\/2024\/12\/prentsaurreoa.jpg?fit=1200%2C900&ssl=1&resize=1050%2C600 3x"},"classes":[]},{"id":19174,"url":"https:\/\/iratiirratia.eus\/index.php\/2023\/11\/02\/leioako-5-auziperatuei-elkartasuna-adierazteko-hitzaldia-eta-afaria-antolatu-dute-nabaskoizen-larunbata-honetan\/","url_meta":{"origin":12823,"position":5},"title":"Leioako 5 auziperatuei elkartasuna adierazteko hitzaldia eta afaria antolatu dute Nabaskoizen larunbata honetan","author":"Irati Irratia","date":"2 azaroa, 2023","format":false,"excerpt":"Duela 7 urte Leioako kanpusean errepresioa salatzeko mobilizazio batean dauka auzi honek bere mugarria. Honen aurretik dozenaka ikasle izanak ziren zigortu eta jazartuak. Halere 2016ko apirilan mobilizazio honi eman zitzaion bide eta bertan 5 gazte izan ziren identifikatuak. Horrezkero ametsgaizto judizial baten erdian ikusia izan dute euren burua beraietako biei\u2026","rel":"","context":"In &quot;Berriak&quot;","block_context":{"text":"Berriak","link":"https:\/\/iratiirratia.eus\/index.php\/category\/berriak\/"},"img":{"alt_text":"","src":"https:\/\/i0.wp.com\/iratiirratia.eus\/wp-content\/uploads\/2023\/11\/Imagen-de-WhatsApp-2023-10-27-a-las-15.42.20_11a05c5a.jpg?resize=350%2C200&ssl=1","width":350,"height":200,"srcset":"https:\/\/i0.wp.com\/iratiirratia.eus\/wp-content\/uploads\/2023\/11\/Imagen-de-WhatsApp-2023-10-27-a-las-15.42.20_11a05c5a.jpg?resize=350%2C200&ssl=1 1x, https:\/\/i0.wp.com\/iratiirratia.eus\/wp-content\/uploads\/2023\/11\/Imagen-de-WhatsApp-2023-10-27-a-las-15.42.20_11a05c5a.jpg?resize=525%2C300&ssl=1 1.5x, https:\/\/i0.wp.com\/iratiirratia.eus\/wp-content\/uploads\/2023\/11\/Imagen-de-WhatsApp-2023-10-27-a-las-15.42.20_11a05c5a.jpg?resize=700%2C400&ssl=1 2x, https:\/\/i0.wp.com\/iratiirratia.eus\/wp-content\/uploads\/2023\/11\/Imagen-de-WhatsApp-2023-10-27-a-las-15.42.20_11a05c5a.jpg?resize=1050%2C600&ssl=1 3x"},"classes":[]}],"_links":{"self":[{"href":"https:\/\/iratiirratia.eus\/index.php\/wp-json\/wp\/v2\/posts\/12823"}],"collection":[{"href":"https:\/\/iratiirratia.eus\/index.php\/wp-json\/wp\/v2\/posts"}],"about":[{"href":"https:\/\/iratiirratia.eus\/index.php\/wp-json\/wp\/v2\/types\/post"}],"author":[{"embeddable":true,"href":"https:\/\/iratiirratia.eus\/index.php\/wp-json\/wp\/v2\/users\/1"}],"replies":[{"embeddable":true,"href":"https:\/\/iratiirratia.eus\/index.php\/wp-json\/wp\/v2\/comments?post=12823"}],"version-history":[{"count":1,"href":"https:\/\/iratiirratia.eus\/index.php\/wp-json\/wp\/v2\/posts\/12823\/revisions"}],"predecessor-version":[{"id":12825,"href":"https:\/\/iratiirratia.eus\/index.php\/wp-json\/wp\/v2\/posts\/12823\/revisions\/12825"}],"wp:featuredmedia":[{"embeddable":true,"href":"https:\/\/iratiirratia.eus\/index.php\/wp-json\/wp\/v2\/media\/12824"}],"wp:attachment":[{"href":"https:\/\/iratiirratia.eus\/index.php\/wp-json\/wp\/v2\/media?parent=12823"}],"wp:term":[{"taxonomy":"category","embeddable":true,"href":"https:\/\/iratiirratia.eus\/index.php\/wp-json\/wp\/v2\/categories?post=12823"},{"taxonomy":"post_tag","embeddable":true,"href":"https:\/\/iratiirratia.eus\/index.php\/wp-json\/wp\/v2\/tags?post=12823"}],"curies":[{"name":"wp","href":"https:\/\/api.w.org\/{rel}","templated":true}]}}