{"id":12828,"date":"2018-10-26T13:53:17","date_gmt":"2018-10-26T11:53:17","guid":{"rendered":"http:\/\/iratiirratia.eus\/?p=12828"},"modified":"2018-10-26T13:53:17","modified_gmt":"2018-10-26T11:53:17","slug":"emakumeek-pirinioa-ehuntzera-doaz","status":"publish","type":"post","link":"https:\/\/iratiirratia.eus\/index.php\/2018\/10\/26\/emakumeek-pirinioa-ehuntzera-doaz\/","title":{"rendered":"Emakumeek Pirinioa ehuntzera doaz"},"content":{"rendered":"<p>Beraien arteko elkarlana eta indarra ehunduz Pirinioa gorpuztera eta boteretzera eramango gaituzte, behintzat hori ondoriozta genezake. Horretaz hitz egiteko, Gaztelu elkarteko kidea den <strong>Amparo Vi\u00f1uales<\/strong> izan dugu. Berarekin errepasatu ditugu larunbatean Erronkarin izanen diren Pirinioko emakumeen topaketak.<\/p>\n<p>Kartela:<br \/>\n<img data-attachment-id=\"12829\" data-permalink=\"https:\/\/iratiirratia.eus\/index.php\/2018\/10\/26\/emakumeek-pirinioa-ehuntzera-doaz\/44579656_714938712203150_5479859639510106112_n\/\" data-orig-file=\"https:\/\/i0.wp.com\/iratiirratia.eus\/wp-content\/uploads\/2018\/10\/44579656_714938712203150_5479859639510106112_n.jpg?fit=678%2C960&amp;ssl=1\" data-orig-size=\"678,960\" data-comments-opened=\"1\" data-image-meta=\"{&quot;aperture&quot;:&quot;0&quot;,&quot;credit&quot;:&quot;&quot;,&quot;camera&quot;:&quot;&quot;,&quot;caption&quot;:&quot;&quot;,&quot;created_timestamp&quot;:&quot;0&quot;,&quot;copyright&quot;:&quot;&quot;,&quot;focal_length&quot;:&quot;0&quot;,&quot;iso&quot;:&quot;0&quot;,&quot;shutter_speed&quot;:&quot;0&quot;,&quot;title&quot;:&quot;&quot;,&quot;orientation&quot;:&quot;0&quot;}\" data-image-title=\"44579656_714938712203150_5479859639510106112_n\" data-image-description=\"\" data-image-caption=\"\" data-medium-file=\"https:\/\/i0.wp.com\/iratiirratia.eus\/wp-content\/uploads\/2018\/10\/44579656_714938712203150_5479859639510106112_n.jpg?fit=212%2C300&amp;ssl=1\" data-large-file=\"https:\/\/i0.wp.com\/iratiirratia.eus\/wp-content\/uploads\/2018\/10\/44579656_714938712203150_5479859639510106112_n.jpg?fit=640%2C906&amp;ssl=1\" decoding=\"async\" loading=\"lazy\" src=\"https:\/\/i0.wp.com\/iratiirratia.eus\/wp-content\/uploads\/2018\/10\/44579656_714938712203150_5479859639510106112_n.jpg?resize=212%2C300\" alt=\"\" width=\"212\" height=\"300\" class=\"alignnone size-medium wp-image-12829\" srcset=\"https:\/\/i0.wp.com\/iratiirratia.eus\/wp-content\/uploads\/2018\/10\/44579656_714938712203150_5479859639510106112_n.jpg?resize=212%2C300&amp;ssl=1 212w, https:\/\/i0.wp.com\/iratiirratia.eus\/wp-content\/uploads\/2018\/10\/44579656_714938712203150_5479859639510106112_n.jpg?w=678&amp;ssl=1 678w\" sizes=\"(max-width: 212px) 100vw, 212px\" data-recalc-dims=\"1\" \/><\/p>\n<p><a title=\"Amparo Gaztelu\" href=\"http:\/\/iratiirratia.eus\/audio\/18-10-26AmparoGaztelu.mp3\" target=\"_blank\" rel=\"noopener noreferrer\">Klikatu hemen elkarrizketa jaisteko<\/a><\/p>\n<p class=\"audioplayer_container\"><span style=\"display:block;padding:5px;border:1px solid #dddddd;background:#f8f8f8\" id=\"audioplayer_1\">Audio clip: Adobe Flash Player (version 9 or above) is required to play this audio clip. Download the latest version <a href=\"http:\/\/www.adobe.com\/shockwave\/download\/download.cgi?P1_Prod_Version=ShockwaveFlash&amp;promoid=BIOW\" title=\"Download Adobe Flash Player\">here<\/a>. You also need to have JavaScript enabled in your browser.<\/span><\/p>\n","protected":false},"excerpt":{"rendered":"<p>Beraien arteko elkarlana eta indarra ehunduz Pirinioa gorpuztera eta boteretzera eramango gaituzte, behintzat hori ondoriozta genezake. Horretaz hitz egiteko, Gaztelu elkarteko kidea den Amparo Vi\u00f1uales izan dugu. Berarekin errepasatu ditugu larunbatean Erronkarin izanen diren Pirinioko emakumeen topaketak. Kartela: Klikatu hemen elkarrizketa jaisteko [Audio clip: view full post to listen]<\/p>\n","protected":false},"author":1,"featured_media":12830,"comment_status":"open","ping_status":"open","sticky":false,"template":"","format":"standard","meta":{"jetpack_post_was_ever_published":false,"_jetpack_newsletter_access":"","_jetpack_newsletter_tier_id":0,"jetpack_publicize_message":"","jetpack_is_tweetstorm":false,"jetpack_publicize_feature_enabled":true,"jetpack_social_post_already_shared":true,"jetpack_social_options":{"image_generator_settings":{"template":"highway","enabled":false}}},"categories":[2,6],"tags":[],"jetpack_publicize_connections":[],"jetpack_featured_media_url":"https:\/\/i0.wp.com\/iratiirratia.eus\/wp-content\/uploads\/2018\/10\/44579656_714938712203150_5479859639510106112_n-1-e1540554788388.jpg?fit=631%2C168&ssl=1","jetpack_shortlink":"https:\/\/wp.me\/p7eaXY-3kU","jetpack_sharing_enabled":true,"jetpack-related-posts":[{"id":19155,"url":"https:\/\/iratiirratia.eus\/index.php\/2023\/10\/25\/erronkarin-burutuko-dira-xxii-pirinioetako-emakumeen-topaketak\/","url_meta":{"origin":12828,"position":0},"title":"Erronkarin burutuko dira XXII. Pirinioetako Emakumeen Topaketak","author":"Irati Irratia","date":"25 urria, 2023","format":false,"excerpt":"Elkartasunetik Sororitatea, emakumeen aliantza sororitatea eraikitzen lemapean emanen dira Laurentxi , Gure Aizpea, Xaiki eta Gaztelu emakume elkarteek antolatutako Pirinioetako Emakumeen XXII. Topaketak. Hauek sororitatea izanen dute gai nagusia eta Erronkarin burutuko dira urriaren 28an. Hau guztiaz solastu gara Gaztelu Elkarteko Amparo Vi\u00f1uales Gale lagunarekin. \u00a0 \u00a0 Amapro Vi\u00f1uales Gale\u2026","rel":"","context":"In &quot;Berriak&quot;","block_context":{"text":"Berriak","link":"https:\/\/iratiirratia.eus\/index.php\/category\/berriak\/"},"img":{"alt_text":"","src":"https:\/\/i0.wp.com\/iratiirratia.eus\/wp-content\/uploads\/2023\/10\/Imagen-de-WhatsApp-2023-10-19-a-las-11.11.09_504408f3-1.jpg?fit=848%2C1200&ssl=1&resize=350%2C200","width":350,"height":200,"srcset":"https:\/\/i0.wp.com\/iratiirratia.eus\/wp-content\/uploads\/2023\/10\/Imagen-de-WhatsApp-2023-10-19-a-las-11.11.09_504408f3-1.jpg?fit=848%2C1200&ssl=1&resize=350%2C200 1x, https:\/\/i0.wp.com\/iratiirratia.eus\/wp-content\/uploads\/2023\/10\/Imagen-de-WhatsApp-2023-10-19-a-las-11.11.09_504408f3-1.jpg?fit=848%2C1200&ssl=1&resize=525%2C300 1.5x, https:\/\/i0.wp.com\/iratiirratia.eus\/wp-content\/uploads\/2023\/10\/Imagen-de-WhatsApp-2023-10-19-a-las-11.11.09_504408f3-1.jpg?fit=848%2C1200&ssl=1&resize=700%2C400 2x"},"classes":[]},{"id":21625,"url":"https:\/\/iratiirratia.eus\/index.php\/2025\/03\/06\/emakumearen-hilabetea-eta-irakurle-talde-feminista-hizketagai-gaztelu-emakume-elkartearekin\/","url_meta":{"origin":12828,"position":1},"title":"Emakumearen hilabetea eta irakurle talde feminista hizketagai Gaztelu Emakume elkartearekin","author":"Eneko Villegas","date":"6 martxoa, 2025","format":false,"excerpt":"Martxoaren 8a iristear dela, Emakume elkarte eta asanbladek beti antolatzen ohi dituzte aldarrikapen ekitaldiak. Zoritxarrez, oraindik ere bada zer aldarrikatu ez baikara berdintasunean bizi, are gehiago epe erreakzionario baten erdian are garrantzitsuagoa bihurtu da aurtengo martxoaren 8an kalera ateratzea. Lan honetan dihardu Gaztelu Emakume taldeak zeina Berdintoki eta Emakume asanbladarekin\u2026","rel":"","context":"In &quot;Berriak&quot;","block_context":{"text":"Berriak","link":"https:\/\/iratiirratia.eus\/index.php\/category\/berriak\/"},"img":{"alt_text":"","src":"https:\/\/i0.wp.com\/iratiirratia.eus\/wp-content\/uploads\/2025\/03\/Imagen-de-WhatsApp-2025-03-05-a-las-16.34.19_7d1158a8.jpg?fit=720%2C1020&ssl=1&resize=350%2C200","width":350,"height":200,"srcset":"https:\/\/i0.wp.com\/iratiirratia.eus\/wp-content\/uploads\/2025\/03\/Imagen-de-WhatsApp-2025-03-05-a-las-16.34.19_7d1158a8.jpg?fit=720%2C1020&ssl=1&resize=350%2C200 1x, https:\/\/i0.wp.com\/iratiirratia.eus\/wp-content\/uploads\/2025\/03\/Imagen-de-WhatsApp-2025-03-05-a-las-16.34.19_7d1158a8.jpg?fit=720%2C1020&ssl=1&resize=525%2C300 1.5x, https:\/\/i0.wp.com\/iratiirratia.eus\/wp-content\/uploads\/2025\/03\/Imagen-de-WhatsApp-2025-03-05-a-las-16.34.19_7d1158a8.jpg?fit=720%2C1020&ssl=1&resize=700%2C400 2x"},"classes":[]},{"id":19973,"url":"https:\/\/iratiirratia.eus\/index.php\/2024\/05\/24\/palestinaren-egoeraren-inguruko-hitzaldia-emanen-du-mundu-bat-elkarteak-izaban-gaztelu-emakume-elkarteak-gonbidaturik\/","url_meta":{"origin":12828,"position":2},"title":"Palestinaren egoeraren inguruko hitzaldia emanen du Mundu Bat elkarteak Izaban Gaztelu emakume elkarteak gonbidaturik","author":"Eneko Villegas","date":"24 maiatza, 2024","format":false,"excerpt":"<p><strong>Karekin Kulturak eta Estitxu Larrea diseinatzaileak aurrera eramandako proiektua dugu Iratira Bidaia, emakumeen lorratzak. Estitxuren tesi batetik eratorritako ideia garatzen joan dira La Caixa fundazioak Innova Localek diruz lagunduta. Irati ibaiak bustitzen dituen lurraldeetara bisitatzeko eta bidaiatzeko modu kreatiboa da. Prozesu luze eta emankor honek 100 orrialdeko liburuxka eman du,\u2026","rel":"","context":"In &quot;Berriak&quot;","block_context":{"text":"Berriak","link":"https:\/\/iratiirratia.eus\/index.php\/category\/berriak\/"},"img":{"alt_text":"","src":"https:\/\/i0.wp.com\/iratiirratia.eus\/wp-content\/uploads\/2024\/05\/IzabaPalestina.jpg?resize=350%2C200&ssl=1","width":350,"height":200,"srcset":"https:\/\/i0.wp.com\/iratiirratia.eus\/wp-content\/uploads\/2024\/05\/IzabaPalestina.jpg?resize=350%2C200&ssl=1 1x, https:\/\/i0.wp.com\/iratiirratia.eus\/wp-content\/uploads\/2024\/05\/IzabaPalestina.jpg?resize=525%2C300&ssl=1 1.5x, https:\/\/i0.wp.com\/iratiirratia.eus\/wp-content\/uploads\/2024\/05\/IzabaPalestina.jpg?resize=700%2C400&ssl=1 2x, https:\/\/i0.wp.com\/iratiirratia.eus\/wp-content\/uploads\/2024\/05\/IzabaPalestina.jpg?resize=1050%2C600&ssl=1 3x, https:\/\/i0.wp.com\/iratiirratia.eus\/wp-content\/uploads\/2024\/05\/IzabaPalestina.jpg?resize=1400%2C800&ssl=1 4x"},"classes":[]},{"id":15495,"url":"https:\/\/iratiirratia.eus\/index.php\/2020\/11\/03\/elikadura-subirautza-bidean-jakiak-ehuntzen\/","url_meta":{"origin":12828,"position":3},"title":"Elikadura subirautza bidean jakiak ehuntzen","author":"Irati Irratia","date":"3 azaroa, 2020","format":false,"excerpt":"Elikadura burujabetzaren bidean jarri dira zenbait lagun lanean. Horietariko bat Jone Alastuey dugu Erronkaribarreko lehendakaria eta gaurkoan Jakiak Ehuntzen egitasmoa aurkeztu diguna. Tokiko produktu eta lanketa burutzeko egitasmoa dugu gaur ezagutu duguna. Bertan, Pirinioko mahaiaz aparte, Espartzako udala, Gu Pirinioa eta Burgiko udala ditugu, Nafar Gobernuaren finantziazioarekin. Honi hasiera emateko\u2026","rel":"","context":"In &quot;Aezkoa&quot;","block_context":{"text":"Aezkoa","link":"https:\/\/iratiirratia.eus\/index.php\/category\/aezkoa\/"},"img":{"alt_text":"","src":"https:\/\/i0.wp.com\/iratiirratia.eus\/wp-content\/uploads\/2020\/11\/00017-scaled-e1604409789575.jpg?fit=1200%2C453&ssl=1&resize=350%2C200","width":350,"height":200,"srcset":"https:\/\/i0.wp.com\/iratiirratia.eus\/wp-content\/uploads\/2020\/11\/00017-scaled-e1604409789575.jpg?fit=1200%2C453&ssl=1&resize=350%2C200 1x, https:\/\/i0.wp.com\/iratiirratia.eus\/wp-content\/uploads\/2020\/11\/00017-scaled-e1604409789575.jpg?fit=1200%2C453&ssl=1&resize=525%2C300 1.5x, https:\/\/i0.wp.com\/iratiirratia.eus\/wp-content\/uploads\/2020\/11\/00017-scaled-e1604409789575.jpg?fit=1200%2C453&ssl=1&resize=700%2C400 2x, https:\/\/i0.wp.com\/iratiirratia.eus\/wp-content\/uploads\/2020\/11\/00017-scaled-e1604409789575.jpg?fit=1200%2C453&ssl=1&resize=1050%2C600 3x"},"classes":[]},{"id":20600,"url":"https:\/\/iratiirratia.eus\/index.php\/2024\/09\/26\/el-club-de-lectura-feminista-sera-presentado-manana-en-la-biblioteca-de-roncal\/","url_meta":{"origin":12828,"position":4},"title":"El Club de Lectura Feminista ser\u00e1 presentado ma\u00f1ana en la biblioteca de Roncal","author":"Eneko Villegas","date":"26 iraila, 2024","format":false,"excerpt":"Ma\u00f1ana 27 de septiembre a las 17:00 dar\u00e1 comienzo el Club de Lectura Feminista organizada por la asociaci\u00f3n de mujeres Gaztelu en la biblioteca de Roncal. Para explicarnos qu\u00e9 va hacer este club de lectura hemos hablado con Amparo Vi\u00f1uales, compa\u00f1era de la mencionada asociaci\u00f3n de mujeres. \u00a0 Amparo Vi\u00f1uales\u2026","rel":"","context":"In &quot;Erronkari&quot;","block_context":{"text":"Erronkari","link":"https:\/\/iratiirratia.eus\/index.php\/category\/erronkari\/"},"img":{"alt_text":"","src":"https:\/\/i0.wp.com\/iratiirratia.eus\/wp-content\/uploads\/2024\/09\/lecturafem.jpg?fit=853%2C1200&ssl=1&resize=350%2C200","width":350,"height":200,"srcset":"https:\/\/i0.wp.com\/iratiirratia.eus\/wp-content\/uploads\/2024\/09\/lecturafem.jpg?fit=853%2C1200&ssl=1&resize=350%2C200 1x, https:\/\/i0.wp.com\/iratiirratia.eus\/wp-content\/uploads\/2024\/09\/lecturafem.jpg?fit=853%2C1200&ssl=1&resize=525%2C300 1.5x, https:\/\/i0.wp.com\/iratiirratia.eus\/wp-content\/uploads\/2024\/09\/lecturafem.jpg?fit=853%2C1200&ssl=1&resize=700%2C400 2x"},"classes":[]},{"id":21024,"url":"https:\/\/iratiirratia.eus\/index.php\/2024\/11\/06\/zangotzako-merindadeko-produktuekin-eratutako-eguberrietarako-saskiak-eskainiko-ditu-jakiak-ehuntzen-egitasmoak\/","url_meta":{"origin":12828,"position":5},"title":"Zangotzako merindadeko produktuekin eratutako Eguberrietarako saskiak eskainiko ditu Jakiak Ehuntzen egitasmoak","author":"Eneko Villegas","date":"6 azaroa, 2024","format":false,"excerpt":"Jakiak Ehuntzen (Tejiendo la despensa) Zangotza merindadeko produktoreen elkargoa dugu, zeina bere helburu nagusia den bertako produktua sustatzea. Urteak daramazkite zenbait lan egiten, tartean bertako ekoizleen banaketa egiten zonaldean. Honetaz aparte, aurten, Eguberrietan banatzen diren saskiak direla eta euren saski propioak ekoiztea otu zaie. 3 saski mota daude aukeratzeke 75\u2026","rel":"","context":"In &quot;Abeltzaintza&quot;","block_context":{"text":"Abeltzaintza","link":"https:\/\/iratiirratia.eus\/index.php\/category\/abeltzaintza\/"},"img":{"alt_text":"","src":"https:\/\/i0.wp.com\/iratiirratia.eus\/wp-content\/uploads\/2024\/11\/Nuestras-cestas_-Gure-saskiak1.jpg?resize=350%2C200&ssl=1","width":350,"height":200},"classes":[]}],"_links":{"self":[{"href":"https:\/\/iratiirratia.eus\/index.php\/wp-json\/wp\/v2\/posts\/12828"}],"collection":[{"href":"https:\/\/iratiirratia.eus\/index.php\/wp-json\/wp\/v2\/posts"}],"about":[{"href":"https:\/\/iratiirratia.eus\/index.php\/wp-json\/wp\/v2\/types\/post"}],"author":[{"embeddable":true,"href":"https:\/\/iratiirratia.eus\/index.php\/wp-json\/wp\/v2\/users\/1"}],"replies":[{"embeddable":true,"href":"https:\/\/iratiirratia.eus\/index.php\/wp-json\/wp\/v2\/comments?post=12828"}],"version-history":[{"count":1,"href":"https:\/\/iratiirratia.eus\/index.php\/wp-json\/wp\/v2\/posts\/12828\/revisions"}],"predecessor-version":[{"id":12831,"href":"https:\/\/iratiirratia.eus\/index.php\/wp-json\/wp\/v2\/posts\/12828\/revisions\/12831"}],"wp:featuredmedia":[{"embeddable":true,"href":"https:\/\/iratiirratia.eus\/index.php\/wp-json\/wp\/v2\/media\/12830"}],"wp:attachment":[{"href":"https:\/\/iratiirratia.eus\/index.php\/wp-json\/wp\/v2\/media?parent=12828"}],"wp:term":[{"taxonomy":"category","embeddable":true,"href":"https:\/\/iratiirratia.eus\/index.php\/wp-json\/wp\/v2\/categories?post=12828"},{"taxonomy":"post_tag","embeddable":true,"href":"https:\/\/iratiirratia.eus\/index.php\/wp-json\/wp\/v2\/tags?post=12828"}],"curies":[{"name":"wp","href":"https:\/\/api.w.org\/{rel}","templated":true}]}}