{"id":12837,"date":"2018-10-30T14:29:47","date_gmt":"2018-10-30T13:29:47","guid":{"rendered":"http:\/\/iratiirratia.eus\/?p=12837"},"modified":"2018-10-30T14:29:47","modified_gmt":"2018-10-30T13:29:47","slug":"egun-on-aunamendi-1191","status":"publish","type":"post","link":"https:\/\/iratiirratia.eus\/index.php\/2018\/10\/30\/egun-on-aunamendi-1191\/","title":{"rendered":"Egun on, Au\u00f1amendi!"},"content":{"rendered":"<p>Gaurko saioan Aralar irratiko <strong>Martin Juanena<\/strong>rekin izan gara Larraun-Lekunberriko kronika jasotzen. Ondoren Stee-Eilas sindikatuko kidea den <strong>Diana Bru\u00f1o<\/strong> izan dugu Skolae hezkuntza programaren inguruan solasten. Bukatzeko Elhuyar fundazioko Quark saioa izan dugu Herpes birusak eta alzheimerrak duten erlazioa aztertzen.<br \/>\nEta, nola ez, berriak, inguruko abisuak eta agenda errepasatu ditugu. Entzun!<\/p>\n<p><img data-attachment-id=\"535\" data-permalink=\"https:\/\/iratiirratia.eus\/egunon\/\" data-orig-file=\"https:\/\/i0.wp.com\/iratiirratia.eus\/wp-content\/uploads\/2011\/04\/egunon.jpg?fit=132%2C125&amp;ssl=1\" data-orig-size=\"132,125\" data-comments-opened=\"1\" data-image-meta=\"{&quot;aperture&quot;:&quot;0&quot;,&quot;credit&quot;:&quot;&quot;,&quot;camera&quot;:&quot;&quot;,&quot;caption&quot;:&quot;&quot;,&quot;created_timestamp&quot;:&quot;0&quot;,&quot;copyright&quot;:&quot;&quot;,&quot;focal_length&quot;:&quot;0&quot;,&quot;iso&quot;:&quot;0&quot;,&quot;shutter_speed&quot;:&quot;0&quot;,&quot;title&quot;:&quot;&quot;,&quot;orientation&quot;:&quot;0&quot;}\" data-image-title=\"egunon\" data-image-description=\"\" data-image-caption=\"\" data-medium-file=\"https:\/\/i0.wp.com\/iratiirratia.eus\/wp-content\/uploads\/2011\/04\/egunon.jpg?fit=132%2C125&amp;ssl=1\" data-large-file=\"https:\/\/i0.wp.com\/iratiirratia.eus\/wp-content\/uploads\/2011\/04\/egunon.jpg?fit=132%2C125&amp;ssl=1\" decoding=\"async\" loading=\"lazy\" width=\"132\" height=\"125\" class=\"size-full wp-image-535\" style=\"float: left; margin: 0; margin-right: 20px;\" title=\"egunon\" src=\"https:\/\/i0.wp.com\/iratiirratia.eus\/wp-content\/uploads\/2011\/04\/egunon.jpg?resize=132%2C125\" alt=\"Egun on, Au\u00f1amendi!\" data-recalc-dims=\"1\" \/><\/p>\n<div style=\"padding-left: 20px;\">\n<p><strong>Izenburua:<\/strong> Urriaren 30eko saioa<\/p>\n<p><strong>Iraupena:<\/strong> 2:40 ordu<\/p>\n<p><a title=\"Urriaren 30eko saioa\" href=\"http:\/\/iratiirratia.eus\/audio\/18-10-30.mp3\" target=\"_blank\" rel=\"noopener\">Klikatu hemen saioa jaisteko<\/a><\/p>\n<p class=\"audioplayer_container\"><span style=\"display:block;padding:5px;border:1px solid #dddddd;background:#f8f8f8\" id=\"audioplayer_1\">Audio clip: Adobe Flash Player (version 9 or above) is required to play this audio clip. Download the latest version <a href=\"http:\/\/www.adobe.com\/shockwave\/download\/download.cgi?P1_Prod_Version=ShockwaveFlash&amp;promoid=BIOW\" title=\"Download Adobe Flash Player\">here<\/a>. You also need to have JavaScript enabled in your browser.<\/span><\/p>\n<\/div>\n","protected":false},"excerpt":{"rendered":"<p>Gaurko saioan Aralar irratiko Martin Juanenarekin izan gara Larraun-Lekunberriko kronika jasotzen. Ondoren Stee-Eilas sindikatuko kidea den Diana Bru\u00f1o izan dugu Skolae hezkuntza programaren inguruan solasten. Bukatzeko Elhuyar fundazioko Quark saioa izan dugu Herpes birusak eta alzheimerrak duten erlazioa aztertzen. Eta, nola ez, berriak, inguruko abisuak eta agenda errepasatu ditugu. Entzun! Izenburua: Urriaren 30eko saioa Iraupena: [&hellip;]<\/p>\n","protected":false},"author":1,"featured_media":0,"comment_status":"open","ping_status":"open","sticky":false,"template":"","format":"standard","meta":{"jetpack_post_was_ever_published":false,"_jetpack_newsletter_access":"","_jetpack_newsletter_tier_id":0,"jetpack_publicize_message":"","jetpack_is_tweetstorm":false,"jetpack_publicize_feature_enabled":true,"jetpack_social_post_already_shared":true,"jetpack_social_options":{"image_generator_settings":{"template":"highway","enabled":false}}},"categories":[4],"tags":[],"jetpack_publicize_connections":[],"jetpack_featured_media_url":"","jetpack_shortlink":"https:\/\/wp.me\/p7eaXY-3l3","jetpack_sharing_enabled":true,"jetpack-related-posts":[{"id":12994,"url":"https:\/\/iratiirratia.eus\/index.php\/2018\/12\/18\/egun-on-aunamendi-1218\/","url_meta":{"origin":12837,"position":0},"title":"Egun on, Au\u00f1amendi !","author":"Irati Irratia","date":"18 abendua, 2018","format":false,"excerpt":"Gaurkoan, Aralar irratiko Martin Juanenarekin izan gara Larraun-Lekunberriko kronika jasotzen. Gaur migranteen eguna izanda, gai hau landu dugu. Asteburuan Bizkaiako bertso finala jokatu eta gero saio hartako audio batzuk entzuteko aukera izan dugu, Onintza Enbeitiak txapala irabazi eta gero botatako bertsoarekin tarte hau amaitu dugu. Eta, nola ez, berriak, inguruko\u2026","rel":"","context":"In &quot;Egun on, Au\u00f1amendi!&quot;","block_context":{"text":"Egun on, Au\u00f1amendi!","link":"https:\/\/iratiirratia.eus\/index.php\/category\/egunon-aunamendi\/"},"img":{"alt_text":"","src":"","width":0,"height":0},"classes":[]},{"id":5841,"url":"https:\/\/iratiirratia.eus\/index.php\/2015\/04\/23\/alderdiekin-egindako-mahai-inguruako-audioa-audio-de-la-mesa-redonda-con-los-partidos\/","url_meta":{"origin":12837,"position":1},"title":"Alderdiekin egindako mahai-inguruko audioa &#8211; Audio de la mesa redonda con los partidos","author":"Irati Irratia","date":"23 apirila, 2015","format":false,"excerpt":"Izenburua: Mahai-inguruko audioa Iraupena: 2:30 ordu Klikatu hemen saioa jaisteko [audio:http:\/\/iratiirratia.eus\/audio\/Mahai_ingurua.MP3|titles=Egun on, Au\u00f1amendi! 15-04-23]","rel":"","context":"In &quot;Egun on, Au\u00f1amendi!&quot;","block_context":{"text":"Egun on, Au\u00f1amendi!","link":"https:\/\/iratiirratia.eus\/index.php\/category\/egunon-aunamendi\/"},"img":{"alt_text":"","src":"","width":0,"height":0},"classes":[]},{"id":11384,"url":"https:\/\/iratiirratia.eus\/index.php\/2017\/10\/18\/egun-on-aunamendi-957\/","url_meta":{"origin":12837,"position":2},"title":"Egun on, Au\u00f1amendi!","author":"Irati Irratia","date":"18 urria, 2017","format":false,"excerpt":"Gaurkoan,Jose Ignacio Ubau izan dugu gorputzaren zaintzeaz elekatzen.Ondoren,Sergio Hernandez Txentxo eduki dugu Bertso eskolako kidea bera, bertso eskola beraz hitzegiteko. Bukatzeko Unai Zabaleta izan dugu Karrape irratitik Leitzaldeko kronika pasatzen. Eta, nola ez, berriak, inguruko abisuak eta agenda errepasatu ditugu. Entzun! Izenburua: Urriaren 18ko saioa Iraupena: 2:30 ordu Klikatu hemen\u2026","rel":"","context":"In &quot;Egun on, Au\u00f1amendi!&quot;","block_context":{"text":"Egun on, Au\u00f1amendi!","link":"https:\/\/iratiirratia.eus\/index.php\/category\/egunon-aunamendi\/"},"img":{"alt_text":"","src":"","width":0,"height":0},"classes":[]},{"id":14675,"url":"https:\/\/iratiirratia.eus\/index.php\/2020\/03\/24\/egun-on-aunamendi-nafarroaren-eguna-mikel-antza-eta-pirinioko-soinu-bandaren-5-atala\/","url_meta":{"origin":12837,"position":3},"title":"Egun on, Au\u00f1amendi! Nafarroaren Eguna, Mikel Antza eta Pirinioko Soinu Bandaren 5. atala","author":"Irati Irratia","date":"24 martxoa, 2020","format":false,"excerpt":"Gaurko saioa Nafarroaren eguna bertan behera geratu dela ohartaraziz hasi dugu. Ondoren, Mikel Albisu, Mikel Antzak prestatutako audio testua jarri dugu gaur egungo egoeraren hausnarketa eginez. Bukatzeko 10 kantuen erronkarekin jarraitu dugu eta gaur Garraldako Negukoen txanda izan da Izenburua: Martxoaren 24ko saioa Iraupena: 3 ordu Klikatu hemen saioa jaisteko\u2026","rel":"","context":"In &quot;Egun on, Au\u00f1amendi!&quot;","block_context":{"text":"Egun on, Au\u00f1amendi!","link":"https:\/\/iratiirratia.eus\/index.php\/category\/egunon-aunamendi\/"},"img":{"alt_text":"","src":"","width":0,"height":0},"classes":[]},{"id":15861,"url":"https:\/\/iratiirratia.eus\/index.php\/2021\/02\/26\/egun-on-aunamendi-mikel-zabalza-auzia-eta-erronkariko-konexioa\/","url_meta":{"origin":12837,"position":4},"title":"Egun On, Au\u00f1amendi! Mikel Zabalza auzia eta Erronkariko konexioa","author":"Irati Irratia","date":"26 otsaila, 2021","format":false,"excerpt":"Atelehenean aditzera eman zituzten Mikel Zabalzaren kasuaren inguruko audio zenbait eta kalapita sortu zuten. Honen inguruan Idoia Zabaltzarekin solastu gara gaurkoan. Ondoren, Erronkarira joan gara Julian Gabasekin egotera. Izenburua: Otsailaren 26ko saioa Iraupena: 2:35 ordu Klikatu hemen saioa jaisteko [audio:http:\/\/iratiirratia.eus\/audio\/21-02-26.mp3]","rel":"","context":"In &quot;Egun on, Au\u00f1amendi!&quot;","block_context":{"text":"Egun on, Au\u00f1amendi!","link":"https:\/\/iratiirratia.eus\/index.php\/category\/egunon-aunamendi\/"},"img":{"alt_text":"","src":"","width":0,"height":0},"classes":[]},{"id":9444,"url":"https:\/\/iratiirratia.eus\/index.php\/2016\/10\/18\/egun-on-aunamendi-727\/","url_meta":{"origin":12837,"position":5},"title":"Egun on, Au\u00f1amendi!","author":"Irati Irratia","date":"18 urria, 2016","format":false,"excerpt":"Errigora kanpaina berria iristear da, eta berrikuntzekin gainera. Izaskun Zabalza AEKko kideak kontatu digu. 'Hemen garela' ikuskizuna taularatuko dute larunbatean, Elorri Taldeak, Haize Hari y Gwyntal Quartetek. Azken honetan aritzen den \u00c1ngela Ira\u00f1etarekin hitz egin dugu. Zientziari tartea egin diogu, eta Aralar irratia bisitatu dugu. Eta, nola ez, berriak, inguruko\u2026","rel":"","context":"In &quot;Egun on, Au\u00f1amendi!&quot;","block_context":{"text":"Egun on, Au\u00f1amendi!","link":"https:\/\/iratiirratia.eus\/index.php\/category\/egunon-aunamendi\/"},"img":{"alt_text":"","src":"","width":0,"height":0},"classes":[]}],"_links":{"self":[{"href":"https:\/\/iratiirratia.eus\/index.php\/wp-json\/wp\/v2\/posts\/12837"}],"collection":[{"href":"https:\/\/iratiirratia.eus\/index.php\/wp-json\/wp\/v2\/posts"}],"about":[{"href":"https:\/\/iratiirratia.eus\/index.php\/wp-json\/wp\/v2\/types\/post"}],"author":[{"embeddable":true,"href":"https:\/\/iratiirratia.eus\/index.php\/wp-json\/wp\/v2\/users\/1"}],"replies":[{"embeddable":true,"href":"https:\/\/iratiirratia.eus\/index.php\/wp-json\/wp\/v2\/comments?post=12837"}],"version-history":[{"count":1,"href":"https:\/\/iratiirratia.eus\/index.php\/wp-json\/wp\/v2\/posts\/12837\/revisions"}],"predecessor-version":[{"id":12838,"href":"https:\/\/iratiirratia.eus\/index.php\/wp-json\/wp\/v2\/posts\/12837\/revisions\/12838"}],"wp:attachment":[{"href":"https:\/\/iratiirratia.eus\/index.php\/wp-json\/wp\/v2\/media?parent=12837"}],"wp:term":[{"taxonomy":"category","embeddable":true,"href":"https:\/\/iratiirratia.eus\/index.php\/wp-json\/wp\/v2\/categories?post=12837"},{"taxonomy":"post_tag","embeddable":true,"href":"https:\/\/iratiirratia.eus\/index.php\/wp-json\/wp\/v2\/tags?post=12837"}],"curies":[{"name":"wp","href":"https:\/\/api.w.org\/{rel}","templated":true}]}}