{"id":12846,"date":"2018-10-31T14:10:10","date_gmt":"2018-10-31T13:10:10","guid":{"rendered":"http:\/\/iratiirratia.eus\/?p=12846"},"modified":"2018-10-31T14:10:10","modified_gmt":"2018-10-31T13:10:10","slug":"egun-on-aunamendi-1192","status":"publish","type":"post","link":"https:\/\/iratiirratia.eus\/index.php\/2018\/10\/31\/egun-on-aunamendi-1192\/","title":{"rendered":"Egun on, Au\u00f1amendi!"},"content":{"rendered":"<p>Gaurko saioan, lehendabizi <strong>Jose Ignacio Ubau<\/strong> izan dugu Memoria eta Iktusaren inguruan elekatzen. Ondoren Josetxo Goia Ariberen hitzak berreskuratu ditugu, Jito Alai ikuskizuna Zangotzara baitator. Bukatzeko Altsasuko Asanbladak eginiko prentsaurrekoaren audioa ekarri dugu, larunbat eta igandean Altsasun izanen diren mobilizazioetaz jabetzeko.<\/p>\n<p>Eta nola ez eguneko berriak, eguraldia eta agenda errepasatu ditugu!<br \/>\nEntzun!<\/p>\n<p><img data-attachment-id=\"535\" data-permalink=\"https:\/\/iratiirratia.eus\/egunon\/\" data-orig-file=\"https:\/\/i0.wp.com\/iratiirratia.eus\/wp-content\/uploads\/2011\/04\/egunon.jpg?fit=132%2C125&amp;ssl=1\" data-orig-size=\"132,125\" data-comments-opened=\"1\" data-image-meta=\"{&quot;aperture&quot;:&quot;0&quot;,&quot;credit&quot;:&quot;&quot;,&quot;camera&quot;:&quot;&quot;,&quot;caption&quot;:&quot;&quot;,&quot;created_timestamp&quot;:&quot;0&quot;,&quot;copyright&quot;:&quot;&quot;,&quot;focal_length&quot;:&quot;0&quot;,&quot;iso&quot;:&quot;0&quot;,&quot;shutter_speed&quot;:&quot;0&quot;,&quot;title&quot;:&quot;&quot;,&quot;orientation&quot;:&quot;0&quot;}\" data-image-title=\"egunon\" data-image-description=\"\" data-image-caption=\"\" data-medium-file=\"https:\/\/i0.wp.com\/iratiirratia.eus\/wp-content\/uploads\/2011\/04\/egunon.jpg?fit=132%2C125&amp;ssl=1\" data-large-file=\"https:\/\/i0.wp.com\/iratiirratia.eus\/wp-content\/uploads\/2011\/04\/egunon.jpg?fit=132%2C125&amp;ssl=1\" decoding=\"async\" loading=\"lazy\" width=\"132\" height=\"125\" class=\"size-full wp-image-535\" style=\"float: left; margin: 0; margin-right: 20px;\" title=\"egunon\" src=\"https:\/\/i0.wp.com\/iratiirratia.eus\/wp-content\/uploads\/2011\/04\/egunon.jpg?resize=132%2C125\" alt=\"Egun on, Au\u00f1amendi!\" data-recalc-dims=\"1\" \/><\/p>\n<div style=\"padding-left: 20px;\">\n<p><strong>Izenburua:<\/strong> Urriaren 31ko saioa<\/p>\n<p><strong>Iraupena:<\/strong> 2:40 ordu<\/p>\n<p><a title=\"Urriaren 31ko saioa\" href=\"http:\/\/iratiirratia.eus\/audio\/18-10-31.mp3\" target=\"_blank\" rel=\"noopener\">Klikatu hemen saioa jaisteko<\/a><\/p>\n<p class=\"audioplayer_container\"><span style=\"display:block;padding:5px;border:1px solid #dddddd;background:#f8f8f8\" id=\"audioplayer_1\">Audio clip: Adobe Flash Player (version 9 or above) is required to play this audio clip. Download the latest version <a href=\"http:\/\/www.adobe.com\/shockwave\/download\/download.cgi?P1_Prod_Version=ShockwaveFlash&amp;promoid=BIOW\" title=\"Download Adobe Flash Player\">here<\/a>. You also need to have JavaScript enabled in your browser.<\/span><\/p>\n<\/div>\n","protected":false},"excerpt":{"rendered":"<p>Gaurko saioan, lehendabizi Jose Ignacio Ubau izan dugu Memoria eta Iktusaren inguruan elekatzen. Ondoren Josetxo Goia Ariberen hitzak berreskuratu ditugu, Jito Alai ikuskizuna Zangotzara baitator. Bukatzeko Altsasuko Asanbladak eginiko prentsaurrekoaren audioa ekarri dugu, larunbat eta igandean Altsasun izanen diren mobilizazioetaz jabetzeko. Eta nola ez eguneko berriak, eguraldia eta agenda errepasatu ditugu! Entzun! Izenburua: Urriaren 31ko [&hellip;]<\/p>\n","protected":false},"author":1,"featured_media":0,"comment_status":"open","ping_status":"open","sticky":false,"template":"","format":"standard","meta":{"jetpack_post_was_ever_published":false,"_jetpack_newsletter_access":"","_jetpack_newsletter_tier_id":0,"jetpack_publicize_message":"","jetpack_is_tweetstorm":false,"jetpack_publicize_feature_enabled":true,"jetpack_social_post_already_shared":true,"jetpack_social_options":{"image_generator_settings":{"template":"highway","enabled":false}}},"categories":[4],"tags":[],"jetpack_publicize_connections":[],"jetpack_featured_media_url":"","jetpack_shortlink":"https:\/\/wp.me\/p7eaXY-3lc","jetpack_sharing_enabled":true,"jetpack-related-posts":[{"id":12994,"url":"https:\/\/iratiirratia.eus\/index.php\/2018\/12\/18\/egun-on-aunamendi-1218\/","url_meta":{"origin":12846,"position":0},"title":"Egun on, Au\u00f1amendi !","author":"Irati Irratia","date":"18 abendua, 2018","format":false,"excerpt":"Gaurkoan, Aralar irratiko Martin Juanenarekin izan gara Larraun-Lekunberriko kronika jasotzen. Gaur migranteen eguna izanda, gai hau landu dugu. Asteburuan Bizkaiako bertso finala jokatu eta gero saio hartako audio batzuk entzuteko aukera izan dugu, Onintza Enbeitiak txapala irabazi eta gero botatako bertsoarekin tarte hau amaitu dugu. Eta, nola ez, berriak, inguruko\u2026","rel":"","context":"In &quot;Egun on, Au\u00f1amendi!&quot;","block_context":{"text":"Egun on, Au\u00f1amendi!","link":"https:\/\/iratiirratia.eus\/index.php\/category\/egunon-aunamendi\/"},"img":{"alt_text":"","src":"","width":0,"height":0},"classes":[]},{"id":11384,"url":"https:\/\/iratiirratia.eus\/index.php\/2017\/10\/18\/egun-on-aunamendi-957\/","url_meta":{"origin":12846,"position":1},"title":"Egun on, Au\u00f1amendi!","author":"Irati Irratia","date":"18 urria, 2017","format":false,"excerpt":"Gaurkoan,Jose Ignacio Ubau izan dugu gorputzaren zaintzeaz elekatzen.Ondoren,Sergio Hernandez Txentxo eduki dugu Bertso eskolako kidea bera, bertso eskola beraz hitzegiteko. Bukatzeko Unai Zabaleta izan dugu Karrape irratitik Leitzaldeko kronika pasatzen. Eta, nola ez, berriak, inguruko abisuak eta agenda errepasatu ditugu. Entzun! Izenburua: Urriaren 18ko saioa Iraupena: 2:30 ordu Klikatu hemen\u2026","rel":"","context":"In &quot;Egun on, Au\u00f1amendi!&quot;","block_context":{"text":"Egun on, Au\u00f1amendi!","link":"https:\/\/iratiirratia.eus\/index.php\/category\/egunon-aunamendi\/"},"img":{"alt_text":"","src":"","width":0,"height":0},"classes":[]},{"id":13703,"url":"https:\/\/iratiirratia.eus\/index.php\/2019\/07\/31\/egun-on-aunamendi-1346\/","url_meta":{"origin":12846,"position":2},"title":"Egun on, Au\u00f1amendi!","author":"Irati Irratia","date":"31 uztaila, 2019","format":false,"excerpt":"Gaur, saio hasteko Jose Ignacio Ubauren adinduen kontrako indarkeria lantzen zuen kolaborazioa berreskuratu dugu. Bukatzeko Karrape Irratira joan gara Unai Zabaletarekin. Eta nola ez eguneko berriak, eguraldia eta agenda errepasatu ditugu!Entzun! Izenburua: Uztailaren 31ko saioa Iraupena: 2:40 ordu Klikatu hemen saioa jeisteko [audio:http:\/\/iratiirratia.eus\/audio\/19-07-31.mp3|titles=Egun on, Au\u00f1amendi! 19-07-31]","rel":"","context":"In &quot;Egun on, Au\u00f1amendi!&quot;","block_context":{"text":"Egun on, Au\u00f1amendi!","link":"https:\/\/iratiirratia.eus\/index.php\/category\/egunon-aunamendi\/"},"img":{"alt_text":"","src":"","width":0,"height":0},"classes":[]},{"id":10649,"url":"https:\/\/iratiirratia.eus\/index.php\/2017\/05\/31\/egun-on-aunamendi-874\/","url_meta":{"origin":12846,"position":3},"title":"Egun on, Au\u00f1amendi!","author":"Irati Irratia","date":"31 maiatza, 2017","format":false,"excerpt":"Gaurkoan Jose Ignacio Ubauk zoriontsu eta antsietate gabeko pertsonak izateko aholkuak eman dizkigu. Ondoren Libertad Frances Salhaketako kidea izan dugu saioan konpetentzia penitentziarioen inguruko informeaz hizketan eta bukatzeko Karrape irratira jo behar genuen baina azken uneko arazoak direla medio ezin izan dugu kronika jaso eta honen truke Pirinioko Mahaiaren arkitekturaren\u2026","rel":"","context":"In &quot;Egun on, Au\u00f1amendi!&quot;","block_context":{"text":"Egun on, Au\u00f1amendi!","link":"https:\/\/iratiirratia.eus\/index.php\/category\/egunon-aunamendi\/"},"img":{"alt_text":"","src":"","width":0,"height":0},"classes":[]},{"id":5841,"url":"https:\/\/iratiirratia.eus\/index.php\/2015\/04\/23\/alderdiekin-egindako-mahai-inguruako-audioa-audio-de-la-mesa-redonda-con-los-partidos\/","url_meta":{"origin":12846,"position":4},"title":"Alderdiekin egindako mahai-inguruko audioa &#8211; Audio de la mesa redonda con los partidos","author":"Irati Irratia","date":"23 apirila, 2015","format":false,"excerpt":"Izenburua: Mahai-inguruko audioa Iraupena: 2:30 ordu Klikatu hemen saioa jaisteko [audio:http:\/\/iratiirratia.eus\/audio\/Mahai_ingurua.MP3|titles=Egun on, Au\u00f1amendi! 15-04-23]","rel":"","context":"In &quot;Egun on, Au\u00f1amendi!&quot;","block_context":{"text":"Egun on, Au\u00f1amendi!","link":"https:\/\/iratiirratia.eus\/index.php\/category\/egunon-aunamendi\/"},"img":{"alt_text":"","src":"","width":0,"height":0},"classes":[]},{"id":9485,"url":"https:\/\/iratiirratia.eus\/index.php\/2016\/10\/31\/egun-on-aunamendi-736\/","url_meta":{"origin":12846,"position":5},"title":"Egun on, Au\u00f1amendi!","author":"Irati Irratia","date":"31 urria, 2016","format":false,"excerpt":"Ekuatore Gineako errealitatearen inguruan aritu gara gaurkoan. Bisila elkarteko Bego\u00f1a Canterorekin bertako haurren eta udako harrera programaren inguruan hitz egin dugu. Andres Bidartek abereei lortutako hiru gai ekarri dizkigu. Xorroxin eta Euskalerria irratiak bisitatu ditugu. Eta, nola ez, berriak, inguruko abisuak eta agenda errepasatu ditugu. Entzun! Izenburua: Urriaren 31ko saioa\u2026","rel":"","context":"In &quot;Egun on, Au\u00f1amendi!&quot;","block_context":{"text":"Egun on, Au\u00f1amendi!","link":"https:\/\/iratiirratia.eus\/index.php\/category\/egunon-aunamendi\/"},"img":{"alt_text":"","src":"","width":0,"height":0},"classes":[]}],"_links":{"self":[{"href":"https:\/\/iratiirratia.eus\/index.php\/wp-json\/wp\/v2\/posts\/12846"}],"collection":[{"href":"https:\/\/iratiirratia.eus\/index.php\/wp-json\/wp\/v2\/posts"}],"about":[{"href":"https:\/\/iratiirratia.eus\/index.php\/wp-json\/wp\/v2\/types\/post"}],"author":[{"embeddable":true,"href":"https:\/\/iratiirratia.eus\/index.php\/wp-json\/wp\/v2\/users\/1"}],"replies":[{"embeddable":true,"href":"https:\/\/iratiirratia.eus\/index.php\/wp-json\/wp\/v2\/comments?post=12846"}],"version-history":[{"count":1,"href":"https:\/\/iratiirratia.eus\/index.php\/wp-json\/wp\/v2\/posts\/12846\/revisions"}],"predecessor-version":[{"id":12847,"href":"https:\/\/iratiirratia.eus\/index.php\/wp-json\/wp\/v2\/posts\/12846\/revisions\/12847"}],"wp:attachment":[{"href":"https:\/\/iratiirratia.eus\/index.php\/wp-json\/wp\/v2\/media?parent=12846"}],"wp:term":[{"taxonomy":"category","embeddable":true,"href":"https:\/\/iratiirratia.eus\/index.php\/wp-json\/wp\/v2\/categories?post=12846"},{"taxonomy":"post_tag","embeddable":true,"href":"https:\/\/iratiirratia.eus\/index.php\/wp-json\/wp\/v2\/tags?post=12846"}],"curies":[{"name":"wp","href":"https:\/\/api.w.org\/{rel}","templated":true}]}}