{"id":12897,"date":"2018-11-16T14:02:36","date_gmt":"2018-11-16T13:02:36","guid":{"rendered":"http:\/\/iratiirratia.eus\/?p=12897"},"modified":"2018-11-16T14:02:36","modified_gmt":"2018-11-16T13:02:36","slug":"egun-on-aunamendi-1202","status":"publish","type":"post","link":"https:\/\/iratiirratia.eus\/index.php\/2018\/11\/16\/egun-on-aunamendi-1202\/","title":{"rendered":"Egun on, Au\u00f1amendi!"},"content":{"rendered":"<p>Gaurkoan Pirinioan Lan eta Bizik antolatutako bideo-proiekzioen inguruan aritu gara, zertzelada batzuk ematen. Ondoren Erronkariko bailarara joan eta <strong>Julian Gabas<\/strong> bisitatu dugu hango kronika luza zezan. Bukatzeko Irulegi irratiko lagunek bidalitako kronika eskeini dugu.<br \/>\nEta, nola ez, berriak, inguruko abisuak , agenda eta zine estreinaldiak errepasatu ditugu. Entzun!<\/p>\n<p><img data-attachment-id=\"535\" data-permalink=\"https:\/\/iratiirratia.eus\/egunon\/\" data-orig-file=\"https:\/\/i0.wp.com\/iratiirratia.eus\/wp-content\/uploads\/2011\/04\/egunon.jpg?fit=132%2C125&amp;ssl=1\" data-orig-size=\"132,125\" data-comments-opened=\"1\" data-image-meta=\"{&quot;aperture&quot;:&quot;0&quot;,&quot;credit&quot;:&quot;&quot;,&quot;camera&quot;:&quot;&quot;,&quot;caption&quot;:&quot;&quot;,&quot;created_timestamp&quot;:&quot;0&quot;,&quot;copyright&quot;:&quot;&quot;,&quot;focal_length&quot;:&quot;0&quot;,&quot;iso&quot;:&quot;0&quot;,&quot;shutter_speed&quot;:&quot;0&quot;,&quot;title&quot;:&quot;&quot;,&quot;orientation&quot;:&quot;0&quot;}\" data-image-title=\"egunon\" data-image-description=\"\" data-image-caption=\"\" data-medium-file=\"https:\/\/i0.wp.com\/iratiirratia.eus\/wp-content\/uploads\/2011\/04\/egunon.jpg?fit=132%2C125&amp;ssl=1\" data-large-file=\"https:\/\/i0.wp.com\/iratiirratia.eus\/wp-content\/uploads\/2011\/04\/egunon.jpg?fit=132%2C125&amp;ssl=1\" decoding=\"async\" loading=\"lazy\" width=\"132\" height=\"125\" class=\"size-full wp-image-535\" style=\"float: left; margin: 0; margin-right: 20px;\" title=\"egunon\" src=\"https:\/\/i0.wp.com\/iratiirratia.eus\/wp-content\/uploads\/2011\/04\/egunon.jpg?resize=132%2C125\" alt=\"Egun on, Au\u00f1amendi!\" data-recalc-dims=\"1\" \/><\/p>\n<div style=\"padding-left: 20px;\">\n<p><strong>Izenburua:<\/strong> Azaroaren 16ko saioa<\/p>\n<p><strong>Iraupena:<\/strong> 2:00 ordu<\/p>\n<p><a title=\"Azaroaren 16ko saioa\" href=\"http:\/\/iratiirratia.eus\/audio\/18-11-16.mp3\" target=\"_blank\" rel=\"noopener\">Klikatu hemen saioa jaisteko<\/a><\/p>\n<p class=\"audioplayer_container\"><span style=\"display:block;padding:5px;border:1px solid #dddddd;background:#f8f8f8\" id=\"audioplayer_1\">Audio clip: Adobe Flash Player (version 9 or above) is required to play this audio clip. Download the latest version <a href=\"http:\/\/www.adobe.com\/shockwave\/download\/download.cgi?P1_Prod_Version=ShockwaveFlash&amp;promoid=BIOW\" title=\"Download Adobe Flash Player\">here<\/a>. You also need to have JavaScript enabled in your browser.<\/span><\/p>\n<\/div>\n","protected":false},"excerpt":{"rendered":"<p>Gaurkoan Pirinioan Lan eta Bizik antolatutako bideo-proiekzioen inguruan aritu gara, zertzelada batzuk ematen. Ondoren Erronkariko bailarara joan eta Julian Gabas bisitatu dugu hango kronika luza zezan. Bukatzeko Irulegi irratiko lagunek bidalitako kronika eskeini dugu. Eta, nola ez, berriak, inguruko abisuak , agenda eta zine estreinaldiak errepasatu ditugu. Entzun! Izenburua: Azaroaren 16ko saioa Iraupena: 2:00 ordu [&hellip;]<\/p>\n","protected":false},"author":1,"featured_media":0,"comment_status":"open","ping_status":"open","sticky":false,"template":"","format":"standard","meta":{"jetpack_post_was_ever_published":false,"_jetpack_newsletter_access":"","_jetpack_newsletter_tier_id":0,"jetpack_publicize_message":"","jetpack_is_tweetstorm":false,"jetpack_publicize_feature_enabled":true,"jetpack_social_post_already_shared":true,"jetpack_social_options":{"image_generator_settings":{"template":"highway","enabled":false}}},"categories":[4],"tags":[],"jetpack_publicize_connections":[],"jetpack_featured_media_url":"","jetpack_shortlink":"https:\/\/wp.me\/p7eaXY-3m1","jetpack_sharing_enabled":true,"jetpack-related-posts":[{"id":12994,"url":"https:\/\/iratiirratia.eus\/index.php\/2018\/12\/18\/egun-on-aunamendi-1218\/","url_meta":{"origin":12897,"position":0},"title":"Egun on, Au\u00f1amendi !","author":"Irati Irratia","date":"18 abendua, 2018","format":false,"excerpt":"Gaurkoan, Aralar irratiko Martin Juanenarekin izan gara Larraun-Lekunberriko kronika jasotzen. Gaur migranteen eguna izanda, gai hau landu dugu. Asteburuan Bizkaiako bertso finala jokatu eta gero saio hartako audio batzuk entzuteko aukera izan dugu, Onintza Enbeitiak txapala irabazi eta gero botatako bertsoarekin tarte hau amaitu dugu. Eta, nola ez, berriak, inguruko\u2026","rel":"","context":"In &quot;Egun on, Au\u00f1amendi!&quot;","block_context":{"text":"Egun on, Au\u00f1amendi!","link":"https:\/\/iratiirratia.eus\/index.php\/category\/egunon-aunamendi\/"},"img":{"alt_text":"","src":"","width":0,"height":0},"classes":[]},{"id":5841,"url":"https:\/\/iratiirratia.eus\/index.php\/2015\/04\/23\/alderdiekin-egindako-mahai-inguruako-audioa-audio-de-la-mesa-redonda-con-los-partidos\/","url_meta":{"origin":12897,"position":1},"title":"Alderdiekin egindako mahai-inguruko audioa &#8211; Audio de la mesa redonda con los partidos","author":"Irati Irratia","date":"23 apirila, 2015","format":false,"excerpt":"Izenburua: Mahai-inguruko audioa Iraupena: 2:30 ordu Klikatu hemen saioa jaisteko [audio:http:\/\/iratiirratia.eus\/audio\/Mahai_ingurua.MP3|titles=Egun on, Au\u00f1amendi! 15-04-23]","rel":"","context":"In &quot;Egun on, Au\u00f1amendi!&quot;","block_context":{"text":"Egun on, Au\u00f1amendi!","link":"https:\/\/iratiirratia.eus\/index.php\/category\/egunon-aunamendi\/"},"img":{"alt_text":"","src":"","width":0,"height":0},"classes":[]},{"id":15542,"url":"https:\/\/iratiirratia.eus\/index.php\/2020\/11\/16\/egun-on-aunamendi-euskalerria-eta-xorroxin-irratietako-kronikak-eta-mikel-zabalzaren-omenaldia\/","url_meta":{"origin":12897,"position":2},"title":"Egun On, Au\u00f1amendi! Euskalerria eta Xorroxin irratietako kronikak eta Mikel Zabalzaren omenaldia","author":"Irati Irratia","date":"16 azaroa, 2020","format":false,"excerpt":"Gaur, lehendabizi, Euskalerria irratira jo dugu Haritz Pascualek bertatik kronika pasa zezan . Gaur gainera bere urtebetetzea zela eta zoriondu dugu. Ondoren, Xorroxin irratira jo dugu eta bertatik Julen Zelaietak pasa digu Baztan-Bortzirietako kronika. Bukatzeko Mikel Zabalza Gogoan herri plaraformak antolatutako ekitaldiak eman ditugu aditzera. Izenburua: Azaroaren 16ko saioa Iraupena:\u2026","rel":"","context":"In &quot;Egun on, Au\u00f1amendi!&quot;","block_context":{"text":"Egun on, Au\u00f1amendi!","link":"https:\/\/iratiirratia.eus\/index.php\/category\/egunon-aunamendi\/"},"img":{"alt_text":"","src":"","width":0,"height":0},"classes":[]},{"id":12027,"url":"https:\/\/iratiirratia.eus\/index.php\/2018\/04\/18\/egun-on-aunamendi-1070\/","url_meta":{"origin":12897,"position":3},"title":"Egun on, Au\u00f1amendi!","author":"Irati Irratia","date":"18 apirila, 2018","format":false,"excerpt":"Gaurkoan hasieran Jose Ignacio Ubau izan dugu besteekiko harremanen zainketarem inguruan elekatzen. Ondoren, Unai Zabaleta izan dugu Karrape irratitik kronika pasatzen. Bukatzeko, Bernadette Argain izan dugu Irulegi irratitik Iparraldeko kronika pasatzen. Eta, nola ez, berriak, inguruko abisuak eta agenda errepasatu ditugu. Entzun! Izenburua: Apirilaren 18ko saioa Iraupena: 2:40 ordu Klikatu\u2026","rel":"","context":"In &quot;Egun on, Au\u00f1amendi!&quot;","block_context":{"text":"Egun on, Au\u00f1amendi!","link":"https:\/\/iratiirratia.eus\/index.php\/category\/egunon-aunamendi\/"},"img":{"alt_text":"","src":"","width":0,"height":0},"classes":[]},{"id":3642,"url":"https:\/\/iratiirratia.eus\/index.php\/2013\/01\/18\/egun-on-aunamendi-16\/","url_meta":{"origin":12897,"position":4},"title":"Egun on, Au\u00f1amendi!","author":"Irati Irratia","date":"18 urtarrila, 2013","format":false,"excerpt":"Izenburua: Urtarrilaren 18ko saioa Iraupena: 2:30 ordu Klikatu hemen saioa jaisteko [audio:http:\/\/iratiirratia.net\/audio\/13-01-18.mp3|titles=Egunon Au\u00f1amendi! 13-01-18]","rel":"","context":"In &quot;Egun on, Au\u00f1amendi!&quot;","block_context":{"text":"Egun on, Au\u00f1amendi!","link":"https:\/\/iratiirratia.eus\/index.php\/category\/egunon-aunamendi\/"},"img":{"alt_text":"","src":"","width":0,"height":0},"classes":[]},{"id":12015,"url":"https:\/\/iratiirratia.eus\/index.php\/2018\/04\/16\/egun-on-aunamendi-1068\/","url_meta":{"origin":12897,"position":5},"title":"Egun on, Au\u00f1amendi!","author":"Irati Irratia","date":"16 apirila, 2018","format":false,"excerpt":"Gaurkoan Mikel Bujanda izan dugu Euskalerria irratitik Iru\u00f1erriko kronika pasatzen.Gero, Xorroxin irratira jo dugu eta bertatik Julen Zelaietak kronika egin digu. Bukatzeko asteburuan TV3 telebista kate katalandarrak Bel Pozueta eta Edurne Goikoetxea Altsasuko auzian auzipetutako bi gazteren amei eginiko elkarrizketa jaso dugu. Eta, nola ez, berriak, inguruko abisuak eta agenda\u2026","rel":"","context":"In &quot;Egun on, Au\u00f1amendi!&quot;","block_context":{"text":"Egun on, Au\u00f1amendi!","link":"https:\/\/iratiirratia.eus\/index.php\/category\/egunon-aunamendi\/"},"img":{"alt_text":"","src":"","width":0,"height":0},"classes":[]}],"_links":{"self":[{"href":"https:\/\/iratiirratia.eus\/index.php\/wp-json\/wp\/v2\/posts\/12897"}],"collection":[{"href":"https:\/\/iratiirratia.eus\/index.php\/wp-json\/wp\/v2\/posts"}],"about":[{"href":"https:\/\/iratiirratia.eus\/index.php\/wp-json\/wp\/v2\/types\/post"}],"author":[{"embeddable":true,"href":"https:\/\/iratiirratia.eus\/index.php\/wp-json\/wp\/v2\/users\/1"}],"replies":[{"embeddable":true,"href":"https:\/\/iratiirratia.eus\/index.php\/wp-json\/wp\/v2\/comments?post=12897"}],"version-history":[{"count":1,"href":"https:\/\/iratiirratia.eus\/index.php\/wp-json\/wp\/v2\/posts\/12897\/revisions"}],"predecessor-version":[{"id":12898,"href":"https:\/\/iratiirratia.eus\/index.php\/wp-json\/wp\/v2\/posts\/12897\/revisions\/12898"}],"wp:attachment":[{"href":"https:\/\/iratiirratia.eus\/index.php\/wp-json\/wp\/v2\/media?parent=12897"}],"wp:term":[{"taxonomy":"category","embeddable":true,"href":"https:\/\/iratiirratia.eus\/index.php\/wp-json\/wp\/v2\/categories?post=12897"},{"taxonomy":"post_tag","embeddable":true,"href":"https:\/\/iratiirratia.eus\/index.php\/wp-json\/wp\/v2\/tags?post=12897"}],"curies":[{"name":"wp","href":"https:\/\/api.w.org\/{rel}","templated":true}]}}