{"id":12901,"date":"2018-11-21T09:25:20","date_gmt":"2018-11-21T08:25:20","guid":{"rendered":"http:\/\/iratiirratia.eus\/?p=12901"},"modified":"2018-11-21T09:25:20","modified_gmt":"2018-11-21T08:25:20","slug":"egun-on-aunamendi-1204","status":"publish","type":"post","link":"https:\/\/iratiirratia.eus\/index.php\/2018\/11\/21\/egun-on-aunamendi-1204\/","title":{"rendered":"Egun on, Au\u00f1amendi!"},"content":{"rendered":"<p>Gaurkoan, lehenik eta behin, Aralar irratiko <strong>Martin Juanena<\/strong>rekin izan gara Larraun-Lekunberriko kronika jasotzen. Bigarrenik <strong>Angelines Munarriz<\/strong> Auritzeko Osasun etxeko erizaina izan dugu Koloneko minbizia aurretiaz detektatzeko programaran inguruan solasten. Bukatzeko Elhuyar fundazioko Quark saioa izan dugu kilogramoa aztertzen.<br \/>\nEta, nola ez, berriak, inguruko abisuak eta agenda errepasatu ditugu. Entzun!<\/p>\n<p><img data-attachment-id=\"535\" data-permalink=\"https:\/\/iratiirratia.eus\/egunon\/\" data-orig-file=\"https:\/\/i0.wp.com\/iratiirratia.eus\/wp-content\/uploads\/2011\/04\/egunon.jpg?fit=132%2C125&amp;ssl=1\" data-orig-size=\"132,125\" data-comments-opened=\"1\" data-image-meta=\"{&quot;aperture&quot;:&quot;0&quot;,&quot;credit&quot;:&quot;&quot;,&quot;camera&quot;:&quot;&quot;,&quot;caption&quot;:&quot;&quot;,&quot;created_timestamp&quot;:&quot;0&quot;,&quot;copyright&quot;:&quot;&quot;,&quot;focal_length&quot;:&quot;0&quot;,&quot;iso&quot;:&quot;0&quot;,&quot;shutter_speed&quot;:&quot;0&quot;,&quot;title&quot;:&quot;&quot;,&quot;orientation&quot;:&quot;0&quot;}\" data-image-title=\"egunon\" data-image-description=\"\" data-image-caption=\"\" data-medium-file=\"https:\/\/i0.wp.com\/iratiirratia.eus\/wp-content\/uploads\/2011\/04\/egunon.jpg?fit=132%2C125&amp;ssl=1\" data-large-file=\"https:\/\/i0.wp.com\/iratiirratia.eus\/wp-content\/uploads\/2011\/04\/egunon.jpg?fit=132%2C125&amp;ssl=1\" decoding=\"async\" loading=\"lazy\" width=\"132\" height=\"125\" class=\"size-full wp-image-535\" style=\"float: left; margin: 0; margin-right: 20px;\" title=\"egunon\" src=\"https:\/\/i0.wp.com\/iratiirratia.eus\/wp-content\/uploads\/2011\/04\/egunon.jpg?resize=132%2C125\" alt=\"Egun on, Au\u00f1amendi!\" data-recalc-dims=\"1\" \/><\/p>\n<div style=\"padding-left: 20px;\">\n<p><strong>Izenburua:<\/strong> Azaroaren 20ko saioa<\/p>\n<p><strong>Iraupena:<\/strong> 2:40 ordu<\/p>\n<p><a title=\"Azaroaren 20ko saioa\" href=\"http:\/\/iratiirratia.eus\/audio\/18-11-20.mp3\" target=\"_blank\" rel=\"noopener\">Klikatu hemen saioa jaisteko<\/a><\/p>\n<p class=\"audioplayer_container\"><span style=\"display:block;padding:5px;border:1px solid #dddddd;background:#f8f8f8\" id=\"audioplayer_1\">Audio clip: Adobe Flash Player (version 9 or above) is required to play this audio clip. Download the latest version <a href=\"http:\/\/www.adobe.com\/shockwave\/download\/download.cgi?P1_Prod_Version=ShockwaveFlash&amp;promoid=BIOW\" title=\"Download Adobe Flash Player\">here<\/a>. You also need to have JavaScript enabled in your browser.<\/span><\/p>\n<\/div>\n","protected":false},"excerpt":{"rendered":"<p>Gaurkoan, lehenik eta behin, Aralar irratiko Martin Juanenarekin izan gara Larraun-Lekunberriko kronika jasotzen. Bigarrenik Angelines Munarriz Auritzeko Osasun etxeko erizaina izan dugu Koloneko minbizia aurretiaz detektatzeko programaran inguruan solasten. Bukatzeko Elhuyar fundazioko Quark saioa izan dugu kilogramoa aztertzen. Eta, nola ez, berriak, inguruko abisuak eta agenda errepasatu ditugu. Entzun! Izenburua: Azaroaren 20ko saioa Iraupena: 2:40 [&hellip;]<\/p>\n","protected":false},"author":1,"featured_media":0,"comment_status":"open","ping_status":"open","sticky":false,"template":"","format":"standard","meta":{"jetpack_post_was_ever_published":false,"_jetpack_newsletter_access":"","_jetpack_newsletter_tier_id":0,"jetpack_publicize_message":"","jetpack_is_tweetstorm":false,"jetpack_publicize_feature_enabled":true,"jetpack_social_post_already_shared":true,"jetpack_social_options":{"image_generator_settings":{"template":"highway","enabled":false}}},"categories":[4],"tags":[],"jetpack_publicize_connections":[],"jetpack_featured_media_url":"","jetpack_shortlink":"https:\/\/wp.me\/p7eaXY-3m5","jetpack_sharing_enabled":true,"jetpack-related-posts":[{"id":12994,"url":"https:\/\/iratiirratia.eus\/index.php\/2018\/12\/18\/egun-on-aunamendi-1218\/","url_meta":{"origin":12901,"position":0},"title":"Egun on, Au\u00f1amendi !","author":"Irati Irratia","date":"18 abendua, 2018","format":false,"excerpt":"Gaurkoan, Aralar irratiko Martin Juanenarekin izan gara Larraun-Lekunberriko kronika jasotzen. Gaur migranteen eguna izanda, gai hau landu dugu. Asteburuan Bizkaiako bertso finala jokatu eta gero saio hartako audio batzuk entzuteko aukera izan dugu, Onintza Enbeitiak txapala irabazi eta gero botatako bertsoarekin tarte hau amaitu dugu. Eta, nola ez, berriak, inguruko\u2026","rel":"","context":"In &quot;Egun on, Au\u00f1amendi!&quot;","block_context":{"text":"Egun on, Au\u00f1amendi!","link":"https:\/\/iratiirratia.eus\/index.php\/category\/egunon-aunamendi\/"},"img":{"alt_text":"","src":"","width":0,"height":0},"classes":[]},{"id":5841,"url":"https:\/\/iratiirratia.eus\/index.php\/2015\/04\/23\/alderdiekin-egindako-mahai-inguruako-audioa-audio-de-la-mesa-redonda-con-los-partidos\/","url_meta":{"origin":12901,"position":1},"title":"Alderdiekin egindako mahai-inguruko audioa &#8211; Audio de la mesa redonda con los partidos","author":"Irati Irratia","date":"23 apirila, 2015","format":false,"excerpt":"Izenburua: Mahai-inguruko audioa Iraupena: 2:30 ordu Klikatu hemen saioa jaisteko [audio:http:\/\/iratiirratia.eus\/audio\/Mahai_ingurua.MP3|titles=Egun on, Au\u00f1amendi! 15-04-23]","rel":"","context":"In &quot;Egun on, Au\u00f1amendi!&quot;","block_context":{"text":"Egun on, Au\u00f1amendi!","link":"https:\/\/iratiirratia.eus\/index.php\/category\/egunon-aunamendi\/"},"img":{"alt_text":"","src":"","width":0,"height":0},"classes":[]},{"id":5526,"url":"https:\/\/iratiirratia.eus\/index.php\/2014\/11\/18\/kontuz-eta-noel-proiektua\/","url_meta":{"origin":12901,"position":2},"title":"Kontuz! eta Noel proiektua","author":"Irati Irratia","date":"18 azaroa, 2014","format":false,"excerpt":"Izenburua: Kontuz! eta Noel proiektua Iraupena: 0:20 min Klikatu hemen saioa jaisteko [audio:http:\/\/iratiirratia.net\/audio\/2kontuznoel.mp3|titles=Egun on, Au\u00f1amendi! 14-11-18]","rel":"","context":"In &quot;Egun on, Au\u00f1amendi!&quot;","block_context":{"text":"Egun on, Au\u00f1amendi!","link":"https:\/\/iratiirratia.eus\/index.php\/category\/egunon-aunamendi\/"},"img":{"alt_text":"","src":"","width":0,"height":0},"classes":[]},{"id":15861,"url":"https:\/\/iratiirratia.eus\/index.php\/2021\/02\/26\/egun-on-aunamendi-mikel-zabalza-auzia-eta-erronkariko-konexioa\/","url_meta":{"origin":12901,"position":3},"title":"Egun On, Au\u00f1amendi! Mikel Zabalza auzia eta Erronkariko konexioa","author":"Irati Irratia","date":"26 otsaila, 2021","format":false,"excerpt":"Atelehenean aditzera eman zituzten Mikel Zabalzaren kasuaren inguruko audio zenbait eta kalapita sortu zuten. Honen inguruan Idoia Zabaltzarekin solastu gara gaurkoan. Ondoren, Erronkarira joan gara Julian Gabasekin egotera. Izenburua: Otsailaren 26ko saioa Iraupena: 2:35 ordu Klikatu hemen saioa jaisteko [audio:http:\/\/iratiirratia.eus\/audio\/21-02-26.mp3]","rel":"","context":"In &quot;Egun on, Au\u00f1amendi!&quot;","block_context":{"text":"Egun on, Au\u00f1amendi!","link":"https:\/\/iratiirratia.eus\/index.php\/category\/egunon-aunamendi\/"},"img":{"alt_text":"","src":"","width":0,"height":0},"classes":[]},{"id":5531,"url":"https:\/\/iratiirratia.eus\/index.php\/2014\/11\/18\/los-malos-suenos-de-rene-petit\/","url_meta":{"origin":12901,"position":4},"title":"Los malos sue\u00f1os de Ren\u00e9 Petit","author":"Irati Irratia","date":"18 azaroa, 2014","format":false,"excerpt":"Izenburua: Los malos sue\u00f1os de Ren\u00e9 Petit Iraupena: 0:20 ordu Klikatu hemen saioa jaisteko [audio:http:\/\/iratiirratia.net\/audio\/2yesa+no.mp3|titles=Egun on, Au\u00f1amendi! 14-11-18]","rel":"","context":"In &quot;Egun on, Au\u00f1amendi!&quot;","block_context":{"text":"Egun on, Au\u00f1amendi!","link":"https:\/\/iratiirratia.eus\/index.php\/category\/egunon-aunamendi\/"},"img":{"alt_text":"","src":"","width":0,"height":0},"classes":[]},{"id":7450,"url":"https:\/\/iratiirratia.eus\/index.php\/2015\/11\/18\/egun-on-aunamendi-515\/","url_meta":{"origin":12901,"position":5},"title":"Egun on, Au\u00f1amendi!","author":"Irati Irratia","date":"18 azaroa, 2015","format":false,"excerpt":"Aragoieratik euskarara itzulitako lehenengo liburuaren berri izan dugu gaurkoan. Denbora eta egunak izeneko liburua da, \u00c1nchel Conterena. Joxemari Sestorainek itzuli du, eta harekin izan gara gaurkoan aragoieraren inguruan solasean. Punto de Vista nazioarteko zinemaldiaren berri ere izan dugu, 10. edizioa eginen du otsailean. Horregatik, Oskal Alegria zuzendari artistikoa gonbidatu dugu.\u2026","rel":"","context":"In &quot;Egun on, Au\u00f1amendi!&quot;","block_context":{"text":"Egun on, Au\u00f1amendi!","link":"https:\/\/iratiirratia.eus\/index.php\/category\/egunon-aunamendi\/"},"img":{"alt_text":"","src":"","width":0,"height":0},"classes":[]}],"_links":{"self":[{"href":"https:\/\/iratiirratia.eus\/index.php\/wp-json\/wp\/v2\/posts\/12901"}],"collection":[{"href":"https:\/\/iratiirratia.eus\/index.php\/wp-json\/wp\/v2\/posts"}],"about":[{"href":"https:\/\/iratiirratia.eus\/index.php\/wp-json\/wp\/v2\/types\/post"}],"author":[{"embeddable":true,"href":"https:\/\/iratiirratia.eus\/index.php\/wp-json\/wp\/v2\/users\/1"}],"replies":[{"embeddable":true,"href":"https:\/\/iratiirratia.eus\/index.php\/wp-json\/wp\/v2\/comments?post=12901"}],"version-history":[{"count":1,"href":"https:\/\/iratiirratia.eus\/index.php\/wp-json\/wp\/v2\/posts\/12901\/revisions"}],"predecessor-version":[{"id":12902,"href":"https:\/\/iratiirratia.eus\/index.php\/wp-json\/wp\/v2\/posts\/12901\/revisions\/12902"}],"wp:attachment":[{"href":"https:\/\/iratiirratia.eus\/index.php\/wp-json\/wp\/v2\/media?parent=12901"}],"wp:term":[{"taxonomy":"category","embeddable":true,"href":"https:\/\/iratiirratia.eus\/index.php\/wp-json\/wp\/v2\/categories?post=12901"},{"taxonomy":"post_tag","embeddable":true,"href":"https:\/\/iratiirratia.eus\/index.php\/wp-json\/wp\/v2\/tags?post=12901"}],"curies":[{"name":"wp","href":"https:\/\/api.w.org\/{rel}","templated":true}]}}