{"id":12903,"date":"2018-11-21T09:31:19","date_gmt":"2018-11-21T08:31:19","guid":{"rendered":"http:\/\/iratiirratia.eus\/?p=12903"},"modified":"2018-11-21T09:31:19","modified_gmt":"2018-11-21T08:31:19","slug":"koloneko-minbizia-aurretiaz-antzemateko-programa","status":"publish","type":"post","link":"https:\/\/iratiirratia.eus\/index.php\/2018\/11\/21\/koloneko-minbizia-aurretiaz-antzemateko-programa\/","title":{"rendered":"Koloneko minbizia aurretiaz antzemateko programa"},"content":{"rendered":"<p>Gaurko saioan, <strong>Maria Angeles Munarriz<\/strong> Koloneko Minbizia aurretiaz antzemateko programaren azalpena ekarri digu. Berarekin batera arrazoiak eta ohiko galderak ere errepasatu ditugu. Berak azaldu digunez, minbizi mota hau goiz antzeman ezkero %90ak lortzen dute gaixotasuna gailentzea.<\/p>\n<p><a title=\"Kolon Minbizia\" href=\"http:\/\/iratiirratia.eus\/audio\/18-11-20AngelinesPDPCC.mp3\" target=\"_blank\" rel=\"noopener\">Klikatu hemen elkarrizketa jaisteko<\/a><\/p>\n<p class=\"audioplayer_container\"><span style=\"display:block;padding:5px;border:1px solid #dddddd;background:#f8f8f8\" id=\"audioplayer_1\">Audio clip: Adobe Flash Player (version 9 or above) is required to play this audio clip. Download the latest version <a href=\"http:\/\/www.adobe.com\/shockwave\/download\/download.cgi?P1_Prod_Version=ShockwaveFlash&amp;promoid=BIOW\" title=\"Download Adobe Flash Player\">here<\/a>. You also need to have JavaScript enabled in your browser.<\/span><\/p>\n","protected":false},"excerpt":{"rendered":"<p>Gaurko saioan, Maria Angeles Munarriz Koloneko Minbizia aurretiaz antzemateko programaren azalpena ekarri digu. Berarekin batera arrazoiak eta ohiko galderak ere errepasatu ditugu. Berak azaldu digunez, minbizi mota hau goiz antzeman ezkero %90ak lortzen dute gaixotasuna gailentzea. Klikatu hemen elkarrizketa jaisteko [Audio clip: view full post to listen]<\/p>\n","protected":false},"author":1,"featured_media":9379,"comment_status":"open","ping_status":"open","sticky":false,"template":"","format":"standard","meta":{"jetpack_post_was_ever_published":false,"_jetpack_newsletter_access":"","_jetpack_newsletter_tier_id":0,"jetpack_publicize_message":"","jetpack_is_tweetstorm":false,"jetpack_publicize_feature_enabled":true,"jetpack_social_post_already_shared":true,"jetpack_social_options":{"image_generator_settings":{"template":"highway","enabled":false}}},"categories":[52,2,6,54],"tags":[],"jetpack_publicize_connections":[],"jetpack_featured_media_url":"https:\/\/i0.wp.com\/iratiirratia.eus\/wp-content\/uploads\/2016\/10\/AURITZ_OSASUN-ETXEA.png?fit=841%2C368&ssl=1","jetpack_shortlink":"https:\/\/wp.me\/p7eaXY-3m7","jetpack_sharing_enabled":true,"jetpack-related-posts":[{"id":9648,"url":"https:\/\/iratiirratia.eus\/index.php\/2016\/11\/28\/kolon-minbizia-zer-da-eta-nola-diagnostikatu\/","url_meta":{"origin":12903,"position":0},"title":"Kolon minbizia zer da eta nola diagnostikatu?","author":"Irati Irratia","date":"28 azaroa, 2016","format":false,"excerpt":"Auritzeko Osasun Etxeak Irati Irratian parte hartzeko ekinbidea izan du. Gaurkoan Carolina Bezunartea erizainarekin izan gara kolon minbiziaren eta prebenzio neurriez hizketan. [audio:http:\/\/iratiirratia.eus\/audio\/Colon.mp3|titles= Colon] Klikatu hemen elkarrizketa jaisteko","rel":"","context":"In &quot;Auritzeko Osasun Etxea&quot;","block_context":{"text":"Auritzeko Osasun Etxea","link":"https:\/\/iratiirratia.eus\/index.php\/category\/auritzeko-osasun-etxea\/"},"img":{"alt_text":"","src":"https:\/\/i0.wp.com\/iratiirratia.eus\/wp-content\/uploads\/2016\/10\/AURITZ_OSASUN-ETXEA.png?fit=841%2C368&ssl=1&resize=350%2C200","width":350,"height":200,"srcset":"https:\/\/i0.wp.com\/iratiirratia.eus\/wp-content\/uploads\/2016\/10\/AURITZ_OSASUN-ETXEA.png?fit=841%2C368&ssl=1&resize=350%2C200 1x, https:\/\/i0.wp.com\/iratiirratia.eus\/wp-content\/uploads\/2016\/10\/AURITZ_OSASUN-ETXEA.png?fit=841%2C368&ssl=1&resize=525%2C300 1.5x, https:\/\/i0.wp.com\/iratiirratia.eus\/wp-content\/uploads\/2016\/10\/AURITZ_OSASUN-ETXEA.png?fit=841%2C368&ssl=1&resize=700%2C400 2x"},"classes":[]},{"id":12901,"url":"https:\/\/iratiirratia.eus\/index.php\/2018\/11\/21\/egun-on-aunamendi-1204\/","url_meta":{"origin":12903,"position":1},"title":"Egun on, Au\u00f1amendi!","author":"Irati Irratia","date":"21 azaroa, 2018","format":false,"excerpt":"Gaurkoan, lehenik eta behin, Aralar irratiko Martin Juanenarekin izan gara Larraun-Lekunberriko kronika jasotzen. Bigarrenik Angelines Munarriz Auritzeko Osasun etxeko erizaina izan dugu Koloneko minbizia aurretiaz detektatzeko programaran inguruan solasten. Bukatzeko Elhuyar fundazioko Quark saioa izan dugu kilogramoa aztertzen. Eta, nola ez, berriak, inguruko abisuak eta agenda errepasatu ditugu. Entzun! Izenburua:\u2026","rel":"","context":"In &quot;Egun on, Au\u00f1amendi!&quot;","block_context":{"text":"Egun on, Au\u00f1amendi!","link":"https:\/\/iratiirratia.eus\/index.php\/category\/egunon-aunamendi\/"},"img":{"alt_text":"","src":"","width":0,"height":0},"classes":[]},{"id":9646,"url":"https:\/\/iratiirratia.eus\/index.php\/2016\/11\/28\/egun-on-aunamendi-754\/","url_meta":{"origin":12903,"position":2},"title":"Egun on, Au\u00f1amendi!","author":"Irati Irratia","date":"28 azaroa, 2016","format":false,"excerpt":"Gaurkoan Andres Bidartek gripearen inguruan. Xorroxin eta Euskalerria irratiak bisitatu ditugu. Carolina Bezunarteak kolon minbiziaren inguruan aritu zaigu ere. Eta, nola ez, berriak, inguruko abisuak eta agenda errepasatu ditugu. Entzun! Izenburua: Azaroaren 28ko saioa Iraupena: 2:30 ordu Klikatu hemen saioa jaisteko [audio:http:\/\/iratiirratia.eus\/audio\/16-11-28.mp3|titles=Egun on, Au\u00f1amendi! 16-11-28]","rel":"","context":"In &quot;Egun on, Au\u00f1amendi!&quot;","block_context":{"text":"Egun on, Au\u00f1amendi!","link":"https:\/\/iratiirratia.eus\/index.php\/category\/egunon-aunamendi\/"},"img":{"alt_text":"","src":"","width":0,"height":0},"classes":[]},{"id":15726,"url":"https:\/\/iratiirratia.eus\/index.php\/2021\/01\/22\/eroriko-da-ekimena-abian-jarri-dute-inputatuei-babesa-emateko\/","url_meta":{"origin":12903,"position":3},"title":"Eroriko da ekimena abian jarri dute inputatuei babesa emateko","author":"Irati Irratia","date":"22 urtarrila, 2021","format":false,"excerpt":"Urriaren 12an ekimena burutu zen Hispanitate egunaren izaera koloniala salatzeko. Bertan Kolon eta Espainiako erregearen bi estatua behera bota ziren. Hartatik, 12 lagun deklaratzera deitu ditu Auzitegi Nazionalak monarkiaren kontrako irainak leporatuta. Kontestu honetan Eroriko Da dinamika jarri dute abian Sortutik eta nafar gizarteari mobilizatzera deitu ditu. Honetaz solastu gara\u2026","rel":"","context":"In &quot;Berriak&quot;","block_context":{"text":"Berriak","link":"https:\/\/iratiirratia.eus\/index.php\/category\/berriak\/"},"img":{"alt_text":"","src":"https:\/\/i0.wp.com\/iratiirratia.eus\/wp-content\/uploads\/2021\/01\/7D672B97-DD38-DD7B-215FE8242B77B418.jpg?fit=350%2C263&ssl=1&resize=350%2C200","width":350,"height":200},"classes":[]},{"id":5841,"url":"https:\/\/iratiirratia.eus\/index.php\/2015\/04\/23\/alderdiekin-egindako-mahai-inguruako-audioa-audio-de-la-mesa-redonda-con-los-partidos\/","url_meta":{"origin":12903,"position":4},"title":"Alderdiekin egindako mahai-inguruko audioa &#8211; Audio de la mesa redonda con los partidos","author":"Irati Irratia","date":"23 apirila, 2015","format":false,"excerpt":"Izenburua: Mahai-inguruko audioa Iraupena: 2:30 ordu Klikatu hemen saioa jaisteko [audio:http:\/\/iratiirratia.eus\/audio\/Mahai_ingurua.MP3|titles=Egun on, Au\u00f1amendi! 15-04-23]","rel":"","context":"In &quot;Egun on, Au\u00f1amendi!&quot;","block_context":{"text":"Egun on, Au\u00f1amendi!","link":"https:\/\/iratiirratia.eus\/index.php\/category\/egunon-aunamendi\/"},"img":{"alt_text":"","src":"","width":0,"height":0},"classes":[]},{"id":4815,"url":"https:\/\/iratiirratia.eus\/index.php\/2014\/04\/15\/agoizko-mintzakide-programa-prest\/","url_meta":{"origin":12903,"position":5},"title":"Agoizko mintzakide programa, prest","author":"Irati Irratia","date":"15 apirila, 2014","format":false,"excerpt":"Izenburua: Agoizko mintzakide programa, prest Iraupena: 0:8 min Klikatu hemen saioa jaisteko [audio:http:\/\/iratiirratia.net\/audio\/2MINTZAKIDE15.mp3|titles=Egun on, Au\u00f1amendi! 14-04-15]","rel":"","context":"In &quot;Egun on, Au\u00f1amendi!&quot;","block_context":{"text":"Egun on, Au\u00f1amendi!","link":"https:\/\/iratiirratia.eus\/index.php\/category\/egunon-aunamendi\/"},"img":{"alt_text":"","src":"","width":0,"height":0},"classes":[]}],"_links":{"self":[{"href":"https:\/\/iratiirratia.eus\/index.php\/wp-json\/wp\/v2\/posts\/12903"}],"collection":[{"href":"https:\/\/iratiirratia.eus\/index.php\/wp-json\/wp\/v2\/posts"}],"about":[{"href":"https:\/\/iratiirratia.eus\/index.php\/wp-json\/wp\/v2\/types\/post"}],"author":[{"embeddable":true,"href":"https:\/\/iratiirratia.eus\/index.php\/wp-json\/wp\/v2\/users\/1"}],"replies":[{"embeddable":true,"href":"https:\/\/iratiirratia.eus\/index.php\/wp-json\/wp\/v2\/comments?post=12903"}],"version-history":[{"count":1,"href":"https:\/\/iratiirratia.eus\/index.php\/wp-json\/wp\/v2\/posts\/12903\/revisions"}],"predecessor-version":[{"id":12904,"href":"https:\/\/iratiirratia.eus\/index.php\/wp-json\/wp\/v2\/posts\/12903\/revisions\/12904"}],"wp:featuredmedia":[{"embeddable":true,"href":"https:\/\/iratiirratia.eus\/index.php\/wp-json\/wp\/v2\/media\/9379"}],"wp:attachment":[{"href":"https:\/\/iratiirratia.eus\/index.php\/wp-json\/wp\/v2\/media?parent=12903"}],"wp:term":[{"taxonomy":"category","embeddable":true,"href":"https:\/\/iratiirratia.eus\/index.php\/wp-json\/wp\/v2\/categories?post=12903"},{"taxonomy":"post_tag","embeddable":true,"href":"https:\/\/iratiirratia.eus\/index.php\/wp-json\/wp\/v2\/tags?post=12903"}],"curies":[{"name":"wp","href":"https:\/\/api.w.org\/{rel}","templated":true}]}}