{"id":12919,"date":"2018-11-23T14:33:59","date_gmt":"2018-11-23T13:33:59","guid":{"rendered":"http:\/\/iratiirratia.eus\/?p=12919"},"modified":"2018-11-23T14:33:59","modified_gmt":"2018-11-23T13:33:59","slug":"egun-on-aunamendi-1207","status":"publish","type":"post","link":"https:\/\/iratiirratia.eus\/index.php\/2018\/11\/23\/egun-on-aunamendi-1207\/","title":{"rendered":"Egun on, Au\u00f1amendi!"},"content":{"rendered":"<p>Gaurko saioan lehendabizi Orondritzera jo dugu Laurentxi elkarteko kidea den <strong>Leire Remiro<\/strong>rekin egotera, igandean sexu indarkeriaren aurkako eguna baita Zilbetin. Ondoren Erronkariko bailarara joan eta <strong>Julian Gabas<\/strong> bisitatu dugu hango kronika luza zezan. Bukatzeko Irulegi irratiko lagunek bidalitako kronika eskeini dugu.<br \/>\nEta, nola ez, berriak, inguruko abisuak , agenda eta zine estreinaldiak errepasatu ditugu. Entzun!<\/p>\n<p><img data-attachment-id=\"535\" data-permalink=\"https:\/\/iratiirratia.eus\/egunon\/\" data-orig-file=\"https:\/\/i0.wp.com\/iratiirratia.eus\/wp-content\/uploads\/2011\/04\/egunon.jpg?fit=132%2C125&amp;ssl=1\" data-orig-size=\"132,125\" data-comments-opened=\"1\" data-image-meta=\"{&quot;aperture&quot;:&quot;0&quot;,&quot;credit&quot;:&quot;&quot;,&quot;camera&quot;:&quot;&quot;,&quot;caption&quot;:&quot;&quot;,&quot;created_timestamp&quot;:&quot;0&quot;,&quot;copyright&quot;:&quot;&quot;,&quot;focal_length&quot;:&quot;0&quot;,&quot;iso&quot;:&quot;0&quot;,&quot;shutter_speed&quot;:&quot;0&quot;,&quot;title&quot;:&quot;&quot;,&quot;orientation&quot;:&quot;0&quot;}\" data-image-title=\"egunon\" data-image-description=\"\" data-image-caption=\"\" data-medium-file=\"https:\/\/i0.wp.com\/iratiirratia.eus\/wp-content\/uploads\/2011\/04\/egunon.jpg?fit=132%2C125&amp;ssl=1\" data-large-file=\"https:\/\/i0.wp.com\/iratiirratia.eus\/wp-content\/uploads\/2011\/04\/egunon.jpg?fit=132%2C125&amp;ssl=1\" decoding=\"async\" loading=\"lazy\" width=\"132\" height=\"125\" class=\"size-full wp-image-535\" style=\"float: left; margin: 0; margin-right: 20px;\" title=\"egunon\" src=\"https:\/\/i0.wp.com\/iratiirratia.eus\/wp-content\/uploads\/2011\/04\/egunon.jpg?resize=132%2C125\" alt=\"Egun on, Au\u00f1amendi!\" data-recalc-dims=\"1\" \/><\/p>\n<div style=\"padding-left: 20px;\">\n<p><strong>Izenburua:<\/strong> Azaroaren 23ko saioa<\/p>\n<p><strong>Iraupena:<\/strong> 2:00 ordu<\/p>\n<p><a title=\"Azaroaren 23ko saioa\" href=\"http:\/\/iratiirratia.eus\/audio\/18-11-23.mp3\" target=\"_blank\" rel=\"noopener\">Klikatu hemen saioa jaisteko<\/a><\/p>\n<p class=\"audioplayer_container\"><span style=\"display:block;padding:5px;border:1px solid #dddddd;background:#f8f8f8\" id=\"audioplayer_1\">Audio clip: Adobe Flash Player (version 9 or above) is required to play this audio clip. Download the latest version <a href=\"http:\/\/www.adobe.com\/shockwave\/download\/download.cgi?P1_Prod_Version=ShockwaveFlash&amp;promoid=BIOW\" title=\"Download Adobe Flash Player\">here<\/a>. You also need to have JavaScript enabled in your browser.<\/span><\/p>\n<\/div>\n","protected":false},"excerpt":{"rendered":"<p>Gaurko saioan lehendabizi Orondritzera jo dugu Laurentxi elkarteko kidea den Leire Remirorekin egotera, igandean sexu indarkeriaren aurkako eguna baita Zilbetin. Ondoren Erronkariko bailarara joan eta Julian Gabas bisitatu dugu hango kronika luza zezan. Bukatzeko Irulegi irratiko lagunek bidalitako kronika eskeini dugu. Eta, nola ez, berriak, inguruko abisuak , agenda eta zine estreinaldiak errepasatu ditugu. Entzun! [&hellip;]<\/p>\n","protected":false},"author":1,"featured_media":0,"comment_status":"open","ping_status":"open","sticky":false,"template":"","format":"standard","meta":{"jetpack_post_was_ever_published":false,"_jetpack_newsletter_access":"","_jetpack_newsletter_tier_id":0,"jetpack_publicize_message":"","jetpack_is_tweetstorm":false,"jetpack_publicize_feature_enabled":true,"jetpack_social_post_already_shared":true,"jetpack_social_options":{"image_generator_settings":{"template":"highway","enabled":false}}},"categories":[4],"tags":[],"jetpack_publicize_connections":[],"jetpack_featured_media_url":"","jetpack_shortlink":"https:\/\/wp.me\/p7eaXY-3mn","jetpack_sharing_enabled":true,"jetpack-related-posts":[{"id":12994,"url":"https:\/\/iratiirratia.eus\/index.php\/2018\/12\/18\/egun-on-aunamendi-1218\/","url_meta":{"origin":12919,"position":0},"title":"Egun on, Au\u00f1amendi !","author":"Irati Irratia","date":"18 abendua, 2018","format":false,"excerpt":"Gaurkoan, Aralar irratiko Martin Juanenarekin izan gara Larraun-Lekunberriko kronika jasotzen. Gaur migranteen eguna izanda, gai hau landu dugu. Asteburuan Bizkaiako bertso finala jokatu eta gero saio hartako audio batzuk entzuteko aukera izan dugu, Onintza Enbeitiak txapala irabazi eta gero botatako bertsoarekin tarte hau amaitu dugu. Eta, nola ez, berriak, inguruko\u2026","rel":"","context":"In &quot;Egun on, Au\u00f1amendi!&quot;","block_context":{"text":"Egun on, Au\u00f1amendi!","link":"https:\/\/iratiirratia.eus\/index.php\/category\/egunon-aunamendi\/"},"img":{"alt_text":"","src":"","width":0,"height":0},"classes":[]},{"id":5841,"url":"https:\/\/iratiirratia.eus\/index.php\/2015\/04\/23\/alderdiekin-egindako-mahai-inguruako-audioa-audio-de-la-mesa-redonda-con-los-partidos\/","url_meta":{"origin":12919,"position":1},"title":"Alderdiekin egindako mahai-inguruko audioa &#8211; Audio de la mesa redonda con los partidos","author":"Irati Irratia","date":"23 apirila, 2015","format":false,"excerpt":"Izenburua: Mahai-inguruko audioa Iraupena: 2:30 ordu Klikatu hemen saioa jaisteko [audio:http:\/\/iratiirratia.eus\/audio\/Mahai_ingurua.MP3|titles=Egun on, Au\u00f1amendi! 15-04-23]","rel":"","context":"In &quot;Egun on, Au\u00f1amendi!&quot;","block_context":{"text":"Egun on, Au\u00f1amendi!","link":"https:\/\/iratiirratia.eus\/index.php\/category\/egunon-aunamendi\/"},"img":{"alt_text":"","src":"","width":0,"height":0},"classes":[]},{"id":16811,"url":"https:\/\/iratiirratia.eus\/index.php\/2021\/11\/23\/egun-on-aunamendi-euskalerria-irratia-prioconex-proiektua-eta-xorroxin-irratia\/","url_meta":{"origin":12919,"position":2},"title":"Egun On, Au\u00f1amendi! Euskalerria irratia, Prioconex proiektua eta Xorroxin irratia","author":"Irati Irratia","date":"23 azaroa, 2021","format":false,"excerpt":"Astelehenero bezala Euskalerria irratia bisitatzen hasi dugu Haritz Pascual lagunaren kronika jasotzeko. Ondoren, landarediaren kontserbazioaz arduartzen den Prioconex proiektua izan dugu hizpide Aranzadi Zientzia Elkarteko Pablo Tejero lagunarekin. Bukatzeko, Xorroxin irratira jo dugu Julen Zelaietaren ahotik Baztan Bortziriakeko kronika jasotzera. Izenburua: Azaroaren 22ko saioa Iraupena: 2 ordu 30 minutu Klikatu\u2026","rel":"","context":"In &quot;Egun on, Au\u00f1amendi!&quot;","block_context":{"text":"Egun on, Au\u00f1amendi!","link":"https:\/\/iratiirratia.eus\/index.php\/category\/egunon-aunamendi\/"},"img":{"alt_text":"","src":"","width":0,"height":0},"classes":[]},{"id":7388,"url":"https:\/\/iratiirratia.eus\/index.php\/2015\/11\/04\/egun-on-aunamendi-506\/","url_meta":{"origin":12919,"position":3},"title":"Egun on, Au\u00f1amendi!","author":"Irati Irratia","date":"4 azaroa, 2015","format":false,"excerpt":"Aezkoako toponimiaren berri izan dugu gaur. 18 urtez izan dira Aezkoako 50 bolondres baino gehiago lekuen izenak biltzen. Daniel Iriarte izan dugu saioan, eta www.rutasnavarra.com atarian aurkitu daitekeenaz mintzatu zaigu. Salhaketa elkarteko kide bat ere izan dugu gaur gurean. Zigorraren Aurkako II jardunaldiaren berri eman digu. Karrape irratiko kronika ere\u2026","rel":"","context":"In &quot;Egun on, Au\u00f1amendi!&quot;","block_context":{"text":"Egun on, Au\u00f1amendi!","link":"https:\/\/iratiirratia.eus\/index.php\/category\/egunon-aunamendi\/"},"img":{"alt_text":"","src":"","width":0,"height":0},"classes":[]},{"id":12050,"url":"https:\/\/iratiirratia.eus\/index.php\/2018\/04\/23\/egun-on-aunamendi-1073\/","url_meta":{"origin":12919,"position":4},"title":"Egun on, Au\u00f1amendi!","author":"Irati Irratia","date":"23 apirila, 2018","format":false,"excerpt":"Gaurko saioan Mikel Bujanda izan dugu Euskalerria irratitik Iru\u00f1erriko kronika pasatzen.Gero, Xorroxin irratira jo dugu laburki izan bada ere eta bertatik Julen Zelaietak kronika egin digu. Bukatzeko Andres Bidarterekin izan gara Kofidiosis delako gaitzaren inguruan hitz egiten. Eta, nola ez, berriak, inguruko abisuak eta agenda errepasatu ditugu. Entzun! Izenburua: Apirilaren\u2026","rel":"","context":"In &quot;Egun on, Au\u00f1amendi!&quot;","block_context":{"text":"Egun on, Au\u00f1amendi!","link":"https:\/\/iratiirratia.eus\/index.php\/category\/egunon-aunamendi\/"},"img":{"alt_text":"","src":"","width":0,"height":0},"classes":[]},{"id":12027,"url":"https:\/\/iratiirratia.eus\/index.php\/2018\/04\/18\/egun-on-aunamendi-1070\/","url_meta":{"origin":12919,"position":5},"title":"Egun on, Au\u00f1amendi!","author":"Irati Irratia","date":"18 apirila, 2018","format":false,"excerpt":"Gaurkoan hasieran Jose Ignacio Ubau izan dugu besteekiko harremanen zainketarem inguruan elekatzen. Ondoren, Unai Zabaleta izan dugu Karrape irratitik kronika pasatzen. Bukatzeko, Bernadette Argain izan dugu Irulegi irratitik Iparraldeko kronika pasatzen. Eta, nola ez, berriak, inguruko abisuak eta agenda errepasatu ditugu. Entzun! Izenburua: Apirilaren 18ko saioa Iraupena: 2:40 ordu Klikatu\u2026","rel":"","context":"In &quot;Egun on, Au\u00f1amendi!&quot;","block_context":{"text":"Egun on, Au\u00f1amendi!","link":"https:\/\/iratiirratia.eus\/index.php\/category\/egunon-aunamendi\/"},"img":{"alt_text":"","src":"","width":0,"height":0},"classes":[]}],"_links":{"self":[{"href":"https:\/\/iratiirratia.eus\/index.php\/wp-json\/wp\/v2\/posts\/12919"}],"collection":[{"href":"https:\/\/iratiirratia.eus\/index.php\/wp-json\/wp\/v2\/posts"}],"about":[{"href":"https:\/\/iratiirratia.eus\/index.php\/wp-json\/wp\/v2\/types\/post"}],"author":[{"embeddable":true,"href":"https:\/\/iratiirratia.eus\/index.php\/wp-json\/wp\/v2\/users\/1"}],"replies":[{"embeddable":true,"href":"https:\/\/iratiirratia.eus\/index.php\/wp-json\/wp\/v2\/comments?post=12919"}],"version-history":[{"count":1,"href":"https:\/\/iratiirratia.eus\/index.php\/wp-json\/wp\/v2\/posts\/12919\/revisions"}],"predecessor-version":[{"id":12920,"href":"https:\/\/iratiirratia.eus\/index.php\/wp-json\/wp\/v2\/posts\/12919\/revisions\/12920"}],"wp:attachment":[{"href":"https:\/\/iratiirratia.eus\/index.php\/wp-json\/wp\/v2\/media?parent=12919"}],"wp:term":[{"taxonomy":"category","embeddable":true,"href":"https:\/\/iratiirratia.eus\/index.php\/wp-json\/wp\/v2\/categories?post=12919"},{"taxonomy":"post_tag","embeddable":true,"href":"https:\/\/iratiirratia.eus\/index.php\/wp-json\/wp\/v2\/tags?post=12919"}],"curies":[{"name":"wp","href":"https:\/\/api.w.org\/{rel}","templated":true}]}}