{"id":13152,"date":"2019-02-06T14:22:57","date_gmt":"2019-02-06T13:22:57","guid":{"rendered":"http:\/\/iratiirratia.eus\/?p=13152"},"modified":"2019-02-06T14:23:09","modified_gmt":"2019-02-06T13:23:09","slug":"egun-on-aunamendi-1241","status":"publish","type":"post","link":"https:\/\/iratiirratia.eus\/index.php\/2019\/02\/06\/egun-on-aunamendi-1241\/","title":{"rendered":"Egun on, Au\u00f1amendi!"},"content":{"rendered":"<p><br>\n<!--StartFragment--><\/p>\n\n\n<p>Gaurko saioa hasteko  Hala Bedi irratiko lagunek Garako zuzendaria den, I\u00f1aki Sotori eginiko elkarrizketa ekarri dugu. Ondoren  <strong>Unai Zabaleta <\/strong>bisitatzera joan gara bertako kronika jasotzera<strong>.<\/strong> <strong>\u00a0<\/strong><br>Eta nola ez eguneko berriak, eguraldia eta agenda errepasatu ditugu!<br>Entzun!<\/p>\n\n\n\n<figure class=\"wp-block-image\"><img data-attachment-id=\"535\" data-permalink=\"https:\/\/iratiirratia.eus\/egunon\/\" data-orig-file=\"https:\/\/i0.wp.com\/iratiirratia.eus\/wp-content\/uploads\/2011\/04\/egunon.jpg?fit=132%2C125&amp;ssl=1\" data-orig-size=\"132,125\" data-comments-opened=\"1\" data-image-meta=\"{&quot;aperture&quot;:&quot;0&quot;,&quot;credit&quot;:&quot;&quot;,&quot;camera&quot;:&quot;&quot;,&quot;caption&quot;:&quot;&quot;,&quot;created_timestamp&quot;:&quot;0&quot;,&quot;copyright&quot;:&quot;&quot;,&quot;focal_length&quot;:&quot;0&quot;,&quot;iso&quot;:&quot;0&quot;,&quot;shutter_speed&quot;:&quot;0&quot;,&quot;title&quot;:&quot;&quot;,&quot;orientation&quot;:&quot;0&quot;}\" data-image-title=\"egunon\" data-image-description=\"\" data-image-caption=\"\" data-medium-file=\"https:\/\/i0.wp.com\/iratiirratia.eus\/wp-content\/uploads\/2011\/04\/egunon.jpg?fit=132%2C125&amp;ssl=1\" data-large-file=\"https:\/\/i0.wp.com\/iratiirratia.eus\/wp-content\/uploads\/2011\/04\/egunon.jpg?fit=132%2C125&amp;ssl=1\" decoding=\"async\" loading=\"lazy\" width=\"132\" height=\"125\" src=\"https:\/\/i0.wp.com\/iratiirratia.eus\/wp-content\/uploads\/2011\/04\/egunon.jpg?resize=132%2C125\" alt=\"Egun on, Au\u00f1amendi!\" class=\"wp-image-535\" data-recalc-dims=\"1\"\/><\/figure>\n\n\n\n<p><strong>Izenburua:<\/strong> Otsailaren 6ko saioa<\/p>\n\n\n\n<p><strong>Iraupena:<\/strong> 2:40 ordu<\/p>\n\n\n\n<p><a href=\"http:\/\/iratiirratia.eus\/audio\/19-02-06.mp3\">Klikatu hemen saioa jaisteko<\/a><\/p>\n\n\n<p class=\"audioplayer_container\"><span style=\"display:block;padding:5px;border:1px solid #dddddd;background:#f8f8f8\" id=\"audioplayer_1\">Audio clip: Adobe Flash Player (version 9 or above) is required to play this audio clip. Download the latest version <a href=\"http:\/\/www.adobe.com\/shockwave\/download\/download.cgi?P1_Prod_Version=ShockwaveFlash&amp;promoid=BIOW\" title=\"Download Adobe Flash Player\">here<\/a>. You also need to have JavaScript enabled in your browser.<\/span><\/p>\n\n\n<p><!--EndFragment--><br>\n<br>\n<\/p>","protected":false},"excerpt":{"rendered":"<p>Gaurko saioa hasteko Hala Bedi irratiko lagunek Garako zuzendaria den, I\u00f1aki Sotori eginiko elkarrizketa ekarri dugu. Ondoren Unai Zabaleta bisitatzera joan gara bertako kronika jasotzera. \u00a0Eta nola ez eguneko berriak, eguraldia eta agenda errepasatu ditugu!Entzun! Izenburua: Otsailaren 6ko saioa Iraupena: 2:40 ordu Klikatu hemen saioa jaisteko<\/p>\n","protected":false},"author":1,"featured_media":0,"comment_status":"open","ping_status":"open","sticky":false,"template":"","format":"standard","meta":{"jetpack_post_was_ever_published":false,"_jetpack_newsletter_access":"","_jetpack_newsletter_tier_id":0,"jetpack_publicize_message":"","jetpack_is_tweetstorm":false,"jetpack_publicize_feature_enabled":true,"jetpack_social_post_already_shared":true,"jetpack_social_options":{"image_generator_settings":{"template":"highway","enabled":false}}},"categories":[4],"tags":[],"jetpack_publicize_connections":[],"jetpack_featured_media_url":"","jetpack_shortlink":"https:\/\/wp.me\/p7eaXY-3q8","jetpack_sharing_enabled":true,"jetpack-related-posts":[{"id":15861,"url":"https:\/\/iratiirratia.eus\/index.php\/2021\/02\/26\/egun-on-aunamendi-mikel-zabalza-auzia-eta-erronkariko-konexioa\/","url_meta":{"origin":13152,"position":0},"title":"Egun On, Au\u00f1amendi! Mikel Zabalza auzia eta Erronkariko konexioa","author":"Irati Irratia","date":"26 otsaila, 2021","format":false,"excerpt":"Atelehenean aditzera eman zituzten Mikel Zabalzaren kasuaren inguruko audio zenbait eta kalapita sortu zuten. Honen inguruan Idoia Zabaltzarekin solastu gara gaurkoan. Ondoren, Erronkarira joan gara Julian Gabasekin egotera. Izenburua: Otsailaren 26ko saioa Iraupena: 2:35 ordu Klikatu hemen saioa jaisteko [audio:http:\/\/iratiirratia.eus\/audio\/21-02-26.mp3]","rel":"","context":"In &quot;Egun on, Au\u00f1amendi!&quot;","block_context":{"text":"Egun on, Au\u00f1amendi!","link":"https:\/\/iratiirratia.eus\/index.php\/category\/egunon-aunamendi\/"},"img":{"alt_text":"","src":"","width":0,"height":0},"classes":[]},{"id":5841,"url":"https:\/\/iratiirratia.eus\/index.php\/2015\/04\/23\/alderdiekin-egindako-mahai-inguruako-audioa-audio-de-la-mesa-redonda-con-los-partidos\/","url_meta":{"origin":13152,"position":1},"title":"Alderdiekin egindako mahai-inguruko audioa &#8211; Audio de la mesa redonda con los partidos","author":"Irati Irratia","date":"23 apirila, 2015","format":false,"excerpt":"Izenburua: Mahai-inguruko audioa Iraupena: 2:30 ordu Klikatu hemen saioa jaisteko [audio:http:\/\/iratiirratia.eus\/audio\/Mahai_ingurua.MP3|titles=Egun on, Au\u00f1amendi! 15-04-23]","rel":"","context":"In &quot;Egun on, Au\u00f1amendi!&quot;","block_context":{"text":"Egun on, Au\u00f1amendi!","link":"https:\/\/iratiirratia.eus\/index.php\/category\/egunon-aunamendi\/"},"img":{"alt_text":"","src":"","width":0,"height":0},"classes":[]},{"id":12994,"url":"https:\/\/iratiirratia.eus\/index.php\/2018\/12\/18\/egun-on-aunamendi-1218\/","url_meta":{"origin":13152,"position":2},"title":"Egun on, Au\u00f1amendi !","author":"Irati Irratia","date":"18 abendua, 2018","format":false,"excerpt":"Gaurkoan, Aralar irratiko Martin Juanenarekin izan gara Larraun-Lekunberriko kronika jasotzen. Gaur migranteen eguna izanda, gai hau landu dugu. Asteburuan Bizkaiako bertso finala jokatu eta gero saio hartako audio batzuk entzuteko aukera izan dugu, Onintza Enbeitiak txapala irabazi eta gero botatako bertsoarekin tarte hau amaitu dugu. Eta, nola ez, berriak, inguruko\u2026","rel":"","context":"In &quot;Egun on, Au\u00f1amendi!&quot;","block_context":{"text":"Egun on, Au\u00f1amendi!","link":"https:\/\/iratiirratia.eus\/index.php\/category\/egunon-aunamendi\/"},"img":{"alt_text":"","src":"","width":0,"height":0},"classes":[]},{"id":3665,"url":"https:\/\/iratiirratia.eus\/index.php\/2013\/02\/06\/katredak-46\/","url_meta":{"origin":13152,"position":3},"title":"Katredak","author":"Irati Irratia","date":"6 otsaila, 2013","format":false,"excerpt":"<a href=\"http:\/\/iratiirratia.net\/wp-content\/uploads\/2011\/05\/katredak.jpg\"><img src=\"http:\/\/iratiirratia.net\/wp-content\/uploads\/2011\/05\/katredak.jpg\" alt=\"\" title=\"katredak\" width=\"132\" height=\"125\" \/><\/a> \u00a0 <strong>Izenburua:<\/strong> Otsailaren 5eko saioa \u00a0 <strong>Iraupena:<\/strong> 2:30 ordu \u00a0 <a title=\"Katredak. Otsailaren 5eko saioa\" href=\"http:\/\/iratiirratia.net\/audio\/kuako130205.mp3\" target=\"_blank\">Klikatu hemen saioa jaisteko<\/a> \u00a0 [audio:http:\/\/iratiirratia.net\/audio\/kuako130205.mp3|titles=Katredak 13-02-05]","rel":"","context":"In &quot;Katredak&quot;","block_context":{"text":"Katredak","link":"https:\/\/iratiirratia.eus\/index.php\/category\/katredak\/"},"img":{"alt_text":"","src":"","width":0,"height":0},"classes":[]},{"id":3655,"url":"https:\/\/iratiirratia.eus\/index.php\/2013\/02\/04\/egun-on-aunamendi-19\/","url_meta":{"origin":13152,"position":4},"title":"Egun on, Au\u00f1amendi!","author":"Irati Irratia","date":"4 otsaila, 2013","format":false,"excerpt":"Izenburua: Otsailaren 4ko saioa Iraupena: 2:30 ordu Klikatu hemen saioa jaisteko [audio:http:\/\/iratiirratia.net\/audio\/13-02-04.mp3|titles=Egunon Au\u00f1amendi! 13-02-04]","rel":"","context":"In &quot;Egun on, Au\u00f1amendi!&quot;","block_context":{"text":"Egun on, Au\u00f1amendi!","link":"https:\/\/iratiirratia.eus\/index.php\/category\/egunon-aunamendi\/"},"img":{"alt_text":"","src":"","width":0,"height":0},"classes":[]},{"id":3709,"url":"https:\/\/iratiirratia.eus\/index.php\/2013\/02\/19\/egun-on-aunamendi-26\/","url_meta":{"origin":13152,"position":5},"title":"Egun on, Au\u00f1amendi!","author":"Irati Irratia","date":"19 otsaila, 2013","format":false,"excerpt":"Izenburua: Otsailaren 19ko saioa Iraupena: 2:30 ordu Klikatu hemen saioa jaisteko [audio:http:\/\/iratiirratia.net\/audio\/13-02-19.mp3|titles=Egunon Au\u00f1amendi! 13-02-19]","rel":"","context":"In &quot;Egun on, Au\u00f1amendi!&quot;","block_context":{"text":"Egun on, Au\u00f1amendi!","link":"https:\/\/iratiirratia.eus\/index.php\/category\/egunon-aunamendi\/"},"img":{"alt_text":"","src":"","width":0,"height":0},"classes":[]}],"_links":{"self":[{"href":"https:\/\/iratiirratia.eus\/index.php\/wp-json\/wp\/v2\/posts\/13152"}],"collection":[{"href":"https:\/\/iratiirratia.eus\/index.php\/wp-json\/wp\/v2\/posts"}],"about":[{"href":"https:\/\/iratiirratia.eus\/index.php\/wp-json\/wp\/v2\/types\/post"}],"author":[{"embeddable":true,"href":"https:\/\/iratiirratia.eus\/index.php\/wp-json\/wp\/v2\/users\/1"}],"replies":[{"embeddable":true,"href":"https:\/\/iratiirratia.eus\/index.php\/wp-json\/wp\/v2\/comments?post=13152"}],"version-history":[{"count":1,"href":"https:\/\/iratiirratia.eus\/index.php\/wp-json\/wp\/v2\/posts\/13152\/revisions"}],"predecessor-version":[{"id":13153,"href":"https:\/\/iratiirratia.eus\/index.php\/wp-json\/wp\/v2\/posts\/13152\/revisions\/13153"}],"wp:attachment":[{"href":"https:\/\/iratiirratia.eus\/index.php\/wp-json\/wp\/v2\/media?parent=13152"}],"wp:term":[{"taxonomy":"category","embeddable":true,"href":"https:\/\/iratiirratia.eus\/index.php\/wp-json\/wp\/v2\/categories?post=13152"},{"taxonomy":"post_tag","embeddable":true,"href":"https:\/\/iratiirratia.eus\/index.php\/wp-json\/wp\/v2\/tags?post=13152"}],"curies":[{"name":"wp","href":"https:\/\/api.w.org\/{rel}","templated":true}]}}