{"id":13572,"date":"2019-06-14T14:32:06","date_gmt":"2019-06-14T12:32:06","guid":{"rendered":"http:\/\/iratiirratia.eus\/?p=13572"},"modified":"2019-06-14T14:32:15","modified_gmt":"2019-06-14T12:32:15","slug":"egun-on-aunamendi-1317","status":"publish","type":"post","link":"https:\/\/iratiirratia.eus\/index.php\/2019\/06\/14\/egun-on-aunamendi-1317\/","title":{"rendered":"Egun on, Au\u00f1amendi!"},"content":{"rendered":"<p><br>\n<!--StartFragment--><\/p>\n\n\n<p>Gaur, lehendabizi Karlos Bueno izan behar genuen baina ezin izan duenez, bere kolaborazio baten zatia hartu dugu, gure esatariak pairatuko duen makroepaiketa lantzen zen elkarrizketa alegia.  Ondoren <strong>Julian Gabas<\/strong> bisitatzera joan gara Erronkariko kronika pasa zezan . Bukatzeko Irulegi irratitik bideratutako berriak eskaini ditugu.<\/p>\n\n\n\n<p>Eta, nola ez,  zine estreinaldiak errepasatu ditugu. Entzun!<\/p>\n\n\n\n<figure class=\"wp-block-image\"><img data-attachment-id=\"535\" data-permalink=\"https:\/\/iratiirratia.eus\/egunon\/\" data-orig-file=\"https:\/\/i0.wp.com\/iratiirratia.eus\/wp-content\/uploads\/2011\/04\/egunon.jpg?fit=132%2C125&amp;ssl=1\" data-orig-size=\"132,125\" data-comments-opened=\"1\" data-image-meta=\"{&quot;aperture&quot;:&quot;0&quot;,&quot;credit&quot;:&quot;&quot;,&quot;camera&quot;:&quot;&quot;,&quot;caption&quot;:&quot;&quot;,&quot;created_timestamp&quot;:&quot;0&quot;,&quot;copyright&quot;:&quot;&quot;,&quot;focal_length&quot;:&quot;0&quot;,&quot;iso&quot;:&quot;0&quot;,&quot;shutter_speed&quot;:&quot;0&quot;,&quot;title&quot;:&quot;&quot;,&quot;orientation&quot;:&quot;0&quot;}\" data-image-title=\"egunon\" data-image-description=\"\" data-image-caption=\"\" data-medium-file=\"https:\/\/i0.wp.com\/iratiirratia.eus\/wp-content\/uploads\/2011\/04\/egunon.jpg?fit=132%2C125&amp;ssl=1\" data-large-file=\"https:\/\/i0.wp.com\/iratiirratia.eus\/wp-content\/uploads\/2011\/04\/egunon.jpg?fit=132%2C125&amp;ssl=1\" decoding=\"async\" loading=\"lazy\" width=\"132\" height=\"125\" src=\"https:\/\/i0.wp.com\/iratiirratia.eus\/wp-content\/uploads\/2011\/04\/egunon.jpg?resize=132%2C125\" alt=\"Egun on, Au\u00f1amendi!\" class=\"wp-image-535\" data-recalc-dims=\"1\"\/><\/figure>\n\n\n\n<p><strong>Izenburua:<\/strong> Ekainaren 14ko saioa<\/p>\n\n\n\n<p><strong>Iraupena:<\/strong> 2:45 ordu<\/p>\n\n\n\n<p><a href=\"http:\/\/iratiirratia.eus\/audio\/19-06-14.mp3\">Klikatu hemen saioa jaisteko<\/a><\/p>\n\n\n<p class=\"audioplayer_container\"><span style=\"display:block;padding:5px;border:1px solid #dddddd;background:#f8f8f8\" id=\"audioplayer_1\">Audio clip: Adobe Flash Player (version 9 or above) is required to play this audio clip. Download the latest version <a href=\"http:\/\/www.adobe.com\/shockwave\/download\/download.cgi?P1_Prod_Version=ShockwaveFlash&amp;promoid=BIOW\" title=\"Download Adobe Flash Player\">here<\/a>. You also need to have JavaScript enabled in your browser.<\/span><\/p>\n\n\n<p><!--EndFragment--><br>\n<br>\n<\/p>","protected":false},"excerpt":{"rendered":"<p>Gaur, lehendabizi Karlos Bueno izan behar genuen baina ezin izan duenez, bere kolaborazio baten zatia hartu dugu, gure esatariak pairatuko duen makroepaiketa lantzen zen elkarrizketa alegia. Ondoren Julian Gabas bisitatzera joan gara Erronkariko kronika pasa zezan . Bukatzeko Irulegi irratitik bideratutako berriak eskaini ditugu. Eta, nola ez, zine estreinaldiak errepasatu ditugu. Entzun! Izenburua: Ekainaren 14ko [&hellip;]<\/p>\n","protected":false},"author":1,"featured_media":0,"comment_status":"open","ping_status":"open","sticky":false,"template":"","format":"standard","meta":{"jetpack_post_was_ever_published":false,"_jetpack_newsletter_access":"","_jetpack_newsletter_tier_id":0,"jetpack_publicize_message":"","jetpack_is_tweetstorm":false,"jetpack_publicize_feature_enabled":true,"jetpack_social_post_already_shared":true,"jetpack_social_options":{"image_generator_settings":{"template":"highway","enabled":false}}},"categories":[4],"tags":[],"jetpack_publicize_connections":[],"jetpack_featured_media_url":"","jetpack_shortlink":"https:\/\/wp.me\/p7eaXY-3wU","jetpack_sharing_enabled":true,"jetpack-related-posts":[{"id":13808,"url":"https:\/\/iratiirratia.eus\/index.php\/2019\/08\/28\/egun-on-aunamendi-1361\/","url_meta":{"origin":13572,"position":0},"title":"Egun on, Au\u00f1amendi!","author":"Irati Irratia","date":"28 abuztua, 2019","format":false,"excerpt":"Gaurkoan, asteartero bezala, saioa Aralar irratia bisitatzen hasi dugu. Hantxe izan dugu Martin Juanena bere kronika pasatzen. Ondoren, Naiz irratiak Maite Ubiriari eginiko elkarrizketa ekarri dugu, G7 gailurrak zer ekarri duen jakiteko. Bukatzeko Behe paliolitikoan Praileaitzen egondako gizakien inguruan solasten duen Elhuyar fundazioko Quark saioa izan dugu. Eta, nola ez,\u2026","rel":"","context":"In &quot;Egun on, Au\u00f1amendi!&quot;","block_context":{"text":"Egun on, Au\u00f1amendi!","link":"https:\/\/iratiirratia.eus\/index.php\/category\/egunon-aunamendi\/"},"img":{"alt_text":"","src":"","width":0,"height":0},"classes":[]},{"id":9392,"url":"https:\/\/iratiirratia.eus\/index.php\/2016\/10\/06\/egun-on-aunamendi-720\/","url_meta":{"origin":13572,"position":1},"title":"Egun on, Au\u00f1amendi!","author":"Irati Irratia","date":"6 urria, 2016","format":false,"excerpt":"Urriaren hasieran gaude. Horrek esan nahi du hemen dugula Mendixut aldizkariaren zenbaki berria. Rita Labianok kontatu digu zer ekartzen duen aldizkariak. Arkaitz Leonek La Poes\u00eda de los \u00c1rboles anotologia aurkeztu digu. Huts argitaletxeak editatzen duen bigarren liburua da. Angel Mari Loperenaren bisita jaso dugu gaur. Turismoaren inguruan, promozio moldeak eta\u2026","rel":"","context":"In &quot;Egun on, Au\u00f1amendi!&quot;","block_context":{"text":"Egun on, Au\u00f1amendi!","link":"https:\/\/iratiirratia.eus\/index.php\/category\/egunon-aunamendi\/"},"img":{"alt_text":"","src":"","width":0,"height":0},"classes":[]},{"id":13810,"url":"https:\/\/iratiirratia.eus\/index.php\/2019\/08\/29\/egun-on-aunamendi-1362\/","url_meta":{"origin":13572,"position":2},"title":"Egun on, Au\u00f1amendi!","author":"Irati Irratia","date":"29 abuztua, 2019","format":false,"excerpt":"Gaurkoan, saio hasieran Jose Ignacio Ubauren lehen sorospenen gomendioen kolaborazioa berreskuratu dugu. Bukatzeko Aezkoako Gazte Asanbladak burutuko duen zozketaren nondik norakoak aipatu ditugu. Eta nola ez eguneko berriak, eguraldia eta agenda errepasatu ditugu!Entzun! Izenburua: Abuztuaren 28ko saioa Iraupena: 2:40 ordu Klikatu hemen saioa jeisteko [audio:http:\/\/iratiirratia.eus\/audio\/19-08-28.mp3|titles=Egun on, Au\u00f1amendi! 19-08-28]","rel":"","context":"In &quot;Egun on, Au\u00f1amendi!&quot;","block_context":{"text":"Egun on, Au\u00f1amendi!","link":"https:\/\/iratiirratia.eus\/index.php\/category\/egunon-aunamendi\/"},"img":{"alt_text":"","src":"","width":0,"height":0},"classes":[]},{"id":9024,"url":"https:\/\/iratiirratia.eus\/index.php\/2016\/06\/21\/egun-on-aunamendi-655\/","url_meta":{"origin":13572,"position":3},"title":"Egun on, Au\u00f1amendi!","author":"Irati Irratia","date":"21 ekaina, 2016","format":false,"excerpt":"Aspacek Orreagan duen gaztandegia ezagutu dugu gaurkoan. Aurten egin dituzten berrikuntzak ezagutu ditugu Simon Olondriz arduradunarekin. Auritzeko jaiak bihar hasiko dira, Mikel Gaztelu zinegotziak prestatu dutena kontatu digu. Asteartero bezala, Elhuyar Fundazioak sortzen duen Quark zientzia tartea entzun dugu. Aralar irratia bisitatu dugu. Eta, nola ez, berriak, inguruko abisuak eta\u2026","rel":"","context":"In &quot;Egun on, Au\u00f1amendi!&quot;","block_context":{"text":"Egun on, Au\u00f1amendi!","link":"https:\/\/iratiirratia.eus\/index.php\/category\/egunon-aunamendi\/"},"img":{"alt_text":"","src":"","width":0,"height":0},"classes":[]},{"id":9026,"url":"https:\/\/iratiirratia.eus\/index.php\/2016\/06\/22\/egun-on-aunamendi-656\/","url_meta":{"origin":13572,"position":4},"title":"Egun on, Au\u00f1amendi!","author":"Irati Irratia","date":"22 ekaina, 2016","format":false,"excerpt":"Zilbetin egin dugu gaurko lehenengo geldialdia. Roberto Huarterekin izan gara eta sortu berri duen Adipe landa etxea ezagutu dugu. Karekin Kulturak udarako antolatu duen jarduera ere ezagutu dugu: Agoitz Izkutatua hirilekua. Kati Leatxek kontatu digu. Asteartero bezala, gainera, Karrape irratia bisitatu dugu. Zine estenainaldien berri izan dugu. Eta, nola ez,\u2026","rel":"","context":"In &quot;Egun on, Au\u00f1amendi!&quot;","block_context":{"text":"Egun on, Au\u00f1amendi!","link":"https:\/\/iratiirratia.eus\/index.php\/category\/egunon-aunamendi\/"},"img":{"alt_text":"","src":"","width":0,"height":0},"classes":[]},{"id":6517,"url":"https:\/\/iratiirratia.eus\/index.php\/2015\/08\/12\/egun-on-aunamendi-475\/","url_meta":{"origin":13572,"position":5},"title":"Egun on, Au\u00f1amendi!","author":"Irati Irratia","date":"12 abuztua, 2015","format":false,"excerpt":"Izar iheskorren eguna da gaurkoa, eta Irati Irratian ere pertseidak izan ditugu. Iru\u00f1eko Planetarioko Miren Karmele Gomezi esker xehetasun guztiak ezagutu ditugu. Artearen inguruan ere mintzatu gara Isabel Errorekin, eta Orbaizetako Kultur Ekimenak elkarteak aurten egingo duen ateraldia zein den jakin dugu. Izenburua: Abuztuaren 12eko saioa Iraupena: 2:30 ordu Klikatu\u2026","rel":"","context":"In &quot;Egun on, Au\u00f1amendi!&quot;","block_context":{"text":"Egun on, Au\u00f1amendi!","link":"https:\/\/iratiirratia.eus\/index.php\/category\/egunon-aunamendi\/"},"img":{"alt_text":"","src":"","width":0,"height":0},"classes":[]}],"_links":{"self":[{"href":"https:\/\/iratiirratia.eus\/index.php\/wp-json\/wp\/v2\/posts\/13572"}],"collection":[{"href":"https:\/\/iratiirratia.eus\/index.php\/wp-json\/wp\/v2\/posts"}],"about":[{"href":"https:\/\/iratiirratia.eus\/index.php\/wp-json\/wp\/v2\/types\/post"}],"author":[{"embeddable":true,"href":"https:\/\/iratiirratia.eus\/index.php\/wp-json\/wp\/v2\/users\/1"}],"replies":[{"embeddable":true,"href":"https:\/\/iratiirratia.eus\/index.php\/wp-json\/wp\/v2\/comments?post=13572"}],"version-history":[{"count":1,"href":"https:\/\/iratiirratia.eus\/index.php\/wp-json\/wp\/v2\/posts\/13572\/revisions"}],"predecessor-version":[{"id":13573,"href":"https:\/\/iratiirratia.eus\/index.php\/wp-json\/wp\/v2\/posts\/13572\/revisions\/13573"}],"wp:attachment":[{"href":"https:\/\/iratiirratia.eus\/index.php\/wp-json\/wp\/v2\/media?parent=13572"}],"wp:term":[{"taxonomy":"category","embeddable":true,"href":"https:\/\/iratiirratia.eus\/index.php\/wp-json\/wp\/v2\/categories?post=13572"},{"taxonomy":"post_tag","embeddable":true,"href":"https:\/\/iratiirratia.eus\/index.php\/wp-json\/wp\/v2\/tags?post=13572"}],"curies":[{"name":"wp","href":"https:\/\/api.w.org\/{rel}","templated":true}]}}