{"id":13703,"date":"2019-07-31T14:41:32","date_gmt":"2019-07-31T12:41:32","guid":{"rendered":"http:\/\/iratiirratia.eus\/?p=13703"},"modified":"2019-07-31T14:41:41","modified_gmt":"2019-07-31T12:41:41","slug":"egun-on-aunamendi-1346","status":"publish","type":"post","link":"https:\/\/iratiirratia.eus\/index.php\/2019\/07\/31\/egun-on-aunamendi-1346\/","title":{"rendered":"Egun on, Au\u00f1amendi!"},"content":{"rendered":"<p><br>\n<!--StartFragment--><\/p>\n\n\n<p>Gaur, saio hasteko Jose Ignacio Ubauren adinduen kontrako indarkeria lantzen zuen kolaborazioa berreskuratu dugu. Bukatzeko Karrape Irratira joan gara <strong>Unai Zabaleta<\/strong>rekin.<\/p>\n\n\n\n<p><br>Eta nola ez eguneko berriak, eguraldia eta agenda errepasatu ditugu!<br>Entzun!<\/p>\n\n\n\n<figure class=\"wp-block-image\"><img data-attachment-id=\"535\" data-permalink=\"https:\/\/iratiirratia.eus\/egunon\/\" data-orig-file=\"https:\/\/i0.wp.com\/iratiirratia.eus\/wp-content\/uploads\/2011\/04\/egunon.jpg?fit=132%2C125&amp;ssl=1\" data-orig-size=\"132,125\" data-comments-opened=\"1\" data-image-meta=\"{&quot;aperture&quot;:&quot;0&quot;,&quot;credit&quot;:&quot;&quot;,&quot;camera&quot;:&quot;&quot;,&quot;caption&quot;:&quot;&quot;,&quot;created_timestamp&quot;:&quot;0&quot;,&quot;copyright&quot;:&quot;&quot;,&quot;focal_length&quot;:&quot;0&quot;,&quot;iso&quot;:&quot;0&quot;,&quot;shutter_speed&quot;:&quot;0&quot;,&quot;title&quot;:&quot;&quot;,&quot;orientation&quot;:&quot;0&quot;}\" data-image-title=\"egunon\" data-image-description=\"\" data-image-caption=\"\" data-medium-file=\"https:\/\/i0.wp.com\/iratiirratia.eus\/wp-content\/uploads\/2011\/04\/egunon.jpg?fit=132%2C125&amp;ssl=1\" data-large-file=\"https:\/\/i0.wp.com\/iratiirratia.eus\/wp-content\/uploads\/2011\/04\/egunon.jpg?fit=132%2C125&amp;ssl=1\" decoding=\"async\" loading=\"lazy\" width=\"132\" height=\"125\" src=\"https:\/\/i0.wp.com\/iratiirratia.eus\/wp-content\/uploads\/2011\/04\/egunon.jpg?resize=132%2C125\" alt=\"Egun on, Au\u00f1amendi!\" class=\"wp-image-535\" data-recalc-dims=\"1\"\/><\/figure>\n\n\n\n<p><strong>Izenburua:<\/strong> Uztailaren 31ko saioa<\/p>\n\n\n\n<p><strong>Iraupena:<\/strong> 2:40 ordu<\/p>\n\n\n\n<p><a href=\"http:\/\/iratiirratia.eus\/audio\/19-07-31.mp3\">Klikatu hemen saioa jeisteko<\/a><\/p>\n\n\n<p class=\"audioplayer_container\"><span style=\"display:block;padding:5px;border:1px solid #dddddd;background:#f8f8f8\" id=\"audioplayer_1\">Audio clip: Adobe Flash Player (version 9 or above) is required to play this audio clip. Download the latest version <a href=\"http:\/\/www.adobe.com\/shockwave\/download\/download.cgi?P1_Prod_Version=ShockwaveFlash&amp;promoid=BIOW\" title=\"Download Adobe Flash Player\">here<\/a>. You also need to have JavaScript enabled in your browser.<\/span><\/p>\n\n\n<p><!--EndFragment--><br>\n<br>\n<\/p>","protected":false},"excerpt":{"rendered":"<p>Gaur, saio hasteko Jose Ignacio Ubauren adinduen kontrako indarkeria lantzen zuen kolaborazioa berreskuratu dugu. Bukatzeko Karrape Irratira joan gara Unai Zabaletarekin. Eta nola ez eguneko berriak, eguraldia eta agenda errepasatu ditugu!Entzun! Izenburua: Uztailaren 31ko saioa Iraupena: 2:40 ordu Klikatu hemen saioa jeisteko<\/p>\n","protected":false},"author":1,"featured_media":0,"comment_status":"open","ping_status":"open","sticky":false,"template":"","format":"standard","meta":{"jetpack_post_was_ever_published":false,"_jetpack_newsletter_access":"","_jetpack_newsletter_tier_id":0,"jetpack_publicize_message":"","jetpack_is_tweetstorm":false,"jetpack_publicize_feature_enabled":true,"jetpack_social_post_already_shared":true,"jetpack_social_options":{"image_generator_settings":{"template":"highway","enabled":false}}},"categories":[4],"tags":[],"jetpack_publicize_connections":[],"jetpack_featured_media_url":"","jetpack_shortlink":"https:\/\/wp.me\/p7eaXY-3z1","jetpack_sharing_enabled":true,"jetpack-related-posts":[{"id":4020,"url":"https:\/\/iratiirratia.eus\/index.php\/2013\/07\/31\/katredak-55\/","url_meta":{"origin":13703,"position":0},"title":"Katredak","author":"Irati Irratia","date":"31 uztaila, 2013","format":false,"excerpt":"\u00a0 <a href=\"http:\/\/iratiirratia.net\/wp-content\/uploads\/2011\/05\/katredak.jpg\"><img src=\"http:\/\/iratiirratia.net\/wp-content\/uploads\/2011\/05\/katredak.jpg\" alt=\"\" title=\"katredak\" width=\"132\" height=\"125\" class=\"alignleft size-full wp-image-679\" \/><\/a> \u00a0 <strong>Izenburua:<\/strong> Uztailaren 30eko saioa \u00a0 <strong>Iraupena:<\/strong> 2:30 ordu \u00a0 <a title=\"Katredak. Uztailaren 30ko saioa\" href=\"http:\/\/iratiirratia.net\/audio\/kuako130730.mp3\" target=\"_blank\">Klikatu hemen saioa jaisteko<\/a> \u00a0 [audio:http:\/\/iratiirratia.net\/audio\/kuako130730.mp3|titles=Katredak 13-07-30]","rel":"","context":"In &quot;Katredak&quot;","block_context":{"text":"Katredak","link":"https:\/\/iratiirratia.eus\/index.php\/category\/katredak\/"},"img":{"alt_text":"","src":"","width":0,"height":0},"classes":[]},{"id":5841,"url":"https:\/\/iratiirratia.eus\/index.php\/2015\/04\/23\/alderdiekin-egindako-mahai-inguruako-audioa-audio-de-la-mesa-redonda-con-los-partidos\/","url_meta":{"origin":13703,"position":1},"title":"Alderdiekin egindako mahai-inguruko audioa &#8211; Audio de la mesa redonda con los partidos","author":"Irati Irratia","date":"23 apirila, 2015","format":false,"excerpt":"Izenburua: Mahai-inguruko audioa Iraupena: 2:30 ordu Klikatu hemen saioa jaisteko [audio:http:\/\/iratiirratia.eus\/audio\/Mahai_ingurua.MP3|titles=Egun on, Au\u00f1amendi! 15-04-23]","rel":"","context":"In &quot;Egun on, Au\u00f1amendi!&quot;","block_context":{"text":"Egun on, Au\u00f1amendi!","link":"https:\/\/iratiirratia.eus\/index.php\/category\/egunon-aunamendi\/"},"img":{"alt_text":"","src":"","width":0,"height":0},"classes":[]},{"id":5151,"url":"https:\/\/iratiirratia.eus\/index.php\/2014\/07\/31\/egun-on-aunamendi-282\/","url_meta":{"origin":13703,"position":2},"title":"Egun on, Au\u00f1amendi!","author":"Irati Irratia","date":"31 uztaila, 2014","format":false,"excerpt":"Izenburua: Uztailaren 31eko saioa Iraupena: 2:30 ordu Klikatu hemen saioa jaisteko [audio:http:\/\/iratiirratia.net\/audio\/14-07-31.mp3|titles=Egun on, Au\u00f1amendi! 14-07-31]","rel":"","context":"In &quot;Egun on, Au\u00f1amendi!&quot;","block_context":{"text":"Egun on, Au\u00f1amendi!","link":"https:\/\/iratiirratia.eus\/index.php\/category\/egunon-aunamendi\/"},"img":{"alt_text":"","src":"","width":0,"height":0},"classes":[]},{"id":3009,"url":"https:\/\/iratiirratia.eus\/index.php\/2012\/07\/31\/egunon-aunamendi-293\/","url_meta":{"origin":13703,"position":3},"title":"Egunon Au\u00f1amendi!!!","author":"Irati Irratia","date":"31 uztaila, 2012","format":false,"excerpt":"Izenburua: Uztailaren 26ko saioa Iraupena: 2:30 ordu Klikatu hemen saioa jaisteko [audio:http:\/\/iratiirratia.net\/audio\/12-07-26.mp3|titles=Egunon Au\u00f1amendi! 12-07-26]","rel":"","context":"In &quot;Egun on, Au\u00f1amendi!&quot;","block_context":{"text":"Egun on, Au\u00f1amendi!","link":"https:\/\/iratiirratia.eus\/index.php\/category\/egunon-aunamendi\/"},"img":{"alt_text":"","src":"","width":0,"height":0},"classes":[]},{"id":3012,"url":"https:\/\/iratiirratia.eus\/index.php\/2012\/07\/31\/egunon-aunamendi-294\/","url_meta":{"origin":13703,"position":4},"title":"Egunon Au\u00f1amendi!!","author":"Irati Irratia","date":"31 uztaila, 2012","format":false,"excerpt":"Izenburua: Uztailaren 27ko saioa Iraupena: 2:30 ordu Klikatu hemen saioa jaisteko [audio:http:\/\/iratiirratia.net\/audio\/12-07-27.mp3|titles=Egunon Au\u00f1amendi! 12-07-27]","rel":"","context":"In &quot;Egun on, Au\u00f1amendi!&quot;","block_context":{"text":"Egun on, Au\u00f1amendi!","link":"https:\/\/iratiirratia.eus\/index.php\/category\/egunon-aunamendi\/"},"img":{"alt_text":"","src":"","width":0,"height":0},"classes":[]},{"id":3015,"url":"https:\/\/iratiirratia.eus\/index.php\/2012\/07\/31\/egunon-aunamendi-295\/","url_meta":{"origin":13703,"position":5},"title":"Egunon Au\u00f1amendi!!","author":"Irati Irratia","date":"31 uztaila, 2012","format":false,"excerpt":"Izenburua: Uztailaren 30eko saioa Iraupena: 2:30 ordu Klikatu hemen saioa jaisteko [audio:http:\/\/iratiirratia.net\/audio\/12-07-30.mp3|titles=Egunon Au\u00f1amendi! 12-07-30]","rel":"","context":"In &quot;Egun on, Au\u00f1amendi!&quot;","block_context":{"text":"Egun on, Au\u00f1amendi!","link":"https:\/\/iratiirratia.eus\/index.php\/category\/egunon-aunamendi\/"},"img":{"alt_text":"","src":"","width":0,"height":0},"classes":[]}],"_links":{"self":[{"href":"https:\/\/iratiirratia.eus\/index.php\/wp-json\/wp\/v2\/posts\/13703"}],"collection":[{"href":"https:\/\/iratiirratia.eus\/index.php\/wp-json\/wp\/v2\/posts"}],"about":[{"href":"https:\/\/iratiirratia.eus\/index.php\/wp-json\/wp\/v2\/types\/post"}],"author":[{"embeddable":true,"href":"https:\/\/iratiirratia.eus\/index.php\/wp-json\/wp\/v2\/users\/1"}],"replies":[{"embeddable":true,"href":"https:\/\/iratiirratia.eus\/index.php\/wp-json\/wp\/v2\/comments?post=13703"}],"version-history":[{"count":1,"href":"https:\/\/iratiirratia.eus\/index.php\/wp-json\/wp\/v2\/posts\/13703\/revisions"}],"predecessor-version":[{"id":13704,"href":"https:\/\/iratiirratia.eus\/index.php\/wp-json\/wp\/v2\/posts\/13703\/revisions\/13704"}],"wp:attachment":[{"href":"https:\/\/iratiirratia.eus\/index.php\/wp-json\/wp\/v2\/media?parent=13703"}],"wp:term":[{"taxonomy":"category","embeddable":true,"href":"https:\/\/iratiirratia.eus\/index.php\/wp-json\/wp\/v2\/categories?post=13703"},{"taxonomy":"post_tag","embeddable":true,"href":"https:\/\/iratiirratia.eus\/index.php\/wp-json\/wp\/v2\/tags?post=13703"}],"curies":[{"name":"wp","href":"https:\/\/api.w.org\/{rel}","templated":true}]}}