{"id":13899,"date":"2019-09-16T13:00:14","date_gmt":"2019-09-16T11:00:14","guid":{"rendered":"http:\/\/iratiirratia.eus\/?p=13899"},"modified":"2019-09-16T18:09:43","modified_gmt":"2019-09-16T16:09:43","slug":"egunon-aunamendi-eneko-libre-47-euskaldunen-auzian","status":"publish","type":"post","link":"https:\/\/iratiirratia.eus\/index.php\/2019\/09\/16\/egunon-aunamendi-eneko-libre-47-euskaldunen-auzian\/","title":{"rendered":"Egunon Au\u00f1amendi! Eneko libre 47 euskaldunen auzian"},"content":{"rendered":"\n<p><\/p>\n\n\n<p>Egunon Au\u00f1amendi! saioa albiste on batekin abiatu dugu. Eta lehengo eta behin Madriletik zuzenean aritu zaigu Eneko Villegas laguna. Akordioa erdietsi dute Auzitegi Nazionalean eta bi abokatu epe labur batez espetxera joanen diren arren, guztiak libre itzuli dira Euskal Herrirat. <br><!--StartFragment--><\/p>\n\n\n<figure class=\"wp-block-image\"><img data-attachment-id=\"535\" data-permalink=\"https:\/\/iratiirratia.eus\/egunon\/\" data-orig-file=\"https:\/\/i0.wp.com\/iratiirratia.eus\/wp-content\/uploads\/2011\/04\/egunon.jpg?fit=132%2C125&amp;ssl=1\" data-orig-size=\"132,125\" data-comments-opened=\"1\" data-image-meta=\"{&quot;aperture&quot;:&quot;0&quot;,&quot;credit&quot;:&quot;&quot;,&quot;camera&quot;:&quot;&quot;,&quot;caption&quot;:&quot;&quot;,&quot;created_timestamp&quot;:&quot;0&quot;,&quot;copyright&quot;:&quot;&quot;,&quot;focal_length&quot;:&quot;0&quot;,&quot;iso&quot;:&quot;0&quot;,&quot;shutter_speed&quot;:&quot;0&quot;,&quot;title&quot;:&quot;&quot;,&quot;orientation&quot;:&quot;0&quot;}\" data-image-title=\"egunon\" data-image-description=\"\" data-image-caption=\"\" data-medium-file=\"https:\/\/i0.wp.com\/iratiirratia.eus\/wp-content\/uploads\/2011\/04\/egunon.jpg?fit=132%2C125&amp;ssl=1\" data-large-file=\"https:\/\/i0.wp.com\/iratiirratia.eus\/wp-content\/uploads\/2011\/04\/egunon.jpg?fit=132%2C125&amp;ssl=1\" decoding=\"async\" loading=\"lazy\" width=\"132\" height=\"125\" src=\"https:\/\/i0.wp.com\/iratiirratia.eus\/wp-content\/uploads\/2011\/04\/egunon.jpg?resize=132%2C125\" alt=\"Egun on, Au\u00f1amendi!\" class=\"wp-image-535\" data-recalc-dims=\"1\"\/><\/figure>\n\n\n\n<p><strong>Izenburua:<\/strong> Irailaren 16ko saioa<\/p>\n\n\n\n<p><strong>Iraupena:<\/strong> 2:40 ordu<\/p>\n\n\n\n<p><a href=\"http:\/\/iratiirratia.eus\/audio\/19-09-16.mp3\">Klikatu hemen saioa jaisteko<\/a><\/p>\n\n\n<p class=\"audioplayer_container\"><span style=\"display:block;padding:5px;border:1px solid #dddddd;background:#f8f8f8\" id=\"audioplayer_1\">Audio clip: Adobe Flash Player (version 9 or above) is required to play this audio clip. Download the latest version <a href=\"http:\/\/www.adobe.com\/shockwave\/download\/download.cgi?P1_Prod_Version=ShockwaveFlash&amp;promoid=BIOW\" title=\"Download Adobe Flash Player\">here<\/a>. You also need to have JavaScript enabled in your browser.<\/span><\/p>\n\n\n<p><!--EndFragment--><\/p>","protected":false},"excerpt":{"rendered":"<p>Egunon Au\u00f1amendi! saioa albiste on batekin abiatu dugu. Eta lehengo eta behin Madriletik zuzenean aritu zaigu Eneko Villegas laguna. Akordioa erdietsi dute Auzitegi Nazionalean eta bi abokatu epe labur batez espetxera joanen diren arren, guztiak libre itzuli dira Euskal Herrirat. Izenburua: Irailaren 16ko saioa Iraupena: 2:40 ordu Klikatu hemen saioa jaisteko<\/p>\n","protected":false},"author":1,"featured_media":0,"comment_status":"open","ping_status":"open","sticky":false,"template":"","format":"standard","meta":{"jetpack_post_was_ever_published":false,"_jetpack_newsletter_access":"","_jetpack_newsletter_tier_id":0,"jetpack_publicize_message":"Egunon Au\u00f1amendi! Eneko libre 47 euskaldunen auzian.\n#47akherrian #Aezkoa \nEntzun elkarrrizketa Irati irratian: ","jetpack_is_tweetstorm":false,"jetpack_publicize_feature_enabled":true,"jetpack_social_post_already_shared":true,"jetpack_social_options":{"image_generator_settings":{"template":"highway","enabled":false}}},"categories":[2,4],"tags":[65,121,69,120,122],"jetpack_publicize_connections":[],"jetpack_featured_media_url":"","jetpack_shortlink":"https:\/\/wp.me\/p7eaXY-3Cb","jetpack_sharing_enabled":true,"jetpack-related-posts":[{"id":13902,"url":"https:\/\/iratiirratia.eus\/index.php\/2019\/09\/16\/eneko-libre-eta-madriletik-zuzenean\/","url_meta":{"origin":13899,"position":0},"title":"Eneko libre eta Madriletik zuzenean","author":"Irati Irratia","date":"16 iraila, 2019","format":false,"excerpt":"47 euskaldun Madrilen epaitzen hasi diren egun berean, akordioa erdietsi dute auziperatuek. Horregatik 47tik 45 libre itzuli dira etxera, eta bi abokatuk bosna hilabete egin beharko dute espetxean. Eneko Villegas Irati irratian. [audio: http:\/\/iratiirratia.eus\/audio\/19-09-16eneko.mp3]","rel":"","context":"In &quot;Aezkoa&quot;","block_context":{"text":"Aezkoa","link":"https:\/\/iratiirratia.eus\/index.php\/category\/aezkoa\/"},"img":{"alt_text":"","src":"https:\/\/i0.wp.com\/iratiirratia.eus\/wp-content\/uploads\/2019\/09\/enekoirratian-e1568118737573.jpg?fit=1200%2C702&ssl=1&resize=350%2C200","width":350,"height":200,"srcset":"https:\/\/i0.wp.com\/iratiirratia.eus\/wp-content\/uploads\/2019\/09\/enekoirratian-e1568118737573.jpg?fit=1200%2C702&ssl=1&resize=350%2C200 1x, https:\/\/i0.wp.com\/iratiirratia.eus\/wp-content\/uploads\/2019\/09\/enekoirratian-e1568118737573.jpg?fit=1200%2C702&ssl=1&resize=525%2C300 1.5x, https:\/\/i0.wp.com\/iratiirratia.eus\/wp-content\/uploads\/2019\/09\/enekoirratian-e1568118737573.jpg?fit=1200%2C702&ssl=1&resize=700%2C400 2x, https:\/\/i0.wp.com\/iratiirratia.eus\/wp-content\/uploads\/2019\/09\/enekoirratian-e1568118737573.jpg?fit=1200%2C702&ssl=1&resize=1050%2C600 3x"},"classes":[]},{"id":5549,"url":"https:\/\/iratiirratia.eus\/index.php\/2014\/11\/26\/28ak-libre-iboni-elkarrizketa\/","url_meta":{"origin":13899,"position":1},"title":"28ak libre, Iboni elkarrizketa","author":"Irati Irratia","date":"26 azaroa, 2014","format":false,"excerpt":"Izenburua: 28ak libre Iraupena: 0:20 min Klikatu hemen saioa jaisteko [audio:http:\/\/iratiirratia.net\/audio\/2tortura_ibon25.mp3|titles=Egun on, Au\u00f1amendi! 14-11-26]","rel":"","context":"In &quot;Egun on, Au\u00f1amendi!&quot;","block_context":{"text":"Egun on, Au\u00f1amendi!","link":"https:\/\/iratiirratia.eus\/index.php\/category\/egunon-aunamendi\/"},"img":{"alt_text":"","src":"","width":0,"height":0},"classes":[]},{"id":6541,"url":"https:\/\/iratiirratia.eus\/index.php\/2015\/08\/18\/egun-on-aunamendi-479\/","url_meta":{"origin":13899,"position":2},"title":"Egun on, Au\u00f1amendi!","author":"Irati Irratia","date":"18 abuztua, 2015","format":false,"excerpt":"Urriaren 19an hasiko da Askapena erakunde internazionalistaren aurkako eta bost kideen aurkako epaiketa; auziari erantzun emanez Herriak Libre dinamika sortu dute. Lur Gil Nafarroako Askapenako arduradunak xehetasunak kontatu dizkigu. Eraso sexisten inguruan ere mintzatu gara Lunes Lilas taldeko Teresa Saenzekin. Amaitzeko, Enekoizar landa etxean iralian izango den Yoga ikastaro baten\u2026","rel":"","context":"In &quot;Egun on, Au\u00f1amendi!&quot;","block_context":{"text":"Egun on, Au\u00f1amendi!","link":"https:\/\/iratiirratia.eus\/index.php\/category\/egunon-aunamendi\/"},"img":{"alt_text":"","src":"","width":0,"height":0},"classes":[]},{"id":12686,"url":"https:\/\/iratiirratia.eus\/index.php\/2018\/09\/20\/energiadun-eta-libre-sentitzeko-orrialdeak\/","url_meta":{"origin":13899,"position":3},"title":"Energiadun eta libre sentitzeko orrialdeak","author":"Irati Irratia","date":"20 iraila, 2018","format":false,"excerpt":"Horrelakoak dira \"Cuentos para ti\" liburuan topatuko ditugun orrialdeak. Hala azaldu digu liburuaren egileak Miren Nekane De Diego Artetxe zeinekin bere lana aztertu dugun. Bere barrenetatik idatzitako energiadun istorioak ditugu zain. Aurkezpena Ostirala 19:00tan Auzperriko Liburutegian Kartela: Klikatu hemen elkarrizketa jaisteko [audio:http:\/\/iratiirratia.eus\/audio\/18-09-20NekaneCuentos.mp3|titles=Nekane Cuentos]","rel":"","context":"In &quot;Berriak&quot;","block_context":{"text":"Berriak","link":"https:\/\/iratiirratia.eus\/index.php\/category\/berriak\/"},"img":{"alt_text":"","src":"https:\/\/i0.wp.com\/iratiirratia.eus\/wp-content\/uploads\/2018\/09\/42044309_1929200537173872_6448394860910084096_n-1-212x300.jpg?resize=350%2C200","width":350,"height":200},"classes":[]},{"id":14166,"url":"https:\/\/iratiirratia.eus\/index.php\/2019\/10\/23\/egunon-aunamendi-karrape-irratitik-piriniora-eneagramak-aztertu-eta-hatortxu-rock-eta-altsasuko-gazteei-buruz\/","url_meta":{"origin":13899,"position":4},"title":"Egunon Au\u00f1amendi! Karrape irratitik Piriniora. Eneagramak aztertu eta Hatortxu Rock eta Altsasuko gazteei buruz","author":"Irati Irratia","date":"23 urria, 2019","format":false,"excerpt":"Maravillas gaztetxeko gazteak libre geratu direla jakin ostean ekin diogu saioari. Leitzatik Unai Zabaletak Karrape irratiko albisteak ekarri dizkigu eta Lizarrara bidean harrapatu dugu Miren Cia ere, Eneagramaz mintzatu zaigu eta larunbatean berton izango da Pirinioko emakumeen topaketan. Hatortxu Rock jaialdiko sarrera guztiak agortu direnez, antolatzaile batekin mintzatu gara, eta\u2026","rel":"","context":"In &quot;Egun on, Au\u00f1amendi!&quot;","block_context":{"text":"Egun on, Au\u00f1amendi!","link":"https:\/\/iratiirratia.eus\/index.php\/category\/egunon-aunamendi\/"},"img":{"alt_text":"","src":"","width":0,"height":0},"classes":[]},{"id":8613,"url":"https:\/\/iratiirratia.eus\/index.php\/2016\/04\/04\/egun-on-aunamendi-602\/","url_meta":{"origin":13899,"position":5},"title":"Egun on, Au\u00f1amendi!","author":"Irati Irratia","date":"4 apirila, 2016","format":false,"excerpt":"Gatazka mineralak zeintzuk diren ezagutu dugu gaurkoan. Egunero egunero erabiltzen ditugun sakelakoetan daude, eta mineral horien erabilera erregulatzeko eske dabil Alboan GKE Tecnologia Libre de Conflicto izeneko kanpainarekin. Elkarteko Guillermo Otanorekin hitz egin dugu. Ondoren, Andres Bidarte deitu dugu eta fotosintesiari buruz aritu gara. Amaitzeko, Euskalerria eta Xorroxin irratiak bisitatu\u2026","rel":"","context":"In &quot;Egun on, Au\u00f1amendi!&quot;","block_context":{"text":"Egun on, Au\u00f1amendi!","link":"https:\/\/iratiirratia.eus\/index.php\/category\/egunon-aunamendi\/"},"img":{"alt_text":"","src":"","width":0,"height":0},"classes":[]}],"_links":{"self":[{"href":"https:\/\/iratiirratia.eus\/index.php\/wp-json\/wp\/v2\/posts\/13899"}],"collection":[{"href":"https:\/\/iratiirratia.eus\/index.php\/wp-json\/wp\/v2\/posts"}],"about":[{"href":"https:\/\/iratiirratia.eus\/index.php\/wp-json\/wp\/v2\/types\/post"}],"author":[{"embeddable":true,"href":"https:\/\/iratiirratia.eus\/index.php\/wp-json\/wp\/v2\/users\/1"}],"replies":[{"embeddable":true,"href":"https:\/\/iratiirratia.eus\/index.php\/wp-json\/wp\/v2\/comments?post=13899"}],"version-history":[{"count":2,"href":"https:\/\/iratiirratia.eus\/index.php\/wp-json\/wp\/v2\/posts\/13899\/revisions"}],"predecessor-version":[{"id":13914,"href":"https:\/\/iratiirratia.eus\/index.php\/wp-json\/wp\/v2\/posts\/13899\/revisions\/13914"}],"wp:attachment":[{"href":"https:\/\/iratiirratia.eus\/index.php\/wp-json\/wp\/v2\/media?parent=13899"}],"wp:term":[{"taxonomy":"category","embeddable":true,"href":"https:\/\/iratiirratia.eus\/index.php\/wp-json\/wp\/v2\/categories?post=13899"},{"taxonomy":"post_tag","embeddable":true,"href":"https:\/\/iratiirratia.eus\/index.php\/wp-json\/wp\/v2\/tags?post=13899"}],"curies":[{"name":"wp","href":"https:\/\/api.w.org\/{rel}","templated":true}]}}