{"id":13974,"date":"2019-09-25T12:43:05","date_gmt":"2019-09-25T10:43:05","guid":{"rendered":"http:\/\/iratiirratia.eus\/?p=13974"},"modified":"2019-09-25T12:43:06","modified_gmt":"2019-09-25T10:43:06","slug":"baionako-orbel-taldea-ezagutu-dugu","status":"publish","type":"post","link":"https:\/\/iratiirratia.eus\/index.php\/2019\/09\/25\/baionako-orbel-taldea-ezagutu-dugu\/","title":{"rendered":"Baionako Orbel taldea ezagutu dugu"},"content":{"rendered":"\n<p><em>Hegan <\/em>izeneko lehen lan luzea plazaratu du <a href=\"http:\/\/www.weareorbel.com\">Orbel <\/a>taldeak, duela urtebete lan txiki bat atera ostean. Aurreko astean Miarritzeko Atabal aretoan jo, asteon Bilboko kafe antzokian arituko dira eta nazioarteko bira eginen dute datozen asteetan. <\/p>\n\n\n\n<figure class=\"wp-block-image\"><img data-attachment-id=\"13976\" data-permalink=\"https:\/\/iratiirratia.eus\/index.php\/2019\/09\/25\/baionako-orbel-taldea-ezagutu-dugu\/orbeldiskoa\/\" data-orig-file=\"https:\/\/i0.wp.com\/iratiirratia.eus\/wp-content\/uploads\/2019\/09\/orbeldiskoa.png?fit=494%2C412&amp;ssl=1\" data-orig-size=\"494,412\" data-comments-opened=\"1\" data-image-meta=\"{&quot;aperture&quot;:&quot;0&quot;,&quot;credit&quot;:&quot;&quot;,&quot;camera&quot;:&quot;&quot;,&quot;caption&quot;:&quot;&quot;,&quot;created_timestamp&quot;:&quot;0&quot;,&quot;copyright&quot;:&quot;&quot;,&quot;focal_length&quot;:&quot;0&quot;,&quot;iso&quot;:&quot;0&quot;,&quot;shutter_speed&quot;:&quot;0&quot;,&quot;title&quot;:&quot;&quot;,&quot;orientation&quot;:&quot;0&quot;}\" data-image-title=\"orbeldiskoa\" data-image-description=\"\" data-image-caption=\"\" data-medium-file=\"https:\/\/i0.wp.com\/iratiirratia.eus\/wp-content\/uploads\/2019\/09\/orbeldiskoa.png?fit=300%2C250&amp;ssl=1\" data-large-file=\"https:\/\/i0.wp.com\/iratiirratia.eus\/wp-content\/uploads\/2019\/09\/orbeldiskoa.png?fit=494%2C412&amp;ssl=1\" decoding=\"async\" loading=\"lazy\" width=\"494\" height=\"412\" src=\"https:\/\/i0.wp.com\/iratiirratia.eus\/wp-content\/uploads\/2019\/09\/orbeldiskoa.png?resize=494%2C412\" alt=\"\" class=\"wp-image-13976\" srcset=\"https:\/\/i0.wp.com\/iratiirratia.eus\/wp-content\/uploads\/2019\/09\/orbeldiskoa.png?w=494&amp;ssl=1 494w, https:\/\/i0.wp.com\/iratiirratia.eus\/wp-content\/uploads\/2019\/09\/orbeldiskoa.png?resize=300%2C250&amp;ssl=1 300w\" sizes=\"(max-width: 494px) 100vw, 494px\" data-recalc-dims=\"1\" \/><\/figure>\n\n\n\n<p><br>Taldeko musikari Txomin Urriza aritu da Irati irratian gurekin hizketan. <\/p>\n\n\n\n<p><a href=\"http:\/\/iratiirratia.eus\/audio\/19-09-25orbel.mp3\">Orbel taldea Irati irratian<\/a><\/p>\n\n\n<p class=\"audioplayer_container\"><span style=\"display:block;padding:5px;border:1px solid #dddddd;background:#f8f8f8\" id=\"audioplayer_1\">Audio clip: Adobe Flash Player (version 9 or above) is required to play this audio clip. Download the latest version <a href=\"http:\/\/www.adobe.com\/shockwave\/download\/download.cgi?P1_Prod_Version=ShockwaveFlash&amp;promoid=BIOW\" title=\"Download Adobe Flash Player\">here<\/a>. You also need to have JavaScript enabled in your browser.<\/span><\/p>\n","protected":false},"excerpt":{"rendered":"<p>Hegan izeneko lehen lan luzea plazaratu du Orbel taldeak, duela urtebete lan txiki bat atera ostean. Aurreko astean Miarritzeko Atabal aretoan jo, asteon Bilboko kafe antzokian arituko dira eta nazioarteko bira eginen dute datozen asteetan. Taldeko musikari Txomin Urriza aritu da Irati irratian gurekin hizketan. Orbel taldea Irati irratian<\/p>\n","protected":false},"author":1,"featured_media":13975,"comment_status":"open","ping_status":"open","sticky":false,"template":"","format":"standard","meta":{"jetpack_post_was_ever_published":false,"_jetpack_newsletter_access":"","_jetpack_newsletter_tier_id":0,"jetpack_publicize_message":"Baionako Orbel taldea ezagutu dugu Irati irratian","jetpack_is_tweetstorm":false,"jetpack_publicize_feature_enabled":true,"jetpack_social_post_already_shared":true,"jetpack_social_options":{"image_generator_settings":{"template":"highway","enabled":false}}},"categories":[2,6],"tags":[198,200,201,64,191,199],"jetpack_publicize_connections":[],"jetpack_featured_media_url":"https:\/\/i0.wp.com\/iratiirratia.eus\/wp-content\/uploads\/2019\/09\/orbel.jpg?fit=720%2C480&ssl=1","jetpack_shortlink":"https:\/\/wp.me\/p7eaXY-3Do","jetpack_sharing_enabled":true,"jetpack-related-posts":[{"id":19622,"url":"https:\/\/iratiirratia.eus\/index.php\/2024\/02\/13\/alfredo-leon-agoiztar-artista-finalista-da-baiona-festetako-kartel-sariketan\/","url_meta":{"origin":13974,"position":0},"title":"Alfredo Leon agoiztar artista finalista da Baiona Festetako kartel sariketan","author":"Irati Irratia","date":"13 otsaila, 2024","format":false,"excerpt":"2014an irabazi zuen aurreneko aldiz Baionako festetako kartel sariketa baina oso kritikatua izan zen ohiko parametroetatik irtetetn baitzen eta horrek arantza bat utzi zion Alfredo Leon Ma\u00f1u agoiztar artistari. Oraingoan kartela ohiko parametroetan kokatuta finalean sartzea lortu du eta bozkaketa irekia egin dute irabazlea zein den jakiteko. Hau guztiaz artistarekin\u2026","rel":"","context":"In &quot;Agoitz&quot;","block_context":{"text":"Agoitz","link":"https:\/\/iratiirratia.eus\/index.php\/category\/agoitz\/"},"img":{"alt_text":"","src":"https:\/\/i0.wp.com\/iratiirratia.eus\/wp-content\/uploads\/2024\/02\/bayonne.jpg?resize=350%2C200&ssl=1","width":350,"height":200,"srcset":"https:\/\/i0.wp.com\/iratiirratia.eus\/wp-content\/uploads\/2024\/02\/bayonne.jpg?resize=350%2C200&ssl=1 1x, https:\/\/i0.wp.com\/iratiirratia.eus\/wp-content\/uploads\/2024\/02\/bayonne.jpg?resize=525%2C300&ssl=1 1.5x, https:\/\/i0.wp.com\/iratiirratia.eus\/wp-content\/uploads\/2024\/02\/bayonne.jpg?resize=700%2C400&ssl=1 2x, https:\/\/i0.wp.com\/iratiirratia.eus\/wp-content\/uploads\/2024\/02\/bayonne.jpg?resize=1050%2C600&ssl=1 3x, https:\/\/i0.wp.com\/iratiirratia.eus\/wp-content\/uploads\/2024\/02\/bayonne.jpg?resize=1400%2C800&ssl=1 4x"},"classes":[]},{"id":22246,"url":"https:\/\/iratiirratia.eus\/index.php\/2025\/07\/18\/guitaraldia-mugaz-gaindiko-jaialdiak-lehen-urratsak-emanen-ditu-burgin\/","url_meta":{"origin":13974,"position":1},"title":"Guitaraldia mugaz-gaindiko jaialdiak lehen urratsak emanen ditu Burgin","author":"Eneko Villegas","date":"18 uztaila, 2025","format":false,"excerpt":"Uda askotan izan dugu Burgin Burgitaralde egitasmoa, musika Burgi herrira ekartzen zuen ekimena. Horren antolatzaile Jean Marie Ekai musikaria izan da eta berak Baiona eta Burgi batuz ekarpen hau moldatzea proposatu zuen, Guitaraldia izan dena. Hainbat musikariekin izandako mintegi batek ireki du ekimena eta larunbatean hainbat kontzerturekin eta masterclass batekin\u2026","rel":"","context":"In &quot;Berriak&quot;","block_context":{"text":"Berriak","link":"https:\/\/iratiirratia.eus\/index.php\/category\/berriak\/"},"img":{"alt_text":"","src":"https:\/\/i0.wp.com\/iratiirratia.eus\/wp-content\/uploads\/2025\/07\/Imagen-de-WhatsApp-2025-07-15-a-las-14.12.38_1842db86.jpg?fit=848%2C1200&ssl=1&resize=350%2C200","width":350,"height":200,"srcset":"https:\/\/i0.wp.com\/iratiirratia.eus\/wp-content\/uploads\/2025\/07\/Imagen-de-WhatsApp-2025-07-15-a-las-14.12.38_1842db86.jpg?fit=848%2C1200&ssl=1&resize=350%2C200 1x, https:\/\/i0.wp.com\/iratiirratia.eus\/wp-content\/uploads\/2025\/07\/Imagen-de-WhatsApp-2025-07-15-a-las-14.12.38_1842db86.jpg?fit=848%2C1200&ssl=1&resize=525%2C300 1.5x, https:\/\/i0.wp.com\/iratiirratia.eus\/wp-content\/uploads\/2025\/07\/Imagen-de-WhatsApp-2025-07-15-a-las-14.12.38_1842db86.jpg?fit=848%2C1200&ssl=1&resize=700%2C400 2x"},"classes":[]},{"id":5420,"url":"https:\/\/iratiirratia.eus\/index.php\/2014\/10\/28\/baionako-adierazpena\/","url_meta":{"origin":13974,"position":2},"title":"Baionako adierazpena","author":"Irati Irratia","date":"28 urria, 2014","format":false,"excerpt":"Izenburua: Baionako adierazpena Iraupena: 0:42 min Klikatu hemen saioa jaisteko [audio:http:\/\/iratiirratia.net\/audio\/BAIONAKO.mp3|titles=Egun on, Au\u00f1amendi! 14-10-28]","rel":"","context":"In &quot;Egun on, Au\u00f1amendi!&quot;","block_context":{"text":"Egun on, Au\u00f1amendi!","link":"https:\/\/iratiirratia.eus\/index.php\/category\/egunon-aunamendi\/"},"img":{"alt_text":"","src":"","width":0,"height":0},"classes":[]},{"id":13980,"url":"https:\/\/iratiirratia.eus\/index.php\/2019\/09\/25\/egunon-aunamendi-tabakoaren-kaltea-eta-musikaren-onuren-artean-bizi-osasuntsu\/","url_meta":{"origin":13974,"position":3},"title":"Egunon Au\u00f1amendi! Tabakoaren kaltea eta musikaren onuren artean, bizi osasuntsu!","author":"Irati Irratia","date":"25 iraila, 2019","format":false,"excerpt":"Medikuaren bisita izan dugu gaurkoan irratiko estudioetan, Jose Ignacio Ubau etorri da -3 urte jarraian aholkuak ematen- eta tabakoari buruz mintzatu gara batipat. Baionara jo dugu gero, Orbel taldearen doinuak ezagutu eta 1985eko irailaren 25ean Monbar hotelean GALek egin zuen atentatua ere gogoratu dugu. Izenburua: Irailaren 25eko saioa Iraupena: 2:40\u2026","rel":"","context":"In &quot;Egun on, Au\u00f1amendi!&quot;","block_context":{"text":"Egun on, Au\u00f1amendi!","link":"https:\/\/iratiirratia.eus\/index.php\/category\/egunon-aunamendi\/"},"img":{"alt_text":"","src":"","width":0,"height":0},"classes":[]},{"id":13107,"url":"https:\/\/iratiirratia.eus\/index.php\/2019\/01\/24\/auritz-musikaz-harago\/","url_meta":{"origin":13974,"position":4},"title":"Auritz musikaz harago","author":"Irati Irratia","date":"24 urtarrila, 2019","format":false,"excerpt":"Larunbatean izanen dugu Auritz taldea \"Laino eder hori\" literatura musikaladun proiektua modu akustikoan aurkezten. Taldeaz eta proiektuaz solasteko Mikel Bizar\u00a0izan dugu. Berarekin errepasatu dugu taldea eta egitasmo berri hau nondik sortu zen. Kartela: Klikatu hemen elkarrizketa jaisteko [audio:http:\/\/iratiirratia.eus\/audio\/19-01-24MikelAuritz.mp3|titles=Mikel Auritz]","rel":"","context":"In &quot;Berriak&quot;","block_context":{"text":"Berriak","link":"https:\/\/iratiirratia.eus\/index.php\/category\/berriak\/"},"img":{"alt_text":"","src":"https:\/\/i0.wp.com\/iratiirratia.eus\/wp-content\/uploads\/2019\/01\/49499976_2324314651168269_6140518359453663232_n-e1548338665892.jpg?fit=758%2C331&ssl=1&resize=350%2C200","width":350,"height":200,"srcset":"https:\/\/i0.wp.com\/iratiirratia.eus\/wp-content\/uploads\/2019\/01\/49499976_2324314651168269_6140518359453663232_n-e1548338665892.jpg?fit=758%2C331&ssl=1&resize=350%2C200 1x, https:\/\/i0.wp.com\/iratiirratia.eus\/wp-content\/uploads\/2019\/01\/49499976_2324314651168269_6140518359453663232_n-e1548338665892.jpg?fit=758%2C331&ssl=1&resize=525%2C300 1.5x, https:\/\/i0.wp.com\/iratiirratia.eus\/wp-content\/uploads\/2019\/01\/49499976_2324314651168269_6140518359453663232_n-e1548338665892.jpg?fit=758%2C331&ssl=1&resize=700%2C400 2x"},"classes":[]},{"id":5841,"url":"https:\/\/iratiirratia.eus\/index.php\/2015\/04\/23\/alderdiekin-egindako-mahai-inguruako-audioa-audio-de-la-mesa-redonda-con-los-partidos\/","url_meta":{"origin":13974,"position":5},"title":"Alderdiekin egindako mahai-inguruko audioa &#8211; Audio de la mesa redonda con los partidos","author":"Irati Irratia","date":"23 apirila, 2015","format":false,"excerpt":"Izenburua: Mahai-inguruko audioa Iraupena: 2:30 ordu Klikatu hemen saioa jaisteko [audio:http:\/\/iratiirratia.eus\/audio\/Mahai_ingurua.MP3|titles=Egun on, Au\u00f1amendi! 15-04-23]","rel":"","context":"In &quot;Egun on, Au\u00f1amendi!&quot;","block_context":{"text":"Egun on, Au\u00f1amendi!","link":"https:\/\/iratiirratia.eus\/index.php\/category\/egunon-aunamendi\/"},"img":{"alt_text":"","src":"","width":0,"height":0},"classes":[]}],"_links":{"self":[{"href":"https:\/\/iratiirratia.eus\/index.php\/wp-json\/wp\/v2\/posts\/13974"}],"collection":[{"href":"https:\/\/iratiirratia.eus\/index.php\/wp-json\/wp\/v2\/posts"}],"about":[{"href":"https:\/\/iratiirratia.eus\/index.php\/wp-json\/wp\/v2\/types\/post"}],"author":[{"embeddable":true,"href":"https:\/\/iratiirratia.eus\/index.php\/wp-json\/wp\/v2\/users\/1"}],"replies":[{"embeddable":true,"href":"https:\/\/iratiirratia.eus\/index.php\/wp-json\/wp\/v2\/comments?post=13974"}],"version-history":[{"count":3,"href":"https:\/\/iratiirratia.eus\/index.php\/wp-json\/wp\/v2\/posts\/13974\/revisions"}],"predecessor-version":[{"id":13979,"href":"https:\/\/iratiirratia.eus\/index.php\/wp-json\/wp\/v2\/posts\/13974\/revisions\/13979"}],"wp:featuredmedia":[{"embeddable":true,"href":"https:\/\/iratiirratia.eus\/index.php\/wp-json\/wp\/v2\/media\/13975"}],"wp:attachment":[{"href":"https:\/\/iratiirratia.eus\/index.php\/wp-json\/wp\/v2\/media?parent=13974"}],"wp:term":[{"taxonomy":"category","embeddable":true,"href":"https:\/\/iratiirratia.eus\/index.php\/wp-json\/wp\/v2\/categories?post=13974"},{"taxonomy":"post_tag","embeddable":true,"href":"https:\/\/iratiirratia.eus\/index.php\/wp-json\/wp\/v2\/tags?post=13974"}],"curies":[{"name":"wp","href":"https:\/\/api.w.org\/{rel}","templated":true}]}}