{"id":13980,"date":"2019-09-25T13:52:24","date_gmt":"2019-09-25T11:52:24","guid":{"rendered":"http:\/\/iratiirratia.eus\/?p=13980"},"modified":"2019-09-25T13:52:30","modified_gmt":"2019-09-25T11:52:30","slug":"egunon-aunamendi-tabakoaren-kaltea-eta-musikaren-onuren-artean-bizi-osasuntsu","status":"publish","type":"post","link":"https:\/\/iratiirratia.eus\/index.php\/2019\/09\/25\/egunon-aunamendi-tabakoaren-kaltea-eta-musikaren-onuren-artean-bizi-osasuntsu\/","title":{"rendered":"Egunon Au\u00f1amendi! Tabakoaren kaltea eta musikaren onuren artean, bizi osasuntsu!"},"content":{"rendered":"\n<p>Medikuaren bisita izan dugu gaurkoan irratiko estudioetan, Jose Ignacio Ubau etorri da -3 urte jarraian aholkuak ematen- eta tabakoari buruz mintzatu gara batipat. Baionara jo dugu gero, Orbel taldearen doinuak ezagutu eta 1985eko irailaren 25ean Monbar hotelean GALek egin zuen atentatua ere gogoratu dugu.<\/p>\n\n\n\n<p> <\/p>\n\n\n\n<figure class=\"wp-block-image\"><img data-attachment-id=\"535\" data-permalink=\"https:\/\/iratiirratia.eus\/egunon\/\" data-orig-file=\"https:\/\/i0.wp.com\/iratiirratia.eus\/wp-content\/uploads\/2011\/04\/egunon.jpg?fit=132%2C125&amp;ssl=1\" data-orig-size=\"132,125\" data-comments-opened=\"1\" data-image-meta=\"{&quot;aperture&quot;:&quot;0&quot;,&quot;credit&quot;:&quot;&quot;,&quot;camera&quot;:&quot;&quot;,&quot;caption&quot;:&quot;&quot;,&quot;created_timestamp&quot;:&quot;0&quot;,&quot;copyright&quot;:&quot;&quot;,&quot;focal_length&quot;:&quot;0&quot;,&quot;iso&quot;:&quot;0&quot;,&quot;shutter_speed&quot;:&quot;0&quot;,&quot;title&quot;:&quot;&quot;,&quot;orientation&quot;:&quot;0&quot;}\" data-image-title=\"egunon\" data-image-description=\"\" data-image-caption=\"\" data-medium-file=\"https:\/\/i0.wp.com\/iratiirratia.eus\/wp-content\/uploads\/2011\/04\/egunon.jpg?fit=132%2C125&amp;ssl=1\" data-large-file=\"https:\/\/i0.wp.com\/iratiirratia.eus\/wp-content\/uploads\/2011\/04\/egunon.jpg?fit=132%2C125&amp;ssl=1\" decoding=\"async\" loading=\"lazy\" width=\"132\" height=\"125\" src=\"https:\/\/i0.wp.com\/iratiirratia.eus\/wp-content\/uploads\/2011\/04\/egunon.jpg?resize=132%2C125\" alt=\"Egun on, Au\u00f1amendi!\" class=\"wp-image-535\" data-recalc-dims=\"1\"\/><\/figure>\n\n\n\n<p><strong>Izenburua:<\/strong> Irailaren 25eko saioa<\/p>\n\n\n\n<p><strong>Iraupena:<\/strong> 2:40 ordu<\/p>\n\n\n\n<p><a href=\"http:\/\/iratiirratia.eus\/audio\/19-09-25.mp3\">Klikatu hemen saioa jaisteko<\/a><\/p>\n\n\n<p class=\"audioplayer_container\"><span style=\"display:block;padding:5px;border:1px solid #dddddd;background:#f8f8f8\" id=\"audioplayer_1\">Audio clip: Adobe Flash Player (version 9 or above) is required to play this audio clip. Download the latest version <a href=\"http:\/\/www.adobe.com\/shockwave\/download\/download.cgi?P1_Prod_Version=ShockwaveFlash&amp;promoid=BIOW\" title=\"Download Adobe Flash Player\">here<\/a>. You also need to have JavaScript enabled in your browser.<\/span><\/p>\n\n\n<p><!--EndFragment--><br>\n<br>\n<\/p>","protected":false},"excerpt":{"rendered":"<p>Medikuaren bisita izan dugu gaurkoan irratiko estudioetan, Jose Ignacio Ubau etorri da -3 urte jarraian aholkuak ematen- eta tabakoari buruz mintzatu gara batipat. Baionara jo dugu gero, Orbel taldearen doinuak ezagutu eta 1985eko irailaren 25ean Monbar hotelean GALek egin zuen atentatua ere gogoratu dugu. Izenburua: Irailaren 25eko saioa Iraupena: 2:40 ordu Klikatu hemen saioa jaisteko<\/p>\n","protected":false},"author":1,"featured_media":0,"comment_status":"open","ping_status":"open","sticky":false,"template":"","format":"standard","meta":{"jetpack_post_was_ever_published":false,"_jetpack_newsletter_access":"","_jetpack_newsletter_tier_id":0,"jetpack_publicize_message":"Egunon Au\u00f1amendi! \nTabakoaren kaltea eta musikaren onuren artean, bizi osasuntsu!\neta entzun IRATI irratia!","jetpack_is_tweetstorm":false,"jetpack_publicize_feature_enabled":true,"jetpack_social_post_already_shared":true,"jetpack_social_options":{"image_generator_settings":{"template":"highway","enabled":false}}},"categories":[4],"tags":[19,198,171,203,204,202,191,199,194,193],"jetpack_publicize_connections":[],"jetpack_featured_media_url":"","jetpack_shortlink":"https:\/\/wp.me\/p7eaXY-3Du","jetpack_sharing_enabled":true,"jetpack-related-posts":[{"id":13971,"url":"https:\/\/iratiirratia.eus\/index.php\/2019\/09\/25\/bizitza-osasuntsua-eta-tabakoa-aurrez-aurre\/","url_meta":{"origin":13980,"position":0},"title":"Bizitza osasuntsua eta tabakoa aurrez aurre","author":"Irati Irratia","date":"25 iraila, 2019","format":false,"excerpt":"Gaurkoan Jose Ignacio Ubau izan dugu estudioan, eta gogoratu nahi dugu 3 urte bete dituela jadanik Irati irratian bere ekarpena egiten. Bizitza osasuntsu baterako bidean, tabakoaren kalteak ekarri ditu gogora gure medikuak. Eta zigarro elektronikoa ere ez da horretan salbu geratzen. Bere aholku eta gogoetak entzungai dituzue. Elkarrizketa entzun nahi\u2026","rel":"","context":"In &quot;Elkarrizketak&quot;","block_context":{"text":"Elkarrizketak","link":"https:\/\/iratiirratia.eus\/index.php\/category\/elkarrizketak\/"},"img":{"alt_text":"","src":"https:\/\/i0.wp.com\/iratiirratia.eus\/wp-content\/uploads\/2016\/10\/JOSEIGNACIO.jpg?fit=1200%2C429&ssl=1&resize=350%2C200","width":350,"height":200,"srcset":"https:\/\/i0.wp.com\/iratiirratia.eus\/wp-content\/uploads\/2016\/10\/JOSEIGNACIO.jpg?fit=1200%2C429&ssl=1&resize=350%2C200 1x, https:\/\/i0.wp.com\/iratiirratia.eus\/wp-content\/uploads\/2016\/10\/JOSEIGNACIO.jpg?fit=1200%2C429&ssl=1&resize=525%2C300 1.5x, https:\/\/i0.wp.com\/iratiirratia.eus\/wp-content\/uploads\/2016\/10\/JOSEIGNACIO.jpg?fit=1200%2C429&ssl=1&resize=700%2C400 2x, https:\/\/i0.wp.com\/iratiirratia.eus\/wp-content\/uploads\/2016\/10\/JOSEIGNACIO.jpg?fit=1200%2C429&ssl=1&resize=1050%2C600 3x"},"classes":[]},{"id":6096,"url":"https:\/\/iratiirratia.eus\/index.php\/2015\/05\/28\/egun-on-aunamendi-429\/","url_meta":{"origin":13980,"position":1},"title":"Egun on, Au\u00f1amendi!","author":"Irati Irratia","date":"28 maiatza, 2015","format":false,"excerpt":"Tabakoarik gabeko eguna izango da igandekoa, eta horregatik tabakoaren inguruan mintzatu gara gaurkoan. Esklerosi anizkoitza zer den ere ezagutu dugu ADEMNA elkarteko kideei esker. Iru\u00f1eko liburu azokaren eta UEUren udako ikastaroen eskaintzak ere izan ditugu. Izenburua: Maiatzaren 28ko saioa Iraupena: 2:30 ordu Klikatu hemen saioa jaisteko [audio:http:\/\/iratiirratia.eus\/audio\/15-05-28.mp3|titles=Egun on, Au\u00f1amendi! 15-05-28]","rel":"","context":"In &quot;Egun on, Au\u00f1amendi!&quot;","block_context":{"text":"Egun on, Au\u00f1amendi!","link":"https:\/\/iratiirratia.eus\/index.php\/category\/egunon-aunamendi\/"},"img":{"alt_text":"","src":"","width":0,"height":0},"classes":[]},{"id":13968,"url":"https:\/\/iratiirratia.eus\/index.php\/2019\/09\/24\/egunon-aunamendi-pirinioko-paisaia-irrintziak-eta-erroko-kantu-zaharrak\/","url_meta":{"origin":13980,"position":2},"title":"Egunon Au\u00f1amendi! Pirinioko paisaia, irrintziak eta Erroko kantu zaharrak","author":"Irati Irratia","date":"24 iraila, 2019","format":false,"excerpt":"Irati irratian egunkarietako albisteekin hasten dugu irratsaioa, eguraldia errepasatu eta eskualde ezberdinetan aritzen gara gero solasean. Gaur Martin Juanena Aralar irratiko kidea aritu da gurekin, asteartero bezala. Musika aditu ondoren, Karekin kultura ekimeneko Kati Leatxe izan da gurekin irratian, Pirinioko lurralde antolaketarako paisaiak duen garrantziaz hitz eginez. Agoitzen, Auritzen eta\u2026","rel":"","context":"In &quot;Aezkoa&quot;","block_context":{"text":"Aezkoa","link":"https:\/\/iratiirratia.eus\/index.php\/category\/aezkoa\/"},"img":{"alt_text":"","src":"","width":0,"height":0},"classes":[]},{"id":13945,"url":"https:\/\/iratiirratia.eus\/index.php\/2019\/09\/19\/egunon-aunamendi-itoizko-urpeetan-dauden-lurretatik-zinemaldira-pirinioetatik-alfonbra-gorrira\/","url_meta":{"origin":13980,"position":3},"title":"Egunon Au\u00f1amendi! Itoizko urpeetan dauden lurretatik Zinemaldira, Pirinioetatik alfonbra gorrira","author":"Irati Irratia","date":"19 iraila, 2019","format":false,"excerpt":"Ez dugu alfonbra gorria zapaldu oraindik, baina bihar Maddi Barber zinegileak Urpean lurra film dokumentala estreinatuko du Donostiako Zinemaldian. Gaur Irati irratian izan da Lakabeko laguna, dokumentalari buruz hizketan. Xanti Begiristainek ere Manexen istorio bat ekarri digu uhinetara. Eta ibar ezberdinetako deialdiekin, musikaren laguntzaz saio ederra izan da gaurkoa ere.\u2026","rel":"","context":"In &quot;Egun on, Au\u00f1amendi!&quot;","block_context":{"text":"Egun on, Au\u00f1amendi!","link":"https:\/\/iratiirratia.eus\/index.php\/category\/egunon-aunamendi\/"},"img":{"alt_text":"","src":"","width":0,"height":0},"classes":[]},{"id":5841,"url":"https:\/\/iratiirratia.eus\/index.php\/2015\/04\/23\/alderdiekin-egindako-mahai-inguruako-audioa-audio-de-la-mesa-redonda-con-los-partidos\/","url_meta":{"origin":13980,"position":4},"title":"Alderdiekin egindako mahai-inguruko audioa &#8211; Audio de la mesa redonda con los partidos","author":"Irati Irratia","date":"23 apirila, 2015","format":false,"excerpt":"Izenburua: Mahai-inguruko audioa Iraupena: 2:30 ordu Klikatu hemen saioa jaisteko [audio:http:\/\/iratiirratia.eus\/audio\/Mahai_ingurua.MP3|titles=Egun on, Au\u00f1amendi! 15-04-23]","rel":"","context":"In &quot;Egun on, Au\u00f1amendi!&quot;","block_context":{"text":"Egun on, Au\u00f1amendi!","link":"https:\/\/iratiirratia.eus\/index.php\/category\/egunon-aunamendi\/"},"img":{"alt_text":"","src":"","width":0,"height":0},"classes":[]},{"id":14675,"url":"https:\/\/iratiirratia.eus\/index.php\/2020\/03\/24\/egun-on-aunamendi-nafarroaren-eguna-mikel-antza-eta-pirinioko-soinu-bandaren-5-atala\/","url_meta":{"origin":13980,"position":5},"title":"Egun on, Au\u00f1amendi! Nafarroaren Eguna, Mikel Antza eta Pirinioko Soinu Bandaren 5. atala","author":"Irati Irratia","date":"24 martxoa, 2020","format":false,"excerpt":"Gaurko saioa Nafarroaren eguna bertan behera geratu dela ohartaraziz hasi dugu. Ondoren, Mikel Albisu, Mikel Antzak prestatutako audio testua jarri dugu gaur egungo egoeraren hausnarketa eginez. Bukatzeko 10 kantuen erronkarekin jarraitu dugu eta gaur Garraldako Negukoen txanda izan da Izenburua: Martxoaren 24ko saioa Iraupena: 3 ordu Klikatu hemen saioa jaisteko\u2026","rel":"","context":"In &quot;Egun on, Au\u00f1amendi!&quot;","block_context":{"text":"Egun on, Au\u00f1amendi!","link":"https:\/\/iratiirratia.eus\/index.php\/category\/egunon-aunamendi\/"},"img":{"alt_text":"","src":"","width":0,"height":0},"classes":[]}],"_links":{"self":[{"href":"https:\/\/iratiirratia.eus\/index.php\/wp-json\/wp\/v2\/posts\/13980"}],"collection":[{"href":"https:\/\/iratiirratia.eus\/index.php\/wp-json\/wp\/v2\/posts"}],"about":[{"href":"https:\/\/iratiirratia.eus\/index.php\/wp-json\/wp\/v2\/types\/post"}],"author":[{"embeddable":true,"href":"https:\/\/iratiirratia.eus\/index.php\/wp-json\/wp\/v2\/users\/1"}],"replies":[{"embeddable":true,"href":"https:\/\/iratiirratia.eus\/index.php\/wp-json\/wp\/v2\/comments?post=13980"}],"version-history":[{"count":2,"href":"https:\/\/iratiirratia.eus\/index.php\/wp-json\/wp\/v2\/posts\/13980\/revisions"}],"predecessor-version":[{"id":13982,"href":"https:\/\/iratiirratia.eus\/index.php\/wp-json\/wp\/v2\/posts\/13980\/revisions\/13982"}],"wp:attachment":[{"href":"https:\/\/iratiirratia.eus\/index.php\/wp-json\/wp\/v2\/media?parent=13980"}],"wp:term":[{"taxonomy":"category","embeddable":true,"href":"https:\/\/iratiirratia.eus\/index.php\/wp-json\/wp\/v2\/categories?post=13980"},{"taxonomy":"post_tag","embeddable":true,"href":"https:\/\/iratiirratia.eus\/index.php\/wp-json\/wp\/v2\/tags?post=13980"}],"curies":[{"name":"wp","href":"https:\/\/api.w.org\/{rel}","templated":true}]}}