{"id":13994,"date":"2019-09-27T14:42:05","date_gmt":"2019-09-27T12:42:05","guid":{"rendered":"http:\/\/iratiirratia.eus\/?p=13994"},"modified":"2019-09-27T14:42:14","modified_gmt":"2019-09-27T12:42:14","slug":"egun-on-aunamendi-larrialdi-klimatikoa-dela-eta-amazoniatik-erronkarira-ibili-gara","status":"publish","type":"post","link":"https:\/\/iratiirratia.eus\/index.php\/2019\/09\/27\/egun-on-aunamendi-larrialdi-klimatikoa-dela-eta-amazoniatik-erronkarira-ibili-gara\/","title":{"rendered":"Egun on, Au\u00f1amendi, Larrialdi klimatikoa dela eta Amazoniatik Erronkarira ibili gara"},"content":{"rendered":"<p><br>\n<!--StartFragment--><\/p>\n\n\n<p><br>Gaur Fridays for future mugimenduak larrialdi klimatikoa dela eta greba eguna deituta dauka. Honen harira <strong>Hala Bedi<\/strong> irratikoek Amazoniaren inguruko elkarrizketa ekarri dugu gurera, MST eta Via Campesinako ordezkaria den <strong>Janaina Strozake<\/strong> lagunarekin eginikoa. Ondoren <strong>Julian Gabas<\/strong> bisitatzera joan gara ea guretzako zer berri zuen jakitera.<br><strong>Berrien, Eguraldiaren, Agendaren eta Zine-Estreinaldien <\/strong>errepasoak ez dira faltatu ere!<\/p>\n\n\n\n<p> <\/p>\n\n\n\n<figure class=\"wp-block-image\"><img data-attachment-id=\"535\" data-permalink=\"https:\/\/iratiirratia.eus\/egunon\/\" data-orig-file=\"https:\/\/i0.wp.com\/iratiirratia.eus\/wp-content\/uploads\/2011\/04\/egunon.jpg?fit=132%2C125&amp;ssl=1\" data-orig-size=\"132,125\" data-comments-opened=\"1\" data-image-meta=\"{&quot;aperture&quot;:&quot;0&quot;,&quot;credit&quot;:&quot;&quot;,&quot;camera&quot;:&quot;&quot;,&quot;caption&quot;:&quot;&quot;,&quot;created_timestamp&quot;:&quot;0&quot;,&quot;copyright&quot;:&quot;&quot;,&quot;focal_length&quot;:&quot;0&quot;,&quot;iso&quot;:&quot;0&quot;,&quot;shutter_speed&quot;:&quot;0&quot;,&quot;title&quot;:&quot;&quot;,&quot;orientation&quot;:&quot;0&quot;}\" data-image-title=\"egunon\" data-image-description=\"\" data-image-caption=\"\" data-medium-file=\"https:\/\/i0.wp.com\/iratiirratia.eus\/wp-content\/uploads\/2011\/04\/egunon.jpg?fit=132%2C125&amp;ssl=1\" data-large-file=\"https:\/\/i0.wp.com\/iratiirratia.eus\/wp-content\/uploads\/2011\/04\/egunon.jpg?fit=132%2C125&amp;ssl=1\" decoding=\"async\" loading=\"lazy\" width=\"132\" height=\"125\" src=\"https:\/\/i0.wp.com\/iratiirratia.eus\/wp-content\/uploads\/2011\/04\/egunon.jpg?resize=132%2C125\" alt=\"Egun on, Au\u00f1amendi!\" class=\"wp-image-535\" data-recalc-dims=\"1\"\/><\/figure>\n\n\n\n<p><strong>Izenburua:<\/strong> Irailaren 27ko saioa<\/p>\n\n\n\n<p><strong>Iraupena:<\/strong> 2:40 ordu<\/p>\n\n\n\n<p><a href=\"http:\/\/iratiirratia.eus\/audio\/19-09-27.mp3\">Klikatu hemen saioa jaisteko<\/a><\/p>\n\n\n<p class=\"audioplayer_container\"><span style=\"display:block;padding:5px;border:1px solid #dddddd;background:#f8f8f8\" id=\"audioplayer_1\">Audio clip: Adobe Flash Player (version 9 or above) is required to play this audio clip. Download the latest version <a href=\"http:\/\/www.adobe.com\/shockwave\/download\/download.cgi?P1_Prod_Version=ShockwaveFlash&amp;promoid=BIOW\" title=\"Download Adobe Flash Player\">here<\/a>. You also need to have JavaScript enabled in your browser.<\/span><\/p>\n\n\n<p><!--EndFragment--><br>\n<br>\n<\/p>","protected":false},"excerpt":{"rendered":"<p>Gaur Fridays for future mugimenduak larrialdi klimatikoa dela eta greba eguna deituta dauka. Honen harira Hala Bedi irratikoek Amazoniaren inguruko elkarrizketa ekarri dugu gurera, MST eta Via Campesinako ordezkaria den Janaina Strozake lagunarekin eginikoa. Ondoren Julian Gabas bisitatzera joan gara ea guretzako zer berri zuen jakitera.Berrien, Eguraldiaren, Agendaren eta Zine-Estreinaldien errepasoak ez dira faltatu ere! [&hellip;]<\/p>\n","protected":false},"author":1,"featured_media":0,"comment_status":"open","ping_status":"open","sticky":false,"template":"","format":"standard","meta":{"jetpack_post_was_ever_published":false,"_jetpack_newsletter_access":"","_jetpack_newsletter_tier_id":0,"jetpack_publicize_message":"","jetpack_is_tweetstorm":false,"jetpack_publicize_feature_enabled":true,"jetpack_social_post_already_shared":true,"jetpack_social_options":{"image_generator_settings":{"template":"highway","enabled":false}}},"categories":[4],"tags":[226,174,222,225,227,224,223],"jetpack_publicize_connections":[],"jetpack_featured_media_url":"","jetpack_shortlink":"https:\/\/wp.me\/p7eaXY-3DI","jetpack_sharing_enabled":true,"jetpack-related-posts":[{"id":13290,"url":"https:\/\/iratiirratia.eus\/index.php\/2019\/03\/15\/egun-on-aunamendi-1263\/","url_meta":{"origin":13994,"position":0},"title":"Egun on, Au\u00f1amendi!","author":"Irati Irratia","date":"15 martxoa, 2019","format":false,"excerpt":"Gaur, Lehoskotik atalarekin hasi gara Karlos Buenoren laguntzarekin. Ondoren Hala Bedi irratiko lagunek Aldaketa Klimatikoaren aurkako eguna dela eta Berriztu elkarteko Aitor Lopezeri eginiko elkarrizketa ekarri dugu. Bukatzeko Julian Gabas bisitatzera joan gara Erronkariko kronika pasa zezan. Eta, nola ez, berriak, inguruko abisuak eta zine estreinaldiak errepasatu ditugu. Entzun! Izenburua:\u2026","rel":"","context":"In &quot;Egun on, Au\u00f1amendi!&quot;","block_context":{"text":"Egun on, Au\u00f1amendi!","link":"https:\/\/iratiirratia.eus\/index.php\/category\/egunon-aunamendi\/"},"img":{"alt_text":"","src":"","width":0,"height":0},"classes":[]},{"id":16243,"url":"https:\/\/iratiirratia.eus\/index.php\/2021\/06\/04\/egun-on-aunamendi-molac-legea-hala-bedi-irratian-eta-erronkariko-konexioa\/","url_meta":{"origin":13994,"position":1},"title":"Egun On, Au\u00f1amendi! Molac legea Hala Bedi irratian eta Erronkariko konexioa","author":"Irati Irratia","date":"4 ekaina, 2021","format":false,"excerpt":"Gaurkoa Hala Bedi irratiko elkarrizketa batekin hasi gara, Molac legearen inguruan Idoia Eraso kazetariari eginikoa. Ondoren Juan Pito Bentara joan gara Julian Gabasen ahotik Erronkaribarko kronika jasotzera. Izenburua: Ekainaren 4ko saioa Iraupena: 2:35 ordu Klikatu hemen saioa jaisteko [audio:http:\/\/iratiirratia.eus\/audio\/21-06-04.mp3]","rel":"","context":"In &quot;Egun on, Au\u00f1amendi!&quot;","block_context":{"text":"Egun on, Au\u00f1amendi!","link":"https:\/\/iratiirratia.eus\/index.php\/category\/egunon-aunamendi\/"},"img":{"alt_text":"","src":"","width":0,"height":0},"classes":[]},{"id":16165,"url":"https:\/\/iratiirratia.eus\/index.php\/2021\/05\/14\/egun-on-aunamendi-lhl-erronka-agroekologia-hala-bedin-eta-erronkariko-konexioa\/","url_meta":{"origin":13994,"position":2},"title":"Egun On, Au\u00f1amendi! LHL erronka, agroekologia Hala Bedin eta Erronkariko konexioa","author":"Irati Irratia","date":"14 maiatza, 2021","format":false,"excerpt":"Gaurkoa LHL erronka ezagutzen hasi dugu Saioa Mendiaren laguntzarekin. Ondoren, Hala bedi irratiko Aner Mimenzarekin agroekologiaren inguruko kolaborazioa ekarri dugu. Bukatzeko, Juan Pito Bentara joan gara Julian Gabasen ahotik Erronkaribarko kronika jasotzera. Izenburua: Maiatzaren 14ko saioa Iraupena: 2:35 ordu Klikatu hemen saioa jaisteko [audio:http:\/\/iratiirratia.eus\/audio\/21-05-14.mp3]","rel":"","context":"In &quot;Egun on, Au\u00f1amendi!&quot;","block_context":{"text":"Egun on, Au\u00f1amendi!","link":"https:\/\/iratiirratia.eus\/index.php\/category\/egunon-aunamendi\/"},"img":{"alt_text":"","src":"","width":0,"height":0},"classes":[]},{"id":13688,"url":"https:\/\/iratiirratia.eus\/index.php\/2019\/07\/26\/egun-on-aunamendi-1343\/","url_meta":{"origin":13994,"position":3},"title":"Egun on, Au\u00f1amendi!","author":"Irati Irratia","date":"26 uztaila, 2019","format":false,"excerpt":"Gaurko saioan, Karlos Buenoren kolaborazioa izan dugu. Gaurkoan Klima aldaketaz aritu gara. Bukatzeko Julian Gabas bisitatzera joan gara Erronkariko kronika jasotzera. Eta, nola ez, berriak, eguraldia, agenda eta zine estreinaldiak errepasatu ditugu. Entzun! Izenburua: Uztailaren 26ko saioa Iraupena: 2:45 ordu Klikatu hemen saioa jaisteko [audio:http:\/\/iratiirratia.eus\/audio\/19-07-26.mp3|titles=Egun on, Au\u00f1amendi! 19-07-26]","rel":"","context":"In &quot;Egun on, Au\u00f1amendi!&quot;","block_context":{"text":"Egun on, Au\u00f1amendi!","link":"https:\/\/iratiirratia.eus\/index.php\/category\/egunon-aunamendi\/"},"img":{"alt_text":"","src":"","width":0,"height":0},"classes":[]},{"id":16836,"url":"https:\/\/iratiirratia.eus\/index.php\/2021\/11\/26\/egun-on-aunamendi-erronkariko-konexioa-eta-haurren-aurrean-helduak-heldu-hala-bedin\/","url_meta":{"origin":13994,"position":4},"title":"Egun On, Au\u00f1amendi! Erronkariko konexioa eta Haurren aurrean helduak heldu Hala Bedin","author":"Irati Irratia","date":"26 azaroa, 2021","format":false,"excerpt":"Gaurkoa Erronkari bisitatzen hasi dugu eta Juan Pito bentan Julian Gabas lagunarekin elkartu gara bertako berriak jasotzeko. Ondoren, Hala Bedi irratiko lagunek Kike Amonarriz Euskaltzaleon Topaguneko lehendakariari eginiko elkarrizketa ekarri dugu Haurren aurrean helduak heldu dinamika ezagutzeko. Izenburua: Azaroaren 26ko saioa Iraupena: 2 ordu 30 minutu Klikatu hemen saioa jaisteko\u2026","rel":"","context":"In &quot;Egun on, Au\u00f1amendi!&quot;","block_context":{"text":"Egun on, Au\u00f1amendi!","link":"https:\/\/iratiirratia.eus\/index.php\/category\/egunon-aunamendi\/"},"img":{"alt_text":"","src":"","width":0,"height":0},"classes":[]},{"id":17045,"url":"https:\/\/iratiirratia.eus\/index.php\/2022\/02\/14\/egun-on-aunamendi-geopolitika-hala-bedin-eta-erronkariko-konexioa\/","url_meta":{"origin":13994,"position":5},"title":"Egun On, Au\u00f1amendi! Geopolitika Hala Bedin eta Erronkariko konexioa","author":"Irati Irratia","date":"14 otsaila, 2022","format":false,"excerpt":"Azken momentuan gonbidatu bat kale egin digunez Hala Bedi irratitik izandako elkarrizketa bat ipini dugu. Ekai Centerreko Adrian Zelaiak luze eta zabal aritu da geopolitikaz mintzo. Ondoren, Juan Pito Bentara jo dugu Julian Gabasek Erronkariko azken ordua pasa zezan. \u00a0 Izenburua: Otsailaren 11ko saioa Iraupena: 2 ordu 30 minutu Klikatu\u2026","rel":"","context":"In &quot;Egun on, Au\u00f1amendi!&quot;","block_context":{"text":"Egun on, Au\u00f1amendi!","link":"https:\/\/iratiirratia.eus\/index.php\/category\/egunon-aunamendi\/"},"img":{"alt_text":"","src":"","width":0,"height":0},"classes":[]}],"_links":{"self":[{"href":"https:\/\/iratiirratia.eus\/index.php\/wp-json\/wp\/v2\/posts\/13994"}],"collection":[{"href":"https:\/\/iratiirratia.eus\/index.php\/wp-json\/wp\/v2\/posts"}],"about":[{"href":"https:\/\/iratiirratia.eus\/index.php\/wp-json\/wp\/v2\/types\/post"}],"author":[{"embeddable":true,"href":"https:\/\/iratiirratia.eus\/index.php\/wp-json\/wp\/v2\/users\/1"}],"replies":[{"embeddable":true,"href":"https:\/\/iratiirratia.eus\/index.php\/wp-json\/wp\/v2\/comments?post=13994"}],"version-history":[{"count":1,"href":"https:\/\/iratiirratia.eus\/index.php\/wp-json\/wp\/v2\/posts\/13994\/revisions"}],"predecessor-version":[{"id":13995,"href":"https:\/\/iratiirratia.eus\/index.php\/wp-json\/wp\/v2\/posts\/13994\/revisions\/13995"}],"wp:attachment":[{"href":"https:\/\/iratiirratia.eus\/index.php\/wp-json\/wp\/v2\/media?parent=13994"}],"wp:term":[{"taxonomy":"category","embeddable":true,"href":"https:\/\/iratiirratia.eus\/index.php\/wp-json\/wp\/v2\/categories?post=13994"},{"taxonomy":"post_tag","embeddable":true,"href":"https:\/\/iratiirratia.eus\/index.php\/wp-json\/wp\/v2\/tags?post=13994"}],"curies":[{"name":"wp","href":"https:\/\/api.w.org\/{rel}","templated":true}]}}