{"id":14017,"date":"2019-10-03T12:23:39","date_gmt":"2019-10-03T10:23:39","guid":{"rendered":"http:\/\/iratiirratia.eus\/?p=14017"},"modified":"2019-10-03T12:26:17","modified_gmt":"2019-10-03T10:26:17","slug":"nafar-pirinioa-gehiago-hustu-ez-dadin-mobilizazioa-ostiralean","status":"publish","type":"post","link":"https:\/\/iratiirratia.eus\/index.php\/2019\/10\/03\/nafar-pirinioa-gehiago-hustu-ez-dadin-mobilizazioa-ostiralean\/","title":{"rendered":"Nafar pirinioa gehiago hustu ez dadin mobilizazioa ostiralean"},"content":{"rendered":"\n<p> Ostiral honetarako, <strong>urriaren ak,&nbsp;<em>Pirinioan Bizirik  gaude<\/em><\/strong>, <strong>Pirinioan Lan eta Bizi<\/strong> eta <strong>Txantxalan <\/strong>kolektiboek&nbsp;bat egingo dute despopulazioaren kontrako egunarekin, eguerdiko 12:00etan <strong>5 minutuko&nbsp; geldialdia<\/strong> egiten eta kontzentrazioak burutuz lan eta hezkuntza guneetan. <\/p>\n\n\n<blockquote class=\"twitter-tweet\">\n<p dir=\"ltr\" lang=\"eu\">&#x1f49a;PIRINIOAN LAN ETA <a href=\"https:\/\/twitter.com\/hashtag\/BIZI?src=hash&amp;ref_src=twsrc%5Etfw\">#BIZI<\/a> <br \/>Despopulazioaren kontrako eguna<\/p>\n<p>&#x1f4c6; urriak 4 (ostirala) <br \/>&#x1f570; 12:00<br \/>5 min <a href=\"https:\/\/twitter.com\/hashtag\/geldialdia?src=hash&amp;ref_src=twsrc%5Etfw\">#geldialdia<\/a> <a href=\"https:\/\/twitter.com\/hashtag\/paro?src=hash&amp;ref_src=twsrc%5Etfw\">#paro<\/a> <br \/>&#x1f3eb;lantokian, ikastetxean, etxe aurrean, udaletxe atarian&#8230;<\/p>\n<p>Zabaldu mezua!<br \/>argazkia atera &#x1f4f8; eta sare sozialen&#x1f4f2; bitartez partekatu<br \/>&#x1f49a;<br \/>&#x1f3d4;<br \/>&#x1f3e1;<br \/>&#x1f98c;<br \/>&#x1f332;<br \/>&#x1f339; <a href=\"https:\/\/t.co\/iw905btgKd\">pic.twitter.com\/iw905btgKd<\/a><\/p>\n<p>\u2014 Irati Irratia (@Iratirratia) <a href=\"https:\/\/twitter.com\/Iratirratia\/status\/1179658064967933952?ref_src=twsrc%5Etfw\">October 3, 2019<\/a><\/p><\/blockquote>\n<p> <script async=\"\" src=\"https:\/\/platform.twitter.com\/widgets.js\" charset=\"utf-8\"><\/script><\/p>\n\n\n\n<p>Mikel Aoiz Otsagiko bizilaguna<a href=\"http:\/\/iratiirratia.eus\/audio\/19-10-03paroa.mp3\"> mintzatu da Irati irratian egoerari buruz<\/a>. <\/p>\n\n\n<p class=\"audioplayer_container\"><span style=\"display:block;padding:5px;border:1px solid #dddddd;background:#f8f8f8\" id=\"audioplayer_1\">Audio clip: Adobe Flash Player (version 9 or above) is required to play this audio clip. Download the latest version <a href=\"http:\/\/www.adobe.com\/shockwave\/download\/download.cgi?P1_Prod_Version=ShockwaveFlash&amp;promoid=BIOW\" title=\"Download Adobe Flash Player\">here<\/a>. You also need to have JavaScript enabled in your browser.<\/span><\/p>\n","protected":false},"excerpt":{"rendered":"<p>Ostiral honetarako, urriaren ak,&nbsp;Pirinioan Bizirik gaude, Pirinioan Lan eta Bizi eta Txantxalan kolektiboek&nbsp;bat egingo dute despopulazioaren kontrako egunarekin, eguerdiko 12:00etan 5 minutuko&nbsp; geldialdia egiten eta kontzentrazioak burutuz lan eta hezkuntza guneetan. Mikel Aoiz Otsagiko bizilaguna mintzatu da Irati irratian egoerari buruz.<\/p>\n","protected":false},"author":1,"featured_media":14018,"comment_status":"open","ping_status":"open","sticky":false,"template":"","format":"standard","meta":{"jetpack_post_was_ever_published":false,"_jetpack_newsletter_access":"","_jetpack_newsletter_tier_id":0,"jetpack_publicize_message":"Nafar #pirinioa gehiago hustu ez dadin #mobilizazioa ostiralean.\nElkarrizketa Irati irratian: ","jetpack_is_tweetstorm":false,"jetpack_publicize_feature_enabled":true,"jetpack_social_post_already_shared":true,"jetpack_social_options":{"image_generator_settings":{"template":"highway","enabled":false}}},"categories":[117,2,4,58,228,116,59,8,111],"tags":[141,250,249,251,100,252,215,137],"jetpack_publicize_connections":[],"jetpack_featured_media_url":"https:\/\/i0.wp.com\/iratiirratia.eus\/wp-content\/uploads\/2019\/10\/aezkoabizirik.jpg?fit=617%2C348&ssl=1","jetpack_shortlink":"https:\/\/wp.me\/p7eaXY-3E5","jetpack_sharing_enabled":true,"jetpack-related-posts":[{"id":14031,"url":"https:\/\/iratiirratia.eus\/index.php\/2019\/10\/04\/egun-on-aunamendi-saioan-lehoskotik-atalaeuskara-josemi-etxeandia-miren-nekaneren-liburua-eta-julian-gabas-izan-ditugu\/","url_meta":{"origin":14017,"position":0},"title":"Egun on, Au\u00f1amendi saioan Lehoskotik atala(Euskara, Josemi Etxeandia) , Miren Nekaneren liburua eta Julian Gabas izan ditugu","author":"Irati Irratia","date":"4 urria, 2019","format":false,"excerpt":"Gaurko ostiral honetan han hemenka izan gara. Karlos Bueno Patorekin hasi gara Lehoskotik atalarekin. Ondoren Pirinioan Lan eta Bizi, Bizirik gaude eta Txantxalaneko lagunek deitutako geldialdian parte hartu dugu. Geldialdia amaituta Julian Gabas bisitatzera joan gara Erronkariko berriak jasotzeko, baina gaurko bidea ez zen bertan amaitzen eta Ampostara egin dugu\u2026","rel":"","context":"In &quot;Egun on, Au\u00f1amendi!&quot;","block_context":{"text":"Egun on, Au\u00f1amendi!","link":"https:\/\/iratiirratia.eus\/index.php\/category\/egunon-aunamendi\/"},"img":{"alt_text":"","src":"","width":0,"height":0},"classes":[]},{"id":18296,"url":"https:\/\/iratiirratia.eus\/index.php\/2023\/03\/31\/iritzi-miritzi-pirinioetan-ze-bizi-despopulazio-legea-ala-hil\/","url_meta":{"origin":14017,"position":1},"title":"Iritzi-Miritzi, Pirinioetan ze bizi?: Despopulazio legea ala hil!","author":"Irati Irratia","date":"31 martxoa, 2023","format":false,"excerpt":"Aspaldian ginen berarekin egotekoa eta gaur izan gara Ainhoa Elizalderekin bere kolaborazioa egin zezan. Gaurkoan despopulazioa legearen beharra nabarmendu du Pirinioaren etorkizunean aukerak ireki ditzan. Entzundako kolaborazioa irakurgai duzue Enpresabidea atarian \u00a0 \u00a0 Ainhoa Elizalde Irati Irratian: \u00a0","rel":"","context":"In &quot;Berriak&quot;","block_context":{"text":"Berriak","link":"https:\/\/iratiirratia.eus\/index.php\/category\/berriak\/"},"img":{"alt_text":"","src":"https:\/\/i0.wp.com\/iratiirratia.eus\/wp-content\/uploads\/2022\/11\/Iritzi-Miritzi2.png?fit=1200%2C600&ssl=1&resize=350%2C200","width":350,"height":200,"srcset":"https:\/\/i0.wp.com\/iratiirratia.eus\/wp-content\/uploads\/2022\/11\/Iritzi-Miritzi2.png?fit=1200%2C600&ssl=1&resize=350%2C200 1x, https:\/\/i0.wp.com\/iratiirratia.eus\/wp-content\/uploads\/2022\/11\/Iritzi-Miritzi2.png?fit=1200%2C600&ssl=1&resize=525%2C300 1.5x, https:\/\/i0.wp.com\/iratiirratia.eus\/wp-content\/uploads\/2022\/11\/Iritzi-Miritzi2.png?fit=1200%2C600&ssl=1&resize=700%2C400 2x, https:\/\/i0.wp.com\/iratiirratia.eus\/wp-content\/uploads\/2022\/11\/Iritzi-Miritzi2.png?fit=1200%2C600&ssl=1&resize=1050%2C600 3x"},"classes":[]},{"id":14367,"url":"https:\/\/iratiirratia.eus\/index.php\/2019\/12\/04\/egunon-aunamendi-pirinioan-lan-eta-bizi-azoka-abaurregainan-eta-nori-komikia\/","url_meta":{"origin":14017,"position":2},"title":"Egunon Au\u00f1amendi! Pirinioan lan eta bizi azoka Abaurregainan eta Nori komikia","author":"Irati Irratia","date":"4 abendua, 2019","format":false,"excerpt":"Euskararen egunaren biharamunean ere jarraitzen dugu Pirinioan. Eta igandeko azokari buruz mintzatu da Irati irratian Ainara Ekisoain Pirinioan bizi eta lan ekimeneko kidea. Bertsolari aldizkariak NORI komikia plazaratu du, euskara batua patentatu eta saltzeko asmoa agertzen den Xabi Paya eta Patxi Gallegok ondutako lanean. Izenburua: Abenduaren 4ko saioa Iraupena: 2:45\u2026","rel":"","context":"In &quot;Sin categor\u00eda&quot;","block_context":{"text":"Sin categor\u00eda","link":"https:\/\/iratiirratia.eus\/index.php\/category\/sin-categoria\/"},"img":{"alt_text":"","src":"https:\/\/i0.wp.com\/iratiirratia.eus\/wp-content\/uploads\/2019\/12\/abaurregainazoka.jpg?fit=678%2C960&ssl=1&resize=350%2C200","width":350,"height":200,"srcset":"https:\/\/i0.wp.com\/iratiirratia.eus\/wp-content\/uploads\/2019\/12\/abaurregainazoka.jpg?fit=678%2C960&ssl=1&resize=350%2C200 1x, https:\/\/i0.wp.com\/iratiirratia.eus\/wp-content\/uploads\/2019\/12\/abaurregainazoka.jpg?fit=678%2C960&ssl=1&resize=525%2C300 1.5x"},"classes":[]},{"id":14027,"url":"https:\/\/iratiirratia.eus\/index.php\/2019\/10\/03\/egunon-aunamendi-pirinioan-bizi-eta-lan-aldarrikatuz-mobilizazio-nafar-pirinioko-ibarretan\/","url_meta":{"origin":14017,"position":3},"title":"Egunon Au\u00f1amendi! Pirinioan bizi eta lan aldarrikatuz mobilizazioa nafar pirinioko ibarretan","author":"Irati Irratia","date":"3 urria, 2019","format":false,"excerpt":"Urriaren 4ko deitutako mobilizazioaren berri eman digu Mikel Aoiz otsagiarrak irratian; Irulegi irratiko lagunek bere kronika eskaini digute eta Xanti Begiristainek hamabostean behin ekartzen duen Manexen istorioa kontatu digu. Izenburua: Urriaren eko saioa Iraupena: 2:30 ordu Klikatu hemen saioa jaisteko [audio:http:\/\/iratiirratia.eus\/audio\/19-10-03.mp3]","rel":"","context":"In &quot;Egun on, Au\u00f1amendi!&quot;","block_context":{"text":"Egun on, Au\u00f1amendi!","link":"https:\/\/iratiirratia.eus\/index.php\/category\/egunon-aunamendi\/"},"img":{"alt_text":"","src":"","width":0,"height":0},"classes":[]},{"id":18823,"url":"https:\/\/iratiirratia.eus\/index.php\/2023\/07\/28\/pirinioko-mahaiak-alderdi-politikoei-gogorarazi-die-pirinioetako-planarekin-aho-batez-hartutako-konpromisoa\/","url_meta":{"origin":14017,"position":4},"title":"Pirinioko Mahaiak alderdi politikoei gogorarazi die Pirinioetako Planarekin aho batez hartutako konpromisoa","author":"Irati Irratia","date":"28 uztaila, 2023","format":false,"excerpt":"Gaur helarazitako prentsa oharrean Pirinioko Mahaiak Nafar Parlamentuko alderdiei gogoratu die garaian Pirinioarekiko aho batez lortutako konpromisoa eta beraien arteko negoziazio saioetan \"Pirinioetarako 5 minutu\" eskakizuna ez dadin trukagarria izan. Burututako bilkuran ere eskatu diote Nafarroako Gobernuari ahalik eta lasterren eratu dezan euren organigrama eta parlamentuan berezko batzordea sortzea ahal\u2026","rel":"","context":"In &quot;Berriak&quot;","block_context":{"text":"Berriak","link":"https:\/\/iratiirratia.eus\/index.php\/category\/berriak\/"},"img":{"alt_text":"","src":"https:\/\/i0.wp.com\/iratiirratia.eus\/wp-content\/uploads\/2023\/07\/imagen_escala_ancho.jpeg?fit=500%2C281&ssl=1&resize=350%2C200","width":350,"height":200},"classes":[]},{"id":5588,"url":"https:\/\/iratiirratia.eus\/index.php\/2014\/12\/10\/pirinioan-lan-eta-bizi\/","url_meta":{"origin":14017,"position":5},"title":"Pirinioan lan eta bizi","author":"Irati Irratia","date":"10 abendua, 2014","format":false,"excerpt":"Izenburua: Pirinioan lan eta bizi Iraupena: 0:11 min Klikatu hemen saioa jaisteko [audio:http:\/\/iratiirratia.net\/audio\/pirinioan_lan_eta_bizi.mp3|titles=Egun on, Au\u00f1amendi! 14-12-10]","rel":"","context":"In &quot;Egun on, Au\u00f1amendi!&quot;","block_context":{"text":"Egun on, Au\u00f1amendi!","link":"https:\/\/iratiirratia.eus\/index.php\/category\/egunon-aunamendi\/"},"img":{"alt_text":"","src":"","width":0,"height":0},"classes":[]}],"_links":{"self":[{"href":"https:\/\/iratiirratia.eus\/index.php\/wp-json\/wp\/v2\/posts\/14017"}],"collection":[{"href":"https:\/\/iratiirratia.eus\/index.php\/wp-json\/wp\/v2\/posts"}],"about":[{"href":"https:\/\/iratiirratia.eus\/index.php\/wp-json\/wp\/v2\/types\/post"}],"author":[{"embeddable":true,"href":"https:\/\/iratiirratia.eus\/index.php\/wp-json\/wp\/v2\/users\/1"}],"replies":[{"embeddable":true,"href":"https:\/\/iratiirratia.eus\/index.php\/wp-json\/wp\/v2\/comments?post=14017"}],"version-history":[{"count":4,"href":"https:\/\/iratiirratia.eus\/index.php\/wp-json\/wp\/v2\/posts\/14017\/revisions"}],"predecessor-version":[{"id":14022,"href":"https:\/\/iratiirratia.eus\/index.php\/wp-json\/wp\/v2\/posts\/14017\/revisions\/14022"}],"wp:featuredmedia":[{"embeddable":true,"href":"https:\/\/iratiirratia.eus\/index.php\/wp-json\/wp\/v2\/media\/14018"}],"wp:attachment":[{"href":"https:\/\/iratiirratia.eus\/index.php\/wp-json\/wp\/v2\/media?parent=14017"}],"wp:term":[{"taxonomy":"category","embeddable":true,"href":"https:\/\/iratiirratia.eus\/index.php\/wp-json\/wp\/v2\/categories?post=14017"},{"taxonomy":"post_tag","embeddable":true,"href":"https:\/\/iratiirratia.eus\/index.php\/wp-json\/wp\/v2\/tags?post=14017"}],"curies":[{"name":"wp","href":"https:\/\/api.w.org\/{rel}","templated":true}]}}