{"id":14138,"date":"2019-10-18T13:57:52","date_gmt":"2019-10-18T11:57:52","guid":{"rendered":"http:\/\/iratiirratia.eus\/?p=14138"},"modified":"2019-10-18T14:00:16","modified_gmt":"2019-10-18T12:00:16","slug":"elkarrekin-together-dokumentalari-buruz-itziar-garcia-zubirirekin","status":"publish","type":"post","link":"https:\/\/iratiirratia.eus\/index.php\/2019\/10\/18\/elkarrekin-together-dokumentalari-buruz-itziar-garcia-zubirirekin\/","title":{"rendered":"Elkarrekin\/Together dokumentalari buruz Itziar Garcia Zubirirekin"},"content":{"rendered":"\n<p>Euskal arrantzaleak eta Ameriketako natiboak elkarrekin harremanetan jarri zituen balearen arrantzak. Euskal arkeologoak bertara egindako bidaia eta ikerketa kontatzen du Elkarrekin \/ Together filmak. <br><\/p>\n\n\n\n<figure class=\"wp-block-image\"><img data-attachment-id=\"14139\" data-permalink=\"https:\/\/iratiirratia.eus\/index.php\/2019\/10\/18\/elkarrekin-together-dokumentalari-buruz-itziar-garcia-zubirirekin\/together\/\" data-orig-file=\"https:\/\/i0.wp.com\/iratiirratia.eus\/wp-content\/uploads\/2019\/10\/together.jpeg?fit=251%2C201&amp;ssl=1\" data-orig-size=\"251,201\" data-comments-opened=\"1\" data-image-meta=\"{&quot;aperture&quot;:&quot;0&quot;,&quot;credit&quot;:&quot;&quot;,&quot;camera&quot;:&quot;&quot;,&quot;caption&quot;:&quot;&quot;,&quot;created_timestamp&quot;:&quot;0&quot;,&quot;copyright&quot;:&quot;&quot;,&quot;focal_length&quot;:&quot;0&quot;,&quot;iso&quot;:&quot;0&quot;,&quot;shutter_speed&quot;:&quot;0&quot;,&quot;title&quot;:&quot;&quot;,&quot;orientation&quot;:&quot;0&quot;}\" data-image-title=\"together\" data-image-description=\"\" data-image-caption=\"\" data-medium-file=\"https:\/\/i0.wp.com\/iratiirratia.eus\/wp-content\/uploads\/2019\/10\/together.jpeg?fit=251%2C201&amp;ssl=1\" data-large-file=\"https:\/\/i0.wp.com\/iratiirratia.eus\/wp-content\/uploads\/2019\/10\/together.jpeg?fit=251%2C201&amp;ssl=1\" decoding=\"async\" loading=\"lazy\" width=\"251\" height=\"201\" src=\"https:\/\/i0.wp.com\/iratiirratia.eus\/wp-content\/uploads\/2019\/10\/together.jpeg?resize=251%2C201\" alt=\"\" class=\"wp-image-14139\" data-recalc-dims=\"1\"\/><\/figure>\n\n\n\n<p><br>Eta horri buruz hizketan hasi gara Itziar Garcia Zubiri ekoizlearekin. Elkarrizketa aberatsa zinemaz eta emakumeen lanaz aritzeko. <br><a href=\"http:\/\/iratiirratia.eus\/audio\/19-10-18elkarrekintogether.mp3\">Itziar Garcia Zubiri Irati irratian. <\/a><\/p>\n\n\n<p class=\"audioplayer_container\"><span style=\"display:block;padding:5px;border:1px solid #dddddd;background:#f8f8f8\" id=\"audioplayer_1\">Audio clip: Adobe Flash Player (version 9 or above) is required to play this audio clip. Download the latest version <a href=\"http:\/\/www.adobe.com\/shockwave\/download\/download.cgi?P1_Prod_Version=ShockwaveFlash&amp;promoid=BIOW\" title=\"Download Adobe Flash Player\">here<\/a>. You also need to have JavaScript enabled in your browser.<\/span><\/p>\n","protected":false},"excerpt":{"rendered":"<p>Euskal arrantzaleak eta Ameriketako natiboak elkarrekin harremanetan jarri zituen balearen arrantzak. Euskal arkeologoak bertara egindako bidaia eta ikerketa kontatzen du Elkarrekin \/ Together filmak. Eta horri buruz hizketan hasi gara Itziar Garcia Zubiri ekoizlearekin. Elkarrizketa aberatsa zinemaz eta emakumeen lanaz aritzeko. Itziar Garcia Zubiri Irati irratian.<\/p>\n","protected":false},"author":1,"featured_media":14140,"comment_status":"open","ping_status":"open","sticky":false,"template":"","format":"standard","meta":{"jetpack_post_was_ever_published":false,"_jetpack_newsletter_access":"","_jetpack_newsletter_tier_id":0,"jetpack_publicize_message":"Elkarrekin\/Together dokumentalari buruz Itziar Garcia Zubirirekin.","jetpack_is_tweetstorm":false,"jetpack_publicize_feature_enabled":true,"jetpack_social_post_already_shared":true,"jetpack_social_options":{"image_generator_settings":{"template":"highway","enabled":false}}},"categories":[2,6],"tags":[371,370,369,161,366,368,367,162],"jetpack_publicize_connections":[],"jetpack_featured_media_url":"https:\/\/i0.wp.com\/iratiirratia.eus\/wp-content\/uploads\/2019\/10\/itziargarcia.jpg?fit=3264%2C2448&ssl=1","jetpack_shortlink":"https:\/\/wp.me\/p7eaXY-3G2","jetpack_sharing_enabled":true,"jetpack-related-posts":[{"id":14142,"url":"https:\/\/iratiirratia.eus\/index.php\/2019\/10\/18\/egunon-aunamendi-zaraitzuera-aztertu-elkarrekin-together-dokumentala-eta-etxerako-bidean-xamarrekin\/","url_meta":{"origin":14138,"position":0},"title":"Egunon Au\u00f1amendi! Zaraitzuera aztertu, Elkarrekin \/together dokumentala eta &#8220;Etxerako bidean&#8221; Xamarrekin","author":"Irati Irratia","date":"18 urria, 2019","format":false,"excerpt":"I\u00f1aki Camino hizkuntzalariarekin zaraitzuera eta euskararen historia izan dugu hizpide lehenbizi eta Itziar Garcia Zubiri film ekoizlearekin Elkarrekin \/ Together pelikulari buruz aritu gara solasean. Juan Carlos Etxegoien Xamar idazlearen Etxera bidean saiakerak Euskadi saria jasoko duela jakin dugu gaur, eta berari Irati irratian egindako elkarrizketa ere entzun dugu. Izenburua:\u2026","rel":"","context":"In &quot;Egun on, Au\u00f1amendi!&quot;","block_context":{"text":"Egun on, Au\u00f1amendi!","link":"https:\/\/iratiirratia.eus\/index.php\/category\/egunon-aunamendi\/"},"img":{"alt_text":"","src":"https:\/\/i0.wp.com\/iratiirratia.eus\/wp-content\/uploads\/2019\/10\/Etxera_bidean.jpg?resize=350%2C200&ssl=1","width":350,"height":200,"srcset":"https:\/\/i0.wp.com\/iratiirratia.eus\/wp-content\/uploads\/2019\/10\/Etxera_bidean.jpg?resize=350%2C200&ssl=1 1x, https:\/\/i0.wp.com\/iratiirratia.eus\/wp-content\/uploads\/2019\/10\/Etxera_bidean.jpg?resize=525%2C300&ssl=1 1.5x, https:\/\/i0.wp.com\/iratiirratia.eus\/wp-content\/uploads\/2019\/10\/Etxera_bidean.jpg?resize=700%2C400&ssl=1 2x"},"classes":[]},{"id":6647,"url":"https:\/\/iratiirratia.eus\/index.php\/2015\/08\/31\/6647\/","url_meta":{"origin":14138,"position":1},"title":"Egun on, Au\u00f1amendi!","author":"Irati Irratia","date":"31 abuztua, 2015","format":false,"excerpt":"Abuztuko azken saioa gaurkoa; astearen lehenengoa. Gaurkoan, Walls eta District Zero dokumentalen berri izan dugu Erroko Itziar Garcia Zubirirekin. Donostiako Zinemaldian izango dira bi dokumentalak: Zorionak! Taxoareko Hitza ere ezagutu dugu, euskaraz Osasunaren informazioa eta eguneroko berriak biltzen dituen bloga. Zoriontzeko beste berri bat ere izan dugu. Euskalerria Irratiko Juan\u2026","rel":"","context":"In &quot;Egun on, Au\u00f1amendi!&quot;","block_context":{"text":"Egun on, Au\u00f1amendi!","link":"https:\/\/iratiirratia.eus\/index.php\/category\/egunon-aunamendi\/"},"img":{"alt_text":"","src":"","width":0,"height":0},"classes":[]},{"id":21103,"url":"https:\/\/iratiirratia.eus\/index.php\/2024\/11\/20\/valentzian-danak-kaltetutakoekin-elkartasunez-yoga-ikastaroak-antolatu-ditu-itziar-berruezok\/","url_meta":{"origin":14138,"position":2},"title":"Valentzian DANAk kaltetutakoekin elkartasunez Yoga ikastaroak antolatu ditu Itziar Berruezok","author":"Eneko Villegas","date":"20 azaroa, 2024","format":false,"excerpt":"Bi ikastaro izanen dira larunbata honetan Aribeko Aezkoako Etxean, Itziar Berruezok antolatu dituenak. Lehendabiziko saioa intentsitate baxukoa izanen da (Hatha Yoga) eta intentsitate ertainekoa bestea (Vinyasa Yoga). Biak Aribeko Aezkoako etxean izanen dira eta bertaratzeko ordaindu beharrekoa osoik Valentziako Alcosa Parkeko koordinakundera bideratuko dira. Iradokitzen den dohaintza 10\u20ac-koa izanen da,\u2026","rel":"","context":"In &quot;Aezkoa&quot;","block_context":{"text":"Aezkoa","link":"https:\/\/iratiirratia.eus\/index.php\/category\/aezkoa\/"},"img":{"alt_text":"","src":"https:\/\/i0.wp.com\/iratiirratia.eus\/wp-content\/uploads\/2024\/11\/YogaCas.jpg?fit=675%2C1200&ssl=1&resize=350%2C200","width":350,"height":200,"srcset":"https:\/\/i0.wp.com\/iratiirratia.eus\/wp-content\/uploads\/2024\/11\/YogaCas.jpg?fit=675%2C1200&ssl=1&resize=350%2C200 1x, https:\/\/i0.wp.com\/iratiirratia.eus\/wp-content\/uploads\/2024\/11\/YogaCas.jpg?fit=675%2C1200&ssl=1&resize=525%2C300 1.5x"},"classes":[]},{"id":5349,"url":"https:\/\/iratiirratia.eus\/index.php\/2014\/10\/07\/arrantzale-bizardunen-auzia-aztergai\/","url_meta":{"origin":14138,"position":3},"title":"Arrantzale bizardunen auzia, aztergai","author":"Irati Irratia","date":"7 urria, 2014","format":false,"excerpt":"Izenburua: Arrantzale bizardunen auzia, aztergai Iraupena: 0:17 min Klikatu hemen saioa jaisteko [audio:http:\/\/iratiirratia.net\/audio\/2ikurri\u00f1abizarduna.mp3|titles=Egun on, Au\u00f1amendi! 14-10-07]","rel":"","context":"In &quot;Egun on, Au\u00f1amendi!&quot;","block_context":{"text":"Egun on, Au\u00f1amendi!","link":"https:\/\/iratiirratia.eus\/index.php\/category\/egunon-aunamendi\/"},"img":{"alt_text":"","src":"","width":0,"height":0},"classes":[]},{"id":9733,"url":"https:\/\/iratiirratia.eus\/index.php\/2016\/12\/13\/mugarik-gabeko-elkartasuna\/","url_meta":{"origin":14138,"position":4},"title":"Mugarik gabeko elkartasuna","author":"Irati Irratia","date":"13 abendua, 2016","format":false,"excerpt":"Gaur, Oraitz Garcia -rekin Zaporeak egitasmoaren inguruan hitzegin dugu. Oraitzek ederki asko azaldu digu errefuxiatuekin egiten duten lana eta edukitako bizipenak. [audio:http:\/\/iratiirratia.eus\/audio\/zaporeak.mp3|titles= Zaporeak] Klikatu hemen elkarrizketa jaisteko","rel":"","context":"In &quot;Berriak&quot;","block_context":{"text":"Berriak","link":"https:\/\/iratiirratia.eus\/index.php\/category\/berriak\/"},"img":{"alt_text":"","src":"https:\/\/i0.wp.com\/iratiirratia.eus\/wp-content\/uploads\/2016\/12\/zaporeak-e1481634663549.jpg?fit=562%2C276&ssl=1&resize=350%2C200","width":350,"height":200,"srcset":"https:\/\/i0.wp.com\/iratiirratia.eus\/wp-content\/uploads\/2016\/12\/zaporeak-e1481634663549.jpg?fit=562%2C276&ssl=1&resize=350%2C200 1x, https:\/\/i0.wp.com\/iratiirratia.eus\/wp-content\/uploads\/2016\/12\/zaporeak-e1481634663549.jpg?fit=562%2C276&ssl=1&resize=525%2C300 1.5x"},"classes":[]},{"id":14353,"url":"https:\/\/iratiirratia.eus\/index.php\/2019\/11\/28\/ainarak-eus-webdok-bat-eta-dokumentala-zuberoan-aritzen-ziren-emakume-gazte-langileei-buruz\/","url_meta":{"origin":14138,"position":5},"title":"Ainarak.eus webdok bat eta dokumentala Zuberoan aritzen ziren emakume gazte langileei buruz","author":"Irati Irratia","date":"28 azaroa, 2019","format":false,"excerpt":"Ritxi Lizartza Maluta films ekoiztetxeko kidea Irati irratian aritu da, Ainarak.eus proiektuari buruz. Erronkariko, Zuberoako, Aragoiko eta beraien arteko elkarlanaz. Ainarak webdoka eta dokumentala [audio:http:\/\/www.iratiirratia.eus\/audio\/19-11-28ainarakeus.mp3]","rel":"","context":"In &quot;Berriak&quot;","block_context":{"text":"Berriak","link":"https:\/\/iratiirratia.eus\/index.php\/category\/berriak\/"},"img":{"alt_text":"","src":"https:\/\/i0.wp.com\/iratiirratia.eus\/wp-content\/uploads\/2019\/11\/Ainarak.jpg?fit=1200%2C762&ssl=1&resize=350%2C200","width":350,"height":200,"srcset":"https:\/\/i0.wp.com\/iratiirratia.eus\/wp-content\/uploads\/2019\/11\/Ainarak.jpg?fit=1200%2C762&ssl=1&resize=350%2C200 1x, https:\/\/i0.wp.com\/iratiirratia.eus\/wp-content\/uploads\/2019\/11\/Ainarak.jpg?fit=1200%2C762&ssl=1&resize=525%2C300 1.5x, https:\/\/i0.wp.com\/iratiirratia.eus\/wp-content\/uploads\/2019\/11\/Ainarak.jpg?fit=1200%2C762&ssl=1&resize=700%2C400 2x, https:\/\/i0.wp.com\/iratiirratia.eus\/wp-content\/uploads\/2019\/11\/Ainarak.jpg?fit=1200%2C762&ssl=1&resize=1050%2C600 3x"},"classes":[]}],"_links":{"self":[{"href":"https:\/\/iratiirratia.eus\/index.php\/wp-json\/wp\/v2\/posts\/14138"}],"collection":[{"href":"https:\/\/iratiirratia.eus\/index.php\/wp-json\/wp\/v2\/posts"}],"about":[{"href":"https:\/\/iratiirratia.eus\/index.php\/wp-json\/wp\/v2\/types\/post"}],"author":[{"embeddable":true,"href":"https:\/\/iratiirratia.eus\/index.php\/wp-json\/wp\/v2\/users\/1"}],"replies":[{"embeddable":true,"href":"https:\/\/iratiirratia.eus\/index.php\/wp-json\/wp\/v2\/comments?post=14138"}],"version-history":[{"count":1,"href":"https:\/\/iratiirratia.eus\/index.php\/wp-json\/wp\/v2\/posts\/14138\/revisions"}],"predecessor-version":[{"id":14141,"href":"https:\/\/iratiirratia.eus\/index.php\/wp-json\/wp\/v2\/posts\/14138\/revisions\/14141"}],"wp:featuredmedia":[{"embeddable":true,"href":"https:\/\/iratiirratia.eus\/index.php\/wp-json\/wp\/v2\/media\/14140"}],"wp:attachment":[{"href":"https:\/\/iratiirratia.eus\/index.php\/wp-json\/wp\/v2\/media?parent=14138"}],"wp:term":[{"taxonomy":"category","embeddable":true,"href":"https:\/\/iratiirratia.eus\/index.php\/wp-json\/wp\/v2\/categories?post=14138"},{"taxonomy":"post_tag","embeddable":true,"href":"https:\/\/iratiirratia.eus\/index.php\/wp-json\/wp\/v2\/tags?post=14138"}],"curies":[{"name":"wp","href":"https:\/\/api.w.org\/{rel}","templated":true}]}}