{"id":14229,"date":"2019-11-06T16:05:02","date_gmt":"2019-11-06T15:05:02","guid":{"rendered":"http:\/\/iratiirratia.eus\/?p=14229"},"modified":"2019-11-06T16:05:10","modified_gmt":"2019-11-06T15:05:10","slug":"lurrama-azoka-miarritzen-asteburuan","status":"publish","type":"post","link":"https:\/\/iratiirratia.eus\/index.php\/2019\/11\/06\/lurrama-azoka-miarritzen-asteburuan\/","title":{"rendered":"<em>Lurrama<\/em> azoka Miarritzen asteburuan"},"content":{"rendered":"\n<p>Miren Harinordoki laborariarekin mintzatu gara Lurrama laborantza iraunkorraren inguruko azokari buruz. Euskal Herriko Laborantza Ganbarak antolatzen du Lurrama Miarritzen eta Nafarroa izanen da herrialde gonbidatua aurtengoan. <\/p>\n\n\n\n<p><a href=\"http:\/\/www.iratiirratia.eus\/audio\/19-11-06lurrama.mp3\">Miren Harinordoki |<strong> Lurrama<\/strong><\/a><\/p>\n\n\n<p class=\"audioplayer_container\"><span style=\"display:block;padding:5px;border:1px solid #dddddd;background:#f8f8f8\" id=\"audioplayer_1\">Audio clip: Adobe Flash Player (version 9 or above) is required to play this audio clip. Download the latest version <a href=\"http:\/\/www.adobe.com\/shockwave\/download\/download.cgi?P1_Prod_Version=ShockwaveFlash&amp;promoid=BIOW\" title=\"Download Adobe Flash Player\">here<\/a>. You also need to have JavaScript enabled in your browser.<\/span><\/p>\n","protected":false},"excerpt":{"rendered":"<p>Miren Harinordoki laborariarekin mintzatu gara Lurrama laborantza iraunkorraren inguruko azokari buruz. Euskal Herriko Laborantza Ganbarak antolatzen du Lurrama Miarritzen eta Nafarroa izanen da herrialde gonbidatua aurtengoan. Miren Harinordoki | Lurrama<\/p>\n","protected":false},"author":1,"featured_media":14228,"comment_status":"open","ping_status":"open","sticky":false,"template":"","format":"standard","meta":{"jetpack_post_was_ever_published":false,"_jetpack_newsletter_access":"","_jetpack_newsletter_tier_id":0,"jetpack_publicize_message":"#Lurrama azoka Miarritzen asteburuan.\nMiren Harinordoki laboraria Irati irratian. ","jetpack_is_tweetstorm":false,"jetpack_publicize_feature_enabled":true,"jetpack_social_post_already_shared":true,"jetpack_social_options":{"image_generator_settings":{"template":"highway","enabled":false}}},"categories":[2,6],"tags":[352,439,339,437],"jetpack_publicize_connections":[],"jetpack_featured_media_url":"https:\/\/i0.wp.com\/iratiirratia.eus\/wp-content\/uploads\/2019\/11\/lurrama.jpg?fit=275%2C183&ssl=1","jetpack_shortlink":"https:\/\/wp.me\/p7eaXY-3Hv","jetpack_sharing_enabled":true,"jetpack-related-posts":[{"id":14225,"url":"https:\/\/iratiirratia.eus\/index.php\/2019\/11\/06\/egunon-aunamendi-lurrama-azoka-miarritzen-eta-leitzako-albisteak\/","url_meta":{"origin":14229,"position":0},"title":"Egunon Au\u00f1amendi! Lurrama azoka Miarritzen eta Leitzako albisteak","author":"Irati Irratia","date":"6 azaroa, 2019","format":false,"excerpt":"Anauzeko Miren Harinordoki laborariarekin Lurrama azokari buruz aritu gara Irati irratian. Asteburu honetan burutuko da laborantza herriko eta iraunkorraren azoka Miarritzen, klimaren kezka buruan dutela eta Nafarroa herrialde gonbidatu moduan.Leitzako Karrape irratitik bertako albisteak kontatu dizkigu Unai Zabaletak. Izenburua: Azaroaren 6ko saioa Iraupena: 2:30 ordu Klikatu hemen saioa jaisteko [audio:http:\/\/iratiirratia.eus\/audio\/19-11-06.mp3]","rel":"","context":"In &quot;Egun on, Au\u00f1amendi!&quot;","block_context":{"text":"Egun on, Au\u00f1amendi!","link":"https:\/\/iratiirratia.eus\/index.php\/category\/egunon-aunamendi\/"},"img":{"alt_text":"","src":"","width":0,"height":0},"classes":[]},{"id":4786,"url":"https:\/\/iratiirratia.eus\/index.php\/2014\/04\/09\/lab-sindikatuari-elkarrizketa-entrevista-a-lab-sobre-la-ilm\/","url_meta":{"origin":14229,"position":1},"title":"LAB sindikatuari elkarrizketa &#8211; Entrevista a LAB sobre la ILM","author":"Irati Irratia","date":"9 apirila, 2014","format":false,"excerpt":"Izenburua: LAB sindikatuari elkarrizketa Iraupena: 0:18 ordu Klikatu hemen saioa jaisteko [audio:http:\/\/iratiirratia.net\/audio\/3LAB_ILM.mp3|titles=Egun on, Au\u00f1amendi! 14-04-09]","rel":"","context":"In &quot;Egun on, Au\u00f1amendi!&quot;","block_context":{"text":"Egun on, Au\u00f1amendi!","link":"https:\/\/iratiirratia.eus\/index.php\/category\/egunon-aunamendi\/"},"img":{"alt_text":"","src":"","width":0,"height":0},"classes":[]},{"id":14442,"url":"https:\/\/iratiirratia.eus\/index.php\/2020\/01\/20\/u30grebaorokorra-lab-sindikatuko-imanol-karrera\/","url_meta":{"origin":14229,"position":2},"title":"#U30GrebaOrokorra LAB sindikatuko Imanol Karrera","author":"Irati Irratia","date":"20 urtarrila, 2020","format":false,"excerpt":"10 egun besterik ez dira falta Greba Orokorraren deialdirako. Greba honen zergatiak ezagutzeko LAB sindikatuko kidea den Imanol Karrera izan dugu. Berak aipatu digunez arrazoiak soberan ditugu ekimena aurrera ateratzeko, kalean presioa egiteko eta gauzak aldatzeko. Aitortu digunez, ez da ezeren kontrako greba bat, ofentsiban kokatu behar den ekimena baizik,\u2026","rel":"","context":"In &quot;Berriak&quot;","block_context":{"text":"Berriak","link":"https:\/\/iratiirratia.eus\/index.php\/category\/berriak\/"},"img":{"alt_text":"","src":"https:\/\/i0.wp.com\/iratiirratia.eus\/wp-content\/uploads\/2020\/01\/Aldarriak_eus.png?resize=350%2C200&ssl=1","width":350,"height":200,"srcset":"https:\/\/i0.wp.com\/iratiirratia.eus\/wp-content\/uploads\/2020\/01\/Aldarriak_eus.png?resize=350%2C200&ssl=1 1x, https:\/\/i0.wp.com\/iratiirratia.eus\/wp-content\/uploads\/2020\/01\/Aldarriak_eus.png?resize=525%2C300&ssl=1 1.5x, https:\/\/i0.wp.com\/iratiirratia.eus\/wp-content\/uploads\/2020\/01\/Aldarriak_eus.png?resize=700%2C400&ssl=1 2x, https:\/\/i0.wp.com\/iratiirratia.eus\/wp-content\/uploads\/2020\/01\/Aldarriak_eus.png?resize=1050%2C600&ssl=1 3x, https:\/\/i0.wp.com\/iratiirratia.eus\/wp-content\/uploads\/2020\/01\/Aldarriak_eus.png?resize=1400%2C800&ssl=1 4x"},"classes":[]},{"id":9168,"url":"https:\/\/iratiirratia.eus\/index.php\/2016\/08\/04\/aezkoako-egunerako-film-laburren-lehiaketa-antolatu-du-euskara-batzordeak\/","url_meta":{"origin":14229,"position":3},"title":"Aezkoako Egunerako film laburren lehiaketa antolatu du Euskara Batzordeak","author":"Irati Irratia","date":"4 abuztua, 2016","format":false,"excerpt":"Aezkoako Egunari begira film laburren lehiaketa antolatu du beste urte batez Aezkoako Euskara Batzordeak. Aurten, gainera, sare sozialetara urbildu dute egitasmoa. Filmak Instagram aplikazioaren bitartez partekatu beharko dituzte partehartzaileek #Aezkoakoeguna traola erabilita. Aezkoako Euskara Teknikari Idoia Zabalzak parte hartzeko deia luzatu du irratian: [audio:http:\/\/iratiirratia.eus\/audio\/16-08-04_IdoiaZabalza.mp3|titles= Idoia Zabalza] Klikatu hemen elkarrizketa jaisteko\u2026","rel":"","context":"In &quot;Berriak&quot;","block_context":{"text":"Berriak","link":"https:\/\/iratiirratia.eus\/index.php\/category\/berriak\/"},"img":{"alt_text":"","src":"https:\/\/i0.wp.com\/iratiirratia.eus\/wp-content\/uploads\/2016\/08\/lehiaketa-e1470310222877.jpg?fit=1020%2C365&ssl=1&resize=350%2C200","width":350,"height":200,"srcset":"https:\/\/i0.wp.com\/iratiirratia.eus\/wp-content\/uploads\/2016\/08\/lehiaketa-e1470310222877.jpg?fit=1020%2C365&ssl=1&resize=350%2C200 1x, https:\/\/i0.wp.com\/iratiirratia.eus\/wp-content\/uploads\/2016\/08\/lehiaketa-e1470310222877.jpg?fit=1020%2C365&ssl=1&resize=525%2C300 1.5x, https:\/\/i0.wp.com\/iratiirratia.eus\/wp-content\/uploads\/2016\/08\/lehiaketa-e1470310222877.jpg?fit=1020%2C365&ssl=1&resize=700%2C400 2x"},"classes":[]},{"id":10469,"url":"https:\/\/iratiirratia.eus\/index.php\/2017\/04\/28\/burujabetza-behar-dugu-kapitalismoari-aurre-egiteko\/","url_meta":{"origin":14229,"position":4},"title":"Burujabetza behar dugu kapitalismoari aurre egiteko","author":"Irati Irratia","date":"28 apirila, 2017","format":false,"excerpt":"Igor Arroyo LAB sindikatuko bozeramailea Nafarroan gurean izan da osasun labroralaren inguruan hitzegiten. Argi utzi du prekarietateak eta eta subkontratazioak lan istripuak edukitzeko aukera areagotzen dituela. Bestetik ere aipatu du ezinbestekoa zaigula herri bezala burujabetza edukitzea, gaur egun estatu espainolean ez baitago gauzak aldatzeko indar korrelaziorik. Parada bat izan dugu\u2026","rel":"","context":"In &quot;Berriak&quot;","block_context":{"text":"Berriak","link":"https:\/\/iratiirratia.eus\/index.php\/category\/berriak\/"},"img":{"alt_text":"","src":"https:\/\/i0.wp.com\/iratiirratia.eus\/wp-content\/uploads\/2017\/04\/maxresdefault-e1493383809310.jpg?fit=1200%2C501&ssl=1&resize=350%2C200","width":350,"height":200,"srcset":"https:\/\/i0.wp.com\/iratiirratia.eus\/wp-content\/uploads\/2017\/04\/maxresdefault-e1493383809310.jpg?fit=1200%2C501&ssl=1&resize=350%2C200 1x, https:\/\/i0.wp.com\/iratiirratia.eus\/wp-content\/uploads\/2017\/04\/maxresdefault-e1493383809310.jpg?fit=1200%2C501&ssl=1&resize=525%2C300 1.5x, https:\/\/i0.wp.com\/iratiirratia.eus\/wp-content\/uploads\/2017\/04\/maxresdefault-e1493383809310.jpg?fit=1200%2C501&ssl=1&resize=700%2C400 2x, https:\/\/i0.wp.com\/iratiirratia.eus\/wp-content\/uploads\/2017\/04\/maxresdefault-e1493383809310.jpg?fit=1200%2C501&ssl=1&resize=1050%2C600 3x"},"classes":[]},{"id":7602,"url":"https:\/\/iratiirratia.eus\/index.php\/2016\/01\/19\/egun-on-aunamendi-560\/","url_meta":{"origin":14229,"position":5},"title":"Egun on, Au\u00f1amendi!","author":"Irati Irratia","date":"19 urtarrila, 2016","format":false,"excerpt":"Euskal Herriko Laborantza Ganbararen 11 urteen ospakizunari buruz, eta 11 urte hauetan egin duten lanari buruz hitz egin dugu gaurkoan, Iker Elosegirekin. Ondoren, IKTen bidezko memoria proiektua ezagutu dugu, Edurne Almirantiarenarekin. Amaitzeko, Quark zientzia tartea zabaldu dugu, eta Aralar irratia bisitatu. Izenburua: Urtarrilaren 19ko saioa Iraupena: 2:30 ordu Klikatu hemen\u2026","rel":"","context":"In &quot;Egun on, Au\u00f1amendi!&quot;","block_context":{"text":"Egun on, Au\u00f1amendi!","link":"https:\/\/iratiirratia.eus\/index.php\/category\/egunon-aunamendi\/"},"img":{"alt_text":"","src":"","width":0,"height":0},"classes":[]}],"_links":{"self":[{"href":"https:\/\/iratiirratia.eus\/index.php\/wp-json\/wp\/v2\/posts\/14229"}],"collection":[{"href":"https:\/\/iratiirratia.eus\/index.php\/wp-json\/wp\/v2\/posts"}],"about":[{"href":"https:\/\/iratiirratia.eus\/index.php\/wp-json\/wp\/v2\/types\/post"}],"author":[{"embeddable":true,"href":"https:\/\/iratiirratia.eus\/index.php\/wp-json\/wp\/v2\/users\/1"}],"replies":[{"embeddable":true,"href":"https:\/\/iratiirratia.eus\/index.php\/wp-json\/wp\/v2\/comments?post=14229"}],"version-history":[{"count":1,"href":"https:\/\/iratiirratia.eus\/index.php\/wp-json\/wp\/v2\/posts\/14229\/revisions"}],"predecessor-version":[{"id":14230,"href":"https:\/\/iratiirratia.eus\/index.php\/wp-json\/wp\/v2\/posts\/14229\/revisions\/14230"}],"wp:featuredmedia":[{"embeddable":true,"href":"https:\/\/iratiirratia.eus\/index.php\/wp-json\/wp\/v2\/media\/14228"}],"wp:attachment":[{"href":"https:\/\/iratiirratia.eus\/index.php\/wp-json\/wp\/v2\/media?parent=14229"}],"wp:term":[{"taxonomy":"category","embeddable":true,"href":"https:\/\/iratiirratia.eus\/index.php\/wp-json\/wp\/v2\/categories?post=14229"},{"taxonomy":"post_tag","embeddable":true,"href":"https:\/\/iratiirratia.eus\/index.php\/wp-json\/wp\/v2\/tags?post=14229"}],"curies":[{"name":"wp","href":"https:\/\/api.w.org\/{rel}","templated":true}]}}