{"id":14278,"date":"2019-11-18T13:12:13","date_gmt":"2019-11-18T12:12:13","guid":{"rendered":"http:\/\/iratiirratia.eus\/?p=14278"},"modified":"2019-11-18T13:12:20","modified_gmt":"2019-11-18T12:12:20","slug":"jabi-asurmendi-udalbiltzako-lehendakari-berriarekin-solasean","status":"publish","type":"post","link":"https:\/\/iratiirratia.eus\/index.php\/2019\/11\/18\/jabi-asurmendi-udalbiltzako-lehendakari-berriarekin-solasean\/","title":{"rendered":"Jabi Asurmendi Udalbiltzako lehendakari berriarekin solasean"},"content":{"rendered":"\n<p>Asteburuan Durangon ospatu du Udalbiltzak bere sorreraren 20. urteurrena. Euskal Herri osoko hautetsiak biltzen dituen erakundeko lehendakari hautatu dute Jabi Asurmendi, eta gaur Irati irratian aritu da hizketan dituzten erronka eta helburuei buruz. <br><\/p>\n\n\n<blockquote class=\"twitter-tweet\">\n<p lang=\"eu\" dir=\"ltr\">&#x2764;&#xfe0f; Bihotzez mila esker hogei urteotan, Udalbiltzari arnasa eman diozuen kide eta kide ohi guztiei. <\/p>\n<p>&#x1f4aa; Zuen lan eta konpromezuari esker gaude hemen <a href=\"https:\/\/twitter.com\/hashtag\/Udalbiltzak20?src=hash&amp;ref_src=twsrc%5Etfw\">#Udalbiltzak20<\/a> <a href=\"https:\/\/t.co\/KXiPsSK73Y\">pic.twitter.com\/KXiPsSK73Y<\/a><\/p>\n<p>&mdash; #Udalbiltzak20 (@Udalbiltza) <a href=\"https:\/\/twitter.com\/Udalbiltza\/status\/1195711967765377024?ref_src=twsrc%5Etfw\">November 16, 2019<\/a><\/p><\/blockquote>\n<p> <script async src=\"https:\/\/platform.twitter.com\/widgets.js\" charset=\"utf-8\"><\/script> <\/p>\n\n\n\n<p><a href=\"http:\/\/www.iratiirratia.eus\/audio\/19-11-18udalbiltza.mp3\">Jabi Asurmendi UDALBILTZA Irati irratian<\/a><\/p>\n\n\n<p class=\"audioplayer_container\"><span style=\"display:block;padding:5px;border:1px solid #dddddd;background:#f8f8f8\" id=\"audioplayer_1\">Audio clip: Adobe Flash Player (version 9 or above) is required to play this audio clip. Download the latest version <a href=\"http:\/\/www.adobe.com\/shockwave\/download\/download.cgi?P1_Prod_Version=ShockwaveFlash&amp;promoid=BIOW\" title=\"Download Adobe Flash Player\">here<\/a>. You also need to have JavaScript enabled in your browser.<\/span><\/p>\n","protected":false},"excerpt":{"rendered":"<p>Asteburuan Durangon ospatu du Udalbiltzak bere sorreraren 20. urteurrena. Euskal Herri osoko hautetsiak biltzen dituen erakundeko lehendakari hautatu dute Jabi Asurmendi, eta gaur Irati irratian aritu da hizketan dituzten erronka eta helburuei buruz. Jabi Asurmendi UDALBILTZA Irati irratian<\/p>\n","protected":false},"author":1,"featured_media":14279,"comment_status":"open","ping_status":"open","sticky":false,"template":"","format":"standard","meta":{"jetpack_post_was_ever_published":false,"_jetpack_newsletter_access":"","_jetpack_newsletter_tier_id":0,"jetpack_publicize_message":"Jabi Asurmendi Udalbiltzako lehendakari berriarekin solasean Irati irratian. \n@udalbiltza ","jetpack_is_tweetstorm":false,"jetpack_publicize_feature_enabled":true,"jetpack_social_post_already_shared":true,"jetpack_social_options":{"image_generator_settings":{"template":"highway","enabled":false}}},"categories":[2,6],"tags":[495,494,491,493,492,490],"jetpack_publicize_connections":[],"jetpack_featured_media_url":"https:\/\/i0.wp.com\/iratiirratia.eus\/wp-content\/uploads\/2019\/11\/udalbiltza.jpg?fit=700%2C467&ssl=1","jetpack_shortlink":"https:\/\/wp.me\/p7eaXY-3Ii","jetpack_sharing_enabled":true,"jetpack-related-posts":[{"id":14490,"url":"https:\/\/iratiirratia.eus\/index.php\/2020\/02\/06\/hauspotu-behar-berezi-duten-eremuei-laguntzeko-dinamika\/","url_meta":{"origin":14278,"position":0},"title":"Hauspotu, behar berezi duten eremuei laguntzeko dinamika","author":"Irati Irratia","date":"6 otsaila, 2020","format":false,"excerpt":"Aurreko asteetan helarazi zuten Udalbiltzako lagunak bere egitasmo baten berri. Hauspotu du izenburutzat egitasmo berri hau eta Euskal Herrian dagoen lurralde garapen desoreka erantzun nahi dio. Horretaz elekatzeko Jabi Asurmendi Udalbiltzako lehendakaria izan dugu eta berarekin batera izan gara egitasmo hau arakatzen eta azaltzen. Laguntza ekonomikoa zein teknikoa eskaintzen dute\u2026","rel":"","context":"In &quot;Berriak&quot;","block_context":{"text":"Berriak","link":"https:\/\/iratiirratia.eus\/index.php\/category\/berriak\/"},"img":{"alt_text":"","src":"https:\/\/i0.wp.com\/iratiirratia.eus\/wp-content\/uploads\/2019\/11\/udalbiltza.jpg?fit=700%2C467&ssl=1&resize=350%2C200","width":350,"height":200,"srcset":"https:\/\/i0.wp.com\/iratiirratia.eus\/wp-content\/uploads\/2019\/11\/udalbiltza.jpg?fit=700%2C467&ssl=1&resize=350%2C200 1x, https:\/\/i0.wp.com\/iratiirratia.eus\/wp-content\/uploads\/2019\/11\/udalbiltza.jpg?fit=700%2C467&ssl=1&resize=525%2C300 1.5x, https:\/\/i0.wp.com\/iratiirratia.eus\/wp-content\/uploads\/2019\/11\/udalbiltza.jpg?fit=700%2C467&ssl=1&resize=700%2C400 2x"},"classes":[]},{"id":4592,"url":"https:\/\/iratiirratia.eus\/index.php\/2014\/02\/18\/udalbiltzako-proiektuak-proyectos-de-udalbiltza\/","url_meta":{"origin":14278,"position":1},"title":"Udalbiltzako proiektuak &#8211; Proyectos de Udalbiltza","author":"Irati Irratia","date":"18 otsaila, 2014","format":false,"excerpt":"Izenburua: Udalbiltzako proiektuak - Proyectos de Udalbiltza Iraupena: 0:40 ordu Klikatu hemen saioa jaisteko [audio:http:\/\/iratiirratia.net\/audio\/2udabiltza_proiektuak.mp3|titles=Egun on, Au\u00f1amendi! 14-02-03]","rel":"","context":"In &quot;Egun on, Au\u00f1amendi!&quot;","block_context":{"text":"Egun on, Au\u00f1amendi!","link":"https:\/\/iratiirratia.eus\/index.php\/category\/egunon-aunamendi\/"},"img":{"alt_text":"","src":"","width":0,"height":0},"classes":[]},{"id":4502,"url":"https:\/\/iratiirratia.eus\/index.php\/2014\/01\/27\/udalbiltza-pirinioan-lan-eta-bizi\/","url_meta":{"origin":14278,"position":2},"title":"Udalbiltza: Pirinioan lan eta bizi","author":"Irati Irratia","date":"27 urtarrila, 2014","format":false,"excerpt":"Izenburua: Udalbiltza: Pirinioan lan eta bizi Iraupena: 0:20 ordu Klikatu hemen saioa jaisteko [audio:http:\/\/iratiirratia.net\/audio\/1udalbiltza_pirinioa.mp3|titles=Egun on, Au\u00f1amendi! 14-01-27]","rel":"","context":"In &quot;Egun on, Au\u00f1amendi!&quot;","block_context":{"text":"Egun on, Au\u00f1amendi!","link":"https:\/\/iratiirratia.eus\/index.php\/category\/egunon-aunamendi\/"},"img":{"alt_text":"","src":"","width":0,"height":0},"classes":[]},{"id":14283,"url":"https:\/\/iratiirratia.eus\/index.php\/2019\/11\/18\/egunon-aunamendi-irunerria-eta-baztan-bidasoako-berriak-eta-herrietako-hauteskundeen-emaitzak\/","url_meta":{"origin":14278,"position":3},"title":"Egunon Au\u00f1amendi! Iru\u00f1erria eta Baztan-Bidasoako berriak eta herrietako hauteskundeen emaitzak","author":"Irati Irratia","date":"18 azaroa, 2019","format":false,"excerpt":"Astelehena. Kirol emaitzak. Ezkurdia 4 1\/2ko txapeldun. Iker Vicentek Nafarroako aizkolari txapelketa irabazi du bosgarrenez. Aria, Aribe, Garralda eta Orbaizetan hauteskundeak. Erronkarin beste horrenbertze. Euskalerria irratiko Mikel Bujandak aktualitatea ekarri digu, eta Xorroxin irratitik Doneztebeko ferieatik eskualdez eskualde aritu gara.Udalbiltzako lehendakari hautatu berri Jabi Asurmendirekin ere aritu gara irratsaioan. Izenburua:\u2026","rel":"","context":"In &quot;Egun on, Au\u00f1amendi!&quot;","block_context":{"text":"Egun on, Au\u00f1amendi!","link":"https:\/\/iratiirratia.eus\/index.php\/category\/egunon-aunamendi\/"},"img":{"alt_text":"","src":"","width":0,"height":0},"classes":[]},{"id":6365,"url":"https:\/\/iratiirratia.eus\/index.php\/2015\/07\/24\/irati-lau-ibarrak\/","url_meta":{"origin":14278,"position":4},"title":"IRATI Lau ibarrak","author":"Irati Irratia","date":"24 uztaila, 2015","format":false,"excerpt":"Aezkoako Ibarraren Batzar Nagusiak, Zaraitzuko Ibarraren Batzar Nagusiak, Garaziko Mendi Sindikatak eta Xuberoako Mendi Sindikatak mugaz gaindiko elkarlanean urrats berria eman dute Iratiko Oihanaren kudeaketan \u201cIrati, lau ibarrak\u201d ekimena dinamizatuz. Astelehen honetan, lau erakundeek osatutako batzorde dinamizatzailea batzartu da Donibane Garazin. Administrazio hauetako eta Cederna Garalur-eko teknikarien laguntzaz, POCTEFAren datorren\u2026","rel":"","context":"In &quot;Berriak&quot;","block_context":{"text":"Berriak","link":"https:\/\/iratiirratia.eus\/index.php\/category\/berriak\/"},"img":{"alt_text":"","src":"https:\/\/i0.wp.com\/iratiirratia.eus\/wp-content\/uploads\/2015\/07\/FOTOA-Irati-4-ibar.jpg?fit=1200%2C668&ssl=1&resize=350%2C200","width":350,"height":200,"srcset":"https:\/\/i0.wp.com\/iratiirratia.eus\/wp-content\/uploads\/2015\/07\/FOTOA-Irati-4-ibar.jpg?fit=1200%2C668&ssl=1&resize=350%2C200 1x, https:\/\/i0.wp.com\/iratiirratia.eus\/wp-content\/uploads\/2015\/07\/FOTOA-Irati-4-ibar.jpg?fit=1200%2C668&ssl=1&resize=525%2C300 1.5x, https:\/\/i0.wp.com\/iratiirratia.eus\/wp-content\/uploads\/2015\/07\/FOTOA-Irati-4-ibar.jpg?fit=1200%2C668&ssl=1&resize=700%2C400 2x, https:\/\/i0.wp.com\/iratiirratia.eus\/wp-content\/uploads\/2015\/07\/FOTOA-Irati-4-ibar.jpg?fit=1200%2C668&ssl=1&resize=1050%2C600 3x"},"classes":[]},{"id":11324,"url":"https:\/\/iratiirratia.eus\/index.php\/2017\/10\/05\/egun-on-aunamendi-949\/","url_meta":{"origin":14278,"position":5},"title":"Egun on, Au\u00f1amendi!","author":"Irati Irratia","date":"5 urria, 2017","format":false,"excerpt":"Gaurkoan bi astetan behin dugun kolaborazioa izan dugu, non Xanti Begiristainek Manex mutiko bihurriaren historiaren 6. atala kontatu digu. Bestetik Oier Go\u00f1i ere eduki dugu Agoizko II.Mendi-lasterketaren inguruan elekatzen. Bukatzeko Info 7n Udalbiltzako lehendakaria den Luis Intxausperi eginiko elkarrizketa ekarri dugu Katalunian bizitakoaren inguruan. Eta, nola ez, berriak, inguruko abisuak\u2026","rel":"","context":"In &quot;Egun on, Au\u00f1amendi!&quot;","block_context":{"text":"Egun on, Au\u00f1amendi!","link":"https:\/\/iratiirratia.eus\/index.php\/category\/egunon-aunamendi\/"},"img":{"alt_text":"","src":"","width":0,"height":0},"classes":[]}],"_links":{"self":[{"href":"https:\/\/iratiirratia.eus\/index.php\/wp-json\/wp\/v2\/posts\/14278"}],"collection":[{"href":"https:\/\/iratiirratia.eus\/index.php\/wp-json\/wp\/v2\/posts"}],"about":[{"href":"https:\/\/iratiirratia.eus\/index.php\/wp-json\/wp\/v2\/types\/post"}],"author":[{"embeddable":true,"href":"https:\/\/iratiirratia.eus\/index.php\/wp-json\/wp\/v2\/users\/1"}],"replies":[{"embeddable":true,"href":"https:\/\/iratiirratia.eus\/index.php\/wp-json\/wp\/v2\/comments?post=14278"}],"version-history":[{"count":2,"href":"https:\/\/iratiirratia.eus\/index.php\/wp-json\/wp\/v2\/posts\/14278\/revisions"}],"predecessor-version":[{"id":14281,"href":"https:\/\/iratiirratia.eus\/index.php\/wp-json\/wp\/v2\/posts\/14278\/revisions\/14281"}],"wp:featuredmedia":[{"embeddable":true,"href":"https:\/\/iratiirratia.eus\/index.php\/wp-json\/wp\/v2\/media\/14279"}],"wp:attachment":[{"href":"https:\/\/iratiirratia.eus\/index.php\/wp-json\/wp\/v2\/media?parent=14278"}],"wp:term":[{"taxonomy":"category","embeddable":true,"href":"https:\/\/iratiirratia.eus\/index.php\/wp-json\/wp\/v2\/categories?post=14278"},{"taxonomy":"post_tag","embeddable":true,"href":"https:\/\/iratiirratia.eus\/index.php\/wp-json\/wp\/v2\/tags?post=14278"}],"curies":[{"name":"wp","href":"https:\/\/api.w.org\/{rel}","templated":true}]}}