{"id":14371,"date":"2019-12-09T14:22:19","date_gmt":"2019-12-09T13:22:19","guid":{"rendered":"http:\/\/iratiirratia.eus\/?p=14371"},"modified":"2019-12-10T14:23:25","modified_gmt":"2019-12-10T13:23:25","slug":"egunon-aunamendi-abaurregaina-eta-durangon-azoka-eta-giro-ona","status":"publish","type":"post","link":"https:\/\/iratiirratia.eus\/index.php\/2019\/12\/09\/egunon-aunamendi-abaurregaina-eta-durangon-azoka-eta-giro-ona\/","title":{"rendered":"Egunon Au\u00f1amendi! Abaurregaina eta Durangon, azoka eta giro ona"},"content":{"rendered":"\n<p>Pirinioan lan eta bizi ekimenak azoka antolatu zuen igandean Abaurregainan, udala eta Goierri elkartearekin batera. Eneko Villegas antolakuntzan aritu da eta oso balorazio ona egin zigun igandean Euskal Herriko herririk garaienean bizitakoaz. <br>Bertakoa du aita Asun Zelai Beunzak ere, Orbaizetakoa ama. Eta Durangoko liburu eta disko azokan aritu zen lanean, Pamiela argitaletxearen stand-ean. Balorazio polita egin digu lau egunetan Durangon bizitakoaz. <br><br><a href=\"http:\/\/www.iratiirratia.eus\/audio\/19-12-09.mp3\">Abaurregaina eta Durangoko azokak Irati irratian<\/a>.<\/p>\n\n\n<p class=\"audioplayer_container\"><span style=\"display:block;padding:5px;border:1px solid #dddddd;background:#f8f8f8\" id=\"audioplayer_1\">Audio clip: Adobe Flash Player (version 9 or above) is required to play this audio clip. Download the latest version <a href=\"http:\/\/www.adobe.com\/shockwave\/download\/download.cgi?P1_Prod_Version=ShockwaveFlash&amp;promoid=BIOW\" title=\"Download Adobe Flash Player\">here<\/a>. You also need to have JavaScript enabled in your browser.<\/span><\/p>\n\n\n\n<p> <\/p>\n","protected":false},"excerpt":{"rendered":"<p>Pirinioan lan eta bizi ekimenak azoka antolatu zuen igandean Abaurregainan, udala eta Goierri elkartearekin batera. Eneko Villegas antolakuntzan aritu da eta oso balorazio ona egin zigun igandean Euskal Herriko herririk garaienean bizitakoaz. Bertakoa du aita Asun Zelai Beunzak ere, Orbaizetakoa ama. Eta Durangoko liburu eta disko azokan aritu zen lanean, Pamiela argitaletxearen stand-ean. Balorazio polita [&hellip;]<\/p>\n","protected":false},"author":1,"featured_media":14372,"comment_status":"open","ping_status":"open","sticky":false,"template":"","format":"standard","meta":{"jetpack_post_was_ever_published":false,"_jetpack_newsletter_access":"","_jetpack_newsletter_tier_id":0,"jetpack_publicize_message":"Egunon Au\u00f1amendi! Abaurregaina eta Durangon, azoka eta giro ona nagusi. ","jetpack_is_tweetstorm":false,"jetpack_publicize_feature_enabled":true,"jetpack_social_post_already_shared":true,"jetpack_social_options":{"image_generator_settings":{"template":"highway","enabled":false}}},"categories":[117,4],"tags":[89,563,137],"jetpack_publicize_connections":[],"jetpack_featured_media_url":"https:\/\/i0.wp.com\/iratiirratia.eus\/wp-content\/uploads\/2019\/12\/abaurregainazoka2.jpg?fit=2048%2C1365&ssl=1","jetpack_shortlink":"https:\/\/wp.me\/p7eaXY-3JN","jetpack_sharing_enabled":true,"jetpack-related-posts":[{"id":5573,"url":"https:\/\/iratiirratia.eus\/index.php\/2014\/12\/01\/durangoko-azoka-ate-joka\/","url_meta":{"origin":14371,"position":0},"title":"Durangoko azoka, ate-joka","author":"Irati Irratia","date":"1 abendua, 2014","format":false,"excerpt":"Izenburua: Durangoko azoka, ate-joka Iraupena: 0:20 MIN Klikatu hemen saioa jaisteko [audio:http:\/\/iratiirratia.net\/audio\/DURANGO.mp3|titles=Egun on, Au\u00f1amendi! 14-12-01]","rel":"","context":"In &quot;Egun on, Au\u00f1amendi!&quot;","block_context":{"text":"Egun on, Au\u00f1amendi!","link":"https:\/\/iratiirratia.eus\/index.php\/category\/egunon-aunamendi\/"},"img":{"alt_text":"","src":"","width":0,"height":0},"classes":[]},{"id":9658,"url":"https:\/\/iratiirratia.eus\/index.php\/2016\/11\/30\/durangoko-azoka-kultur-erakusleiho\/","url_meta":{"origin":14371,"position":1},"title":"Durangoko azoka, kultur erakusleiho","author":"Irati Irratia","date":"30 azaroa, 2016","format":false,"excerpt":"Gaur,Durango aldera jo dugu Maialen Odriozola -rekin Durangoko azokaren inguruan hitzegitera.Maialenek ederki asko azaldu digun nondik sortu , nora doan eta zer topatu dezakegun azokan. [audio:http:\/\/iratiirratia.eus\/audio\/azokadurango.mp3|titles= Durango Azoka] Klikatu hemen elkarrizketa jaisteko","rel":"","context":"In &quot;Berriak&quot;","block_context":{"text":"Berriak","link":"https:\/\/iratiirratia.eus\/index.php\/category\/berriak\/"},"img":{"alt_text":"","src":"https:\/\/i0.wp.com\/iratiirratia.eus\/wp-content\/uploads\/2016\/11\/azoka.jpg?fit=647%2C338&ssl=1&resize=350%2C200","width":350,"height":200,"srcset":"https:\/\/i0.wp.com\/iratiirratia.eus\/wp-content\/uploads\/2016\/11\/azoka.jpg?fit=647%2C338&ssl=1&resize=350%2C200 1x, https:\/\/i0.wp.com\/iratiirratia.eus\/wp-content\/uploads\/2016\/11\/azoka.jpg?fit=647%2C338&ssl=1&resize=525%2C300 1.5x"},"classes":[]},{"id":14367,"url":"https:\/\/iratiirratia.eus\/index.php\/2019\/12\/04\/egunon-aunamendi-pirinioan-lan-eta-bizi-azoka-abaurregainan-eta-nori-komikia\/","url_meta":{"origin":14371,"position":2},"title":"Egunon Au\u00f1amendi! Pirinioan lan eta bizi azoka Abaurregainan eta Nori komikia","author":"Irati Irratia","date":"4 abendua, 2019","format":false,"excerpt":"Euskararen egunaren biharamunean ere jarraitzen dugu Pirinioan. Eta igandeko azokari buruz mintzatu da Irati irratian Ainara Ekisoain Pirinioan bizi eta lan ekimeneko kidea. Bertsolari aldizkariak NORI komikia plazaratu du, euskara batua patentatu eta saltzeko asmoa agertzen den Xabi Paya eta Patxi Gallegok ondutako lanean. Izenburua: Abenduaren 4ko saioa Iraupena: 2:45\u2026","rel":"","context":"In &quot;Sin categor\u00eda&quot;","block_context":{"text":"Sin categor\u00eda","link":"https:\/\/iratiirratia.eus\/index.php\/category\/sin-categoria\/"},"img":{"alt_text":"","src":"https:\/\/i0.wp.com\/iratiirratia.eus\/wp-content\/uploads\/2019\/12\/abaurregainazoka.jpg?fit=678%2C960&ssl=1&resize=350%2C200","width":350,"height":200,"srcset":"https:\/\/i0.wp.com\/iratiirratia.eus\/wp-content\/uploads\/2019\/12\/abaurregainazoka.jpg?fit=678%2C960&ssl=1&resize=350%2C200 1x, https:\/\/i0.wp.com\/iratiirratia.eus\/wp-content\/uploads\/2019\/12\/abaurregainazoka.jpg?fit=678%2C960&ssl=1&resize=525%2C300 1.5x"},"classes":[]},{"id":7494,"url":"https:\/\/iratiirratia.eus\/index.php\/2015\/12\/01\/pirinoan-lan-eta-bizi-larunbat-eta-igandean\/","url_meta":{"origin":14371,"position":3},"title":"Pirinoan lan eta bizi, larunbat eta igandean","author":"Irati Irratia","date":"1 abendua, 2015","format":false,"excerpt":"Pirinioan Lan eta Bizi azoka eta mahai-ingurua izanen dira aurten. Iazko lanari jarraiki azoka antolatu du berriz ere herri ekimenak, Aurizberrin. Berrikuntza gisa mahai ingurua, eskualdeko zortzi eragileen esperientziak ezagutu eta hausnartzeko. Joseba Martinez antolatzaileetako bat izan dugu Irati irratian, hitzorduetara joateko dei egin die herritarrei. Eta esan duenez, Nafarroako\u2026","rel":"","context":"In &quot;Elkarrizketak&quot;","block_context":{"text":"Elkarrizketak","link":"https:\/\/iratiirratia.eus\/index.php\/category\/elkarrizketak\/"},"img":{"alt_text":"","src":"https:\/\/i0.wp.com\/iratiirratia.eus\/wp-content\/uploads\/2015\/12\/pirinioak-kartela2015-01-e1448975293343.jpg?fit=1200%2C318&ssl=1&resize=350%2C200","width":350,"height":200,"srcset":"https:\/\/i0.wp.com\/iratiirratia.eus\/wp-content\/uploads\/2015\/12\/pirinioak-kartela2015-01-e1448975293343.jpg?fit=1200%2C318&ssl=1&resize=350%2C200 1x, https:\/\/i0.wp.com\/iratiirratia.eus\/wp-content\/uploads\/2015\/12\/pirinioak-kartela2015-01-e1448975293343.jpg?fit=1200%2C318&ssl=1&resize=525%2C300 1.5x, https:\/\/i0.wp.com\/iratiirratia.eus\/wp-content\/uploads\/2015\/12\/pirinioak-kartela2015-01-e1448975293343.jpg?fit=1200%2C318&ssl=1&resize=700%2C400 2x, https:\/\/i0.wp.com\/iratiirratia.eus\/wp-content\/uploads\/2015\/12\/pirinioak-kartela2015-01-e1448975293343.jpg?fit=1200%2C318&ssl=1&resize=1050%2C600 3x"},"classes":[]},{"id":10366,"url":"https:\/\/iratiirratia.eus\/index.php\/2017\/04\/11\/pirinioa-mugimenduan-aurtengo-azokan\/","url_meta":{"origin":14371,"position":4},"title":"Pirinioa mugimenduan aurtengo azokan","author":"Irati Irratia","date":"11 apirila, 2017","format":false,"excerpt":"Leire Remiro-ekin hizketan egon gara, Pirinioan Lan eta Biziko kidearekin, ostiralean merkatua antolatu bait dute Orotz Betelun. Merkatua ez ezik ostegunean ere etxebizitzaren inguruko mahaingurua antolatu dute. Bisita probestu dugu ere Pirinio 5min kanpaina baloratzeko eta parlamentariekin eginiko lan saioaz ere aritu gara. Hona hemen egitaraua: Klikatu hemen elkarrizketa jaisteko\u2026","rel":"","context":"In &quot;Berriak&quot;","block_context":{"text":"Berriak","link":"https:\/\/iratiirratia.eus\/index.php\/category\/berriak\/"},"img":{"alt_text":"","src":"https:\/\/i0.wp.com\/iratiirratia.eus\/wp-content\/uploads\/2015\/12\/pirinioak-kartela2015-01-e1448975293343.jpg?fit=1200%2C318&ssl=1&resize=350%2C200","width":350,"height":200,"srcset":"https:\/\/i0.wp.com\/iratiirratia.eus\/wp-content\/uploads\/2015\/12\/pirinioak-kartela2015-01-e1448975293343.jpg?fit=1200%2C318&ssl=1&resize=350%2C200 1x, https:\/\/i0.wp.com\/iratiirratia.eus\/wp-content\/uploads\/2015\/12\/pirinioak-kartela2015-01-e1448975293343.jpg?fit=1200%2C318&ssl=1&resize=525%2C300 1.5x, https:\/\/i0.wp.com\/iratiirratia.eus\/wp-content\/uploads\/2015\/12\/pirinioak-kartela2015-01-e1448975293343.jpg?fit=1200%2C318&ssl=1&resize=700%2C400 2x, https:\/\/i0.wp.com\/iratiirratia.eus\/wp-content\/uploads\/2015\/12\/pirinioak-kartela2015-01-e1448975293343.jpg?fit=1200%2C318&ssl=1&resize=1050%2C600 3x"},"classes":[]},{"id":9656,"url":"https:\/\/iratiirratia.eus\/index.php\/2016\/11\/30\/egun-on-aunamendi-756\/","url_meta":{"origin":14371,"position":5},"title":"Egun on, Au\u00f1amendi!","author":"Irati Irratia","date":"30 azaroa, 2016","format":false,"excerpt":"Gaurkoan Irulegi irratiko berriak jaso ditugu lehenik. Ondore Maialen Odriozola Durangoko Azokako komunikazio taldeko kidearekin solastu gara azokaren inguruko gaietaz. Amaitzeko, Karrape irratira joan gara. Eta, nola ez, berriak, inguruko abisuak eta agenda errepasatu ditugu. Entzun! Izenburua: Azaroaren 30eko saioa Iraupena: 2:30 ordu Klikatu hemen saioa jaisteko [audio:http:\/\/iratiirratia.eus\/audio\/16-11-30.mp3|titles=Egun on, Au\u00f1amendi!\u2026","rel":"","context":"In &quot;Berriak&quot;","block_context":{"text":"Berriak","link":"https:\/\/iratiirratia.eus\/index.php\/category\/berriak\/"},"img":{"alt_text":"","src":"","width":0,"height":0},"classes":[]}],"_links":{"self":[{"href":"https:\/\/iratiirratia.eus\/index.php\/wp-json\/wp\/v2\/posts\/14371"}],"collection":[{"href":"https:\/\/iratiirratia.eus\/index.php\/wp-json\/wp\/v2\/posts"}],"about":[{"href":"https:\/\/iratiirratia.eus\/index.php\/wp-json\/wp\/v2\/types\/post"}],"author":[{"embeddable":true,"href":"https:\/\/iratiirratia.eus\/index.php\/wp-json\/wp\/v2\/users\/1"}],"replies":[{"embeddable":true,"href":"https:\/\/iratiirratia.eus\/index.php\/wp-json\/wp\/v2\/comments?post=14371"}],"version-history":[{"count":1,"href":"https:\/\/iratiirratia.eus\/index.php\/wp-json\/wp\/v2\/posts\/14371\/revisions"}],"predecessor-version":[{"id":14373,"href":"https:\/\/iratiirratia.eus\/index.php\/wp-json\/wp\/v2\/posts\/14371\/revisions\/14373"}],"wp:featuredmedia":[{"embeddable":true,"href":"https:\/\/iratiirratia.eus\/index.php\/wp-json\/wp\/v2\/media\/14372"}],"wp:attachment":[{"href":"https:\/\/iratiirratia.eus\/index.php\/wp-json\/wp\/v2\/media?parent=14371"}],"wp:term":[{"taxonomy":"category","embeddable":true,"href":"https:\/\/iratiirratia.eus\/index.php\/wp-json\/wp\/v2\/categories?post=14371"},{"taxonomy":"post_tag","embeddable":true,"href":"https:\/\/iratiirratia.eus\/index.php\/wp-json\/wp\/v2\/tags?post=14371"}],"curies":[{"name":"wp","href":"https:\/\/api.w.org\/{rel}","templated":true}]}}