{"id":14700,"date":"2020-03-30T14:37:07","date_gmt":"2020-03-30T12:37:07","guid":{"rendered":"http:\/\/iratiirratia.eus\/?p=14700"},"modified":"2020-03-30T14:37:13","modified_gmt":"2020-03-30T12:37:13","slug":"pirinioko-soinu-banda-8-atala-carlos-arcelus-eta-errotaberriko-istorioak","status":"publish","type":"post","link":"https:\/\/iratiirratia.eus\/index.php\/2020\/03\/30\/pirinioko-soinu-banda-8-atala-carlos-arcelus-eta-errotaberriko-istorioak\/","title":{"rendered":"Pirinioko Soinu Banda, 8. atala: Carlos Arcelus eta Errotaberriko istorioak"},"content":{"rendered":"<p><br>\n<!--StartFragment--><\/p>\n\n\n<p>Gaurko honetan Garraldatik datorkigu kolaborazioa. Gaur <strong>Carlos Arcelus<\/strong> izan dugu musika eskatzen eta eskari horrekin Errotaberri tabernako gauak ekarri dizkigu gogora. Zenbat oroitzapen eta zenbat truko ligatzeko! Gora bihotzak! <\/p>\n\n\n\n<p>Abestiak: <\/p>\n\n\n\n<p><\/p>\n\n\n\n<p>1-Marea. El perro verde<br>2- Prezioso feat Marvin. Voglio vederti danzare.<br>3-Celtas cortos. La senda del tiempo<br>4-Amparanoia. Que te den<br>5-La Polla. Gol en el campo<br>6-Eskorbuto. Historia triste<br>7-ACDC. Thunderstuck<br>8- Kate Ryan. Desenchantee<br>9- Los Zopilotes Txirriaos. No te puedo olvidar<br>10- En Tol Sarmiento. Heldu da garaia<\/p>\n\n\n\n<p>  <\/p>\n\n\n\n<p><\/p>\n\n\n\n<p><a href=\"http:\/\/www.iratiirratia.eus\/audio\/20-03-30CarlosArcelusZerrenda.mp3\">Carlos Arcelusen zerrenda Irati irratian<\/a><\/p>\n\n\n<p class=\"audioplayer_container\"><span style=\"display:block;padding:5px;border:1px solid #dddddd;background:#f8f8f8\" id=\"audioplayer_1\">Audio clip: Adobe Flash Player (version 9 or above) is required to play this audio clip. Download the latest version <a href=\"http:\/\/www.adobe.com\/shockwave\/download\/download.cgi?P1_Prod_Version=ShockwaveFlash&amp;promoid=BIOW\" title=\"Download Adobe Flash Player\">here<\/a>. You also need to have JavaScript enabled in your browser.<\/span><\/p>\n\n\n<p><!--EndFragment--><br>\n<br>\n<\/p>","protected":false},"excerpt":{"rendered":"<p>Gaurko honetan Garraldatik datorkigu kolaborazioa. Gaur Carlos Arcelus izan dugu musika eskatzen eta eskari horrekin Errotaberri tabernako gauak ekarri dizkigu gogora. Zenbat oroitzapen eta zenbat truko ligatzeko! Gora bihotzak! Abestiak: 1-Marea. El perro verde2- Prezioso feat Marvin. Voglio vederti danzare.3-Celtas cortos. La senda del tiempo4-Amparanoia. Que te den5-La Polla. Gol en el campo6-Eskorbuto. Historia triste7-ACDC. [&hellip;]<\/p>\n","protected":false},"author":1,"featured_media":14701,"comment_status":"open","ping_status":"open","sticky":false,"template":"","format":"standard","meta":{"jetpack_post_was_ever_published":false,"_jetpack_newsletter_access":"","_jetpack_newsletter_tier_id":0,"jetpack_publicize_message":"#PiriniokoSoinuBanda, 8. atala: Carlos Arcelus eta Errotaberriko istorioak","jetpack_is_tweetstorm":false,"jetpack_publicize_feature_enabled":true,"jetpack_social_post_already_shared":true,"jetpack_social_options":{"image_generator_settings":{"template":"highway","enabled":false}}},"categories":[117,2,54],"tags":[772,774,365,191,737],"jetpack_publicize_connections":[],"jetpack_featured_media_url":"https:\/\/i0.wp.com\/iratiirratia.eus\/wp-content\/uploads\/2020\/03\/errotaberri-carlos-e1585571784955.jpg?fit=435%2C244&ssl=1","jetpack_shortlink":"https:\/\/wp.me\/p7eaXY-3P6","jetpack_sharing_enabled":true,"jetpack-related-posts":[{"id":14698,"url":"https:\/\/iratiirratia.eus\/index.php\/2020\/03\/30\/egun-on-aunamendi-aezkoako-eguna-eta-pirinioko-soinu-bandaren-8-atala\/","url_meta":{"origin":14700,"position":0},"title":"Egun on, Au\u00f1amendi! Aezkoako Eguna eta Pirinioko Soinu Bandaren 8. atala","author":"Irati Irratia","date":"30 martxoa, 2020","format":false,"excerpt":"Gaurko saioa Aezkoako Egunaren inguruan elekatzen ibili gara Maite Loperena lagunarekin. Bukatzeko Pirinioko Soinu Bandarekin jarraitu dugu, gaurkoan Garraldako Errotaberriko historia barnebildu digu Carlos Arcelus lagunak. Izenburua: Martxoaren 30eko saioa Iraupena: 2:40 ordu Klikatu hemen saioa jaisteko [audio:http:\/\/iratiirratia.eus\/audio\/20-03-30.mp3]","rel":"","context":"In &quot;Aezkoa&quot;","block_context":{"text":"Aezkoa","link":"https:\/\/iratiirratia.eus\/index.php\/category\/aezkoa\/"},"img":{"alt_text":"","src":"","width":0,"height":0},"classes":[]},{"id":14917,"url":"https:\/\/iratiirratia.eus\/index.php\/2020\/05\/15\/egun-on-aunamendi-asteko-errepasoa-eta-carlos-arcelusen-zerrenda\/","url_meta":{"origin":14700,"position":1},"title":"Egun on, Au\u00f1amendi! Asteko errepasoa eta Carlos Arcelusen zerrenda","author":"Irati Irratia","date":"15 maiatza, 2020","format":false,"excerpt":"Saio honetan astean zehar landutako kontuen errepasoa egin dugu eta hainbat hitzordu bergogoratu. Bukatzeko, esanguratsua eta komentatua izan zen Carlos Arcelusen Pirinioko Soinu Banda ekarri dugu gogora. Izenburua: Maiatzaren 15eko saioa Iraupena: 2:45 ordu Klikatu hemen saioa jaisteko [audio:http:\/\/iratiirratia.eus\/audio\/20-05-15.mp3]","rel":"","context":"In &quot;Egun on, Au\u00f1amendi!&quot;","block_context":{"text":"Egun on, Au\u00f1amendi!","link":"https:\/\/iratiirratia.eus\/index.php\/category\/egunon-aunamendi\/"},"img":{"alt_text":"","src":"","width":0,"height":0},"classes":[]},{"id":14894,"url":"https:\/\/iratiirratia.eus\/index.php\/2020\/05\/12\/pirinioko-soinu-banda-30-atala-bizkarretako-pepon\/","url_meta":{"origin":14700,"position":2},"title":"Pirinioko Soinu Banda, 30.atala: Bizkarretako Pepon","author":"Irati Irratia","date":"12 maiatza, 2020","format":false,"excerpt":"Gaurkoan Errotaberri mende hasierako gauak bergogoratzera joan gara Bizkarretako Peponen laguntzarekin, bera egin baitu gaurko eskari zerrenda. Denetarik topatu dugu bertan eta ederki gozatu dugu ere, ezta? Abestiak: Peret eta Fermin muguruza- Voy, voyBillie Stewart-SummertimeTonino Carotone-Me cago en el amorElefteria Arvenitaki-Dinata,dinataKaridadeko Benta-San quirico Ry Cooder- Borgeois BluesPotato- La clase obreraTracy\u2026","rel":"","context":"In &quot;Berriak&quot;","block_context":{"text":"Berriak","link":"https:\/\/iratiirratia.eus\/index.php\/category\/berriak\/"},"img":{"alt_text":"","src":"https:\/\/i0.wp.com\/iratiirratia.eus\/wp-content\/uploads\/2020\/05\/WhatsApp-Image-2020-05-12-at-10.23.40-e1589285434874.jpeg?fit=1152%2C762&ssl=1&resize=350%2C200","width":350,"height":200,"srcset":"https:\/\/i0.wp.com\/iratiirratia.eus\/wp-content\/uploads\/2020\/05\/WhatsApp-Image-2020-05-12-at-10.23.40-e1589285434874.jpeg?fit=1152%2C762&ssl=1&resize=350%2C200 1x, https:\/\/i0.wp.com\/iratiirratia.eus\/wp-content\/uploads\/2020\/05\/WhatsApp-Image-2020-05-12-at-10.23.40-e1589285434874.jpeg?fit=1152%2C762&ssl=1&resize=525%2C300 1.5x, https:\/\/i0.wp.com\/iratiirratia.eus\/wp-content\/uploads\/2020\/05\/WhatsApp-Image-2020-05-12-at-10.23.40-e1589285434874.jpeg?fit=1152%2C762&ssl=1&resize=700%2C400 2x, https:\/\/i0.wp.com\/iratiirratia.eus\/wp-content\/uploads\/2020\/05\/WhatsApp-Image-2020-05-12-at-10.23.40-e1589285434874.jpeg?fit=1152%2C762&ssl=1&resize=1050%2C600 3x"},"classes":[]},{"id":14756,"url":"https:\/\/iratiirratia.eus\/index.php\/2020\/04\/10\/pirinioko-soinu-banda-17-atala-hiriberriko-h-koak-k-rekin\/","url_meta":{"origin":14700,"position":3},"title":"Pirinioko Soinu Banda, 17. atala: Hiriberriko H-koak k-rekin","author":"Irati Irratia","date":"10 apirila, 2020","format":false,"excerpt":"Saio honetan Aezkoako Hiriberrin izan gara Hiriberriko H-koak k-rekin taldeko lagunekin. Beraiek izan dira kanta eskakizun zerrenda bidali digutenak eta a zer nolako gozamena! Esker mile! Abestiak: Bazoaz. Su Ta Gar El roce de tu cuerpo. Platero y tu zer izan. Huntza Negua joan da ta. Zea Mays Nakbak darrai-Los\u2026","rel":"","context":"In &quot;Aezkoa&quot;","block_context":{"text":"Aezkoa","link":"https:\/\/iratiirratia.eus\/index.php\/category\/aezkoa\/"},"img":{"alt_text":"","src":"https:\/\/i0.wp.com\/iratiirratia.eus\/wp-content\/uploads\/2020\/04\/WhatsApp-Image-2020-04-09-at-23.26.22-e1586521027173.jpeg?fit=1200%2C657&ssl=1&resize=350%2C200","width":350,"height":200,"srcset":"https:\/\/i0.wp.com\/iratiirratia.eus\/wp-content\/uploads\/2020\/04\/WhatsApp-Image-2020-04-09-at-23.26.22-e1586521027173.jpeg?fit=1200%2C657&ssl=1&resize=350%2C200 1x, https:\/\/i0.wp.com\/iratiirratia.eus\/wp-content\/uploads\/2020\/04\/WhatsApp-Image-2020-04-09-at-23.26.22-e1586521027173.jpeg?fit=1200%2C657&ssl=1&resize=525%2C300 1.5x, https:\/\/i0.wp.com\/iratiirratia.eus\/wp-content\/uploads\/2020\/04\/WhatsApp-Image-2020-04-09-at-23.26.22-e1586521027173.jpeg?fit=1200%2C657&ssl=1&resize=700%2C400 2x, https:\/\/i0.wp.com\/iratiirratia.eus\/wp-content\/uploads\/2020\/04\/WhatsApp-Image-2020-04-09-at-23.26.22-e1586521027173.jpeg?fit=1200%2C657&ssl=1&resize=1050%2C600 3x"},"classes":[]},{"id":14790,"url":"https:\/\/iratiirratia.eus\/index.php\/2020\/04\/20\/pirinioko-soinu-banda-23-atala-garaioako-ibarraetxea-taberna\/","url_meta":{"origin":14700,"position":4},"title":"Pirinioko Soinu Banda, 23.atala: Garaioako Ibarraetxea taberna","author":"Irati Irratia","date":"20 apirila, 2020","format":false,"excerpt":"Bagenekien sukalde bikaina duela. Bagenekien enkarguz tarta goxoak egin eta etxera eramaten dituela, baina gaur Ibarraetxea tabernako Maite Maisterra izan dugu musika jartzen, hortan ere maisu dugu. Abestiak: 1.- Xalbadorren heriotzean. Xabier Lete 2.- Chan chan. Buena Vista Social Club 3.- Que bien. Izal 4.- Siete Mares. Los Zopilotes Txirriaos\u2026","rel":"","context":"In &quot;Aezkoa&quot;","block_context":{"text":"Aezkoa","link":"https:\/\/iratiirratia.eus\/index.php\/category\/aezkoa\/"},"img":{"alt_text":"","src":"https:\/\/i0.wp.com\/iratiirratia.eus\/wp-content\/uploads\/2020\/04\/WhatsApp-Image-2020-04-20-at-10.47.54.jpeg?fit=960%2C540&ssl=1&resize=350%2C200","width":350,"height":200,"srcset":"https:\/\/i0.wp.com\/iratiirratia.eus\/wp-content\/uploads\/2020\/04\/WhatsApp-Image-2020-04-20-at-10.47.54.jpeg?fit=960%2C540&ssl=1&resize=350%2C200 1x, https:\/\/i0.wp.com\/iratiirratia.eus\/wp-content\/uploads\/2020\/04\/WhatsApp-Image-2020-04-20-at-10.47.54.jpeg?fit=960%2C540&ssl=1&resize=525%2C300 1.5x, https:\/\/i0.wp.com\/iratiirratia.eus\/wp-content\/uploads\/2020\/04\/WhatsApp-Image-2020-04-20-at-10.47.54.jpeg?fit=960%2C540&ssl=1&resize=700%2C400 2x"},"classes":[]},{"id":3681,"url":"https:\/\/iratiirratia.eus\/index.php\/2013\/02\/14\/korrika-18-aurkezpena\/","url_meta":{"origin":14700,"position":5},"title":"Korrika 18, aurkezpena","author":"Irati Irratia","date":"14 otsaila, 2013","format":false,"excerpt":"Otsailaren 15ean, ostiralarekin, Korrika 18-ren aurkezpnena eginen da Garraldan, Errotaberri tabernan, arratsaldeko 19.00etan. Bertan, besteak beste, moda desfilea, luntxa, irrintziak, karaokea, eta abaer egonen dira. El pr\u00f3ximo 15 de febrero, viernes, se presentar\u00e1 la 18 edici\u00f3n de Korrika. El acto tendr\u00e1 lugar en Garralda, en el bar Errotaberri, a las\u2026","rel":"","context":"In &quot;Oharrak&quot;","block_context":{"text":"Oharrak","link":"https:\/\/iratiirratia.eus\/index.php\/category\/abisuak\/"},"img":{"alt_text":"","src":"","width":0,"height":0},"classes":[]}],"_links":{"self":[{"href":"https:\/\/iratiirratia.eus\/index.php\/wp-json\/wp\/v2\/posts\/14700"}],"collection":[{"href":"https:\/\/iratiirratia.eus\/index.php\/wp-json\/wp\/v2\/posts"}],"about":[{"href":"https:\/\/iratiirratia.eus\/index.php\/wp-json\/wp\/v2\/types\/post"}],"author":[{"embeddable":true,"href":"https:\/\/iratiirratia.eus\/index.php\/wp-json\/wp\/v2\/users\/1"}],"replies":[{"embeddable":true,"href":"https:\/\/iratiirratia.eus\/index.php\/wp-json\/wp\/v2\/comments?post=14700"}],"version-history":[{"count":1,"href":"https:\/\/iratiirratia.eus\/index.php\/wp-json\/wp\/v2\/posts\/14700\/revisions"}],"predecessor-version":[{"id":14702,"href":"https:\/\/iratiirratia.eus\/index.php\/wp-json\/wp\/v2\/posts\/14700\/revisions\/14702"}],"wp:featuredmedia":[{"embeddable":true,"href":"https:\/\/iratiirratia.eus\/index.php\/wp-json\/wp\/v2\/media\/14701"}],"wp:attachment":[{"href":"https:\/\/iratiirratia.eus\/index.php\/wp-json\/wp\/v2\/media?parent=14700"}],"wp:term":[{"taxonomy":"category","embeddable":true,"href":"https:\/\/iratiirratia.eus\/index.php\/wp-json\/wp\/v2\/categories?post=14700"},{"taxonomy":"post_tag","embeddable":true,"href":"https:\/\/iratiirratia.eus\/index.php\/wp-json\/wp\/v2\/tags?post=14700"}],"curies":[{"name":"wp","href":"https:\/\/api.w.org\/{rel}","templated":true}]}}