{"id":15537,"date":"2020-11-13T12:36:57","date_gmt":"2020-11-13T11:36:57","guid":{"rendered":"http:\/\/iratiirratia.eus\/?p=15537"},"modified":"2020-11-13T12:37:04","modified_gmt":"2020-11-13T11:37:04","slug":"mobilizazio-deia-ostalaritza-kinka-larrian-baitago","status":"publish","type":"post","link":"https:\/\/iratiirratia.eus\/index.php\/2020\/11\/13\/mobilizazio-deia-ostalaritza-kinka-larrian-baitago\/","title":{"rendered":"Mobilizazio deia ostalaritza kinka larrian baitago"},"content":{"rendered":"<p>\n<!--StartFragment--><\/p>\n\n\n<p>Osasun krisiak hainbat bazter nahastu ditu. Besteak beste egoera zinez zaila bizitzen ari diren ostalaritzako lagunak izan ditugu gaur gurean, SOStalaritzako kidea den <strong>David Castillo<\/strong>ren ahotsetik. Berak adierazi digu milaka familia direla euren etorkizuna jokoan dutenak eta honezkero Nafar Gobernuari erantzukizuna eskatzen ari zatzaio, negozio eta enpleguak mantendu daitezen. Eskakizun hau ozentzeko <strong>igande honetarako<\/strong> mobilizazioa deitu dute <strong>goizeko 12tan Sarasate pasealeku<\/strong>tik abiatuta.<\/p>\n\n\n\n<p>Kartela:<\/p>\n\n\n\n<figure class=\"wp-block-image size-large\"><img data-attachment-id=\"15538\" data-permalink=\"https:\/\/iratiirratia.eus\/index.php\/2020\/11\/13\/mobilizazio-deia-ostalaritza-kinka-larrian-baitago\/cartel-mani\/\" data-orig-file=\"https:\/\/i0.wp.com\/iratiirratia.eus\/wp-content\/uploads\/2020\/11\/cartel-mani.jpg?fit=1440%2C1014&amp;ssl=1\" data-orig-size=\"1440,1014\" data-comments-opened=\"1\" data-image-meta=\"{&quot;aperture&quot;:&quot;0&quot;,&quot;credit&quot;:&quot;&quot;,&quot;camera&quot;:&quot;&quot;,&quot;caption&quot;:&quot;&quot;,&quot;created_timestamp&quot;:&quot;0&quot;,&quot;copyright&quot;:&quot;&quot;,&quot;focal_length&quot;:&quot;0&quot;,&quot;iso&quot;:&quot;0&quot;,&quot;shutter_speed&quot;:&quot;0&quot;,&quot;title&quot;:&quot;&quot;,&quot;orientation&quot;:&quot;0&quot;}\" data-image-title=\"cartel-mani\" data-image-description=\"\" data-image-caption=\"\" data-medium-file=\"https:\/\/i0.wp.com\/iratiirratia.eus\/wp-content\/uploads\/2020\/11\/cartel-mani.jpg?fit=300%2C211&amp;ssl=1\" data-large-file=\"https:\/\/i0.wp.com\/iratiirratia.eus\/wp-content\/uploads\/2020\/11\/cartel-mani.jpg?fit=640%2C451&amp;ssl=1\" decoding=\"async\" loading=\"lazy\" width=\"640\" height=\"451\" src=\"https:\/\/i0.wp.com\/iratiirratia.eus\/wp-content\/uploads\/2020\/11\/cartel-mani-1024x721.jpg?resize=640%2C451&#038;ssl=1\" alt=\"\" class=\"wp-image-15538\" srcset=\"https:\/\/i0.wp.com\/iratiirratia.eus\/wp-content\/uploads\/2020\/11\/cartel-mani.jpg?resize=1024%2C721&amp;ssl=1 1024w, https:\/\/i0.wp.com\/iratiirratia.eus\/wp-content\/uploads\/2020\/11\/cartel-mani.jpg?resize=300%2C211&amp;ssl=1 300w, https:\/\/i0.wp.com\/iratiirratia.eus\/wp-content\/uploads\/2020\/11\/cartel-mani.jpg?resize=768%2C541&amp;ssl=1 768w, https:\/\/i0.wp.com\/iratiirratia.eus\/wp-content\/uploads\/2020\/11\/cartel-mani.jpg?resize=700%2C493&amp;ssl=1 700w, https:\/\/i0.wp.com\/iratiirratia.eus\/wp-content\/uploads\/2020\/11\/cartel-mani.jpg?w=1440&amp;ssl=1 1440w, https:\/\/i0.wp.com\/iratiirratia.eus\/wp-content\/uploads\/2020\/11\/cartel-mani.jpg?w=1280 1280w\" sizes=\"(max-width: 640px) 100vw, 640px\" data-recalc-dims=\"1\" \/><\/figure>\n\n\n\n<p> <\/p>\n\n\n\n<p><a href=\"http:\/\/iratiirratia.eus\/audio\/20-11-13DavidOstalaritza.mp3\">David Castillo Irati irratian. <\/a><\/p>\n\n\n<p class=\"audioplayer_container\"><span style=\"display:block;padding:5px;border:1px solid #dddddd;background:#f8f8f8\" id=\"audioplayer_1\">Audio clip: Adobe Flash Player (version 9 or above) is required to play this audio clip. Download the latest version <a href=\"http:\/\/www.adobe.com\/shockwave\/download\/download.cgi?P1_Prod_Version=ShockwaveFlash&amp;promoid=BIOW\" title=\"Download Adobe Flash Player\">here<\/a>. You also need to have JavaScript enabled in your browser.<\/span><\/p>\n\n\n<p><!--EndFragment--><\/p>","protected":false},"excerpt":{"rendered":"<p>Osasun krisiak hainbat bazter nahastu ditu. Besteak beste egoera zinez zaila bizitzen ari diren ostalaritzako lagunak izan ditugu gaur gurean, SOStalaritzako kidea den David Castilloren ahotsetik. Berak adierazi digu milaka familia direla euren etorkizuna jokoan dutenak eta honezkero Nafar Gobernuari erantzukizuna eskatzen ari zatzaio, negozio eta enpleguak mantendu daitezen. Eskakizun hau ozentzeko igande honetarako mobilizazioa [&hellip;]<\/p>\n","protected":false},"author":1,"featured_media":15538,"comment_status":"open","ping_status":"open","sticky":false,"template":"","format":"standard","meta":{"jetpack_post_was_ever_published":false,"_jetpack_newsletter_access":"","_jetpack_newsletter_tier_id":0,"jetpack_publicize_message":"Mobilizazio deia ostalaritza kinka larrian baitago. #Sostalaritza -ko kidea den @Davidcastilloar lagunarekin. #Mobilizazioa ","jetpack_is_tweetstorm":false,"jetpack_publicize_feature_enabled":true,"jetpack_social_post_already_shared":true,"jetpack_social_options":{"image_generator_settings":{"template":"highway","enabled":false}}},"categories":[2,58,6],"tags":[1191,252,1189,1190],"jetpack_publicize_connections":[],"jetpack_featured_media_url":"https:\/\/i0.wp.com\/iratiirratia.eus\/wp-content\/uploads\/2020\/11\/cartel-mani.jpg?fit=1440%2C1014&ssl=1","jetpack_shortlink":"https:\/\/wp.me\/p7eaXY-42B","jetpack_sharing_enabled":true,"jetpack-related-posts":[{"id":15735,"url":"https:\/\/iratiirratia.eus\/index.php\/2021\/01\/22\/sos-ostalaritza-berriz-ere-neurri-berrien-jopuntuan\/","url_meta":{"origin":15537,"position":0},"title":"SOS Ostalaritza, berriz ere neurri berrien jopuntuan","author":"Irati Irratia","date":"22 urtarrila, 2021","format":false,"excerpt":"Pandemiaren hirugarren olatuan gauden honetan asteartean neurri berriak iragarri zituen Nafar Gobernuak. Horrek suposatuko duena ikertu dugu ostalaritzaren ikuspegitik Iosu Eseberrik lagunduta. Terrazak baimentzen badira ere zonaldean ostatuen itxierak ekarriko dituela gaineratu du. Neurri berriei erantzuteko eta sektorearen erreskate bat eskatu nahiean mobilizazioak deitu dituzte, baita zonaldean ere. Iosu Eseberri\u2026","rel":"","context":"In &quot;Berriak&quot;","block_context":{"text":"Berriak","link":"https:\/\/iratiirratia.eus\/index.php\/category\/berriak\/"},"img":{"alt_text":"","src":"https:\/\/i0.wp.com\/iratiirratia.eus\/wp-content\/uploads\/2021\/01\/WhatsApp-Image-2021-01-21-at-20.28.21.jpeg?fit=718%2C718&ssl=1&resize=350%2C200","width":350,"height":200,"srcset":"https:\/\/i0.wp.com\/iratiirratia.eus\/wp-content\/uploads\/2021\/01\/WhatsApp-Image-2021-01-21-at-20.28.21.jpeg?fit=718%2C718&ssl=1&resize=350%2C200 1x, https:\/\/i0.wp.com\/iratiirratia.eus\/wp-content\/uploads\/2021\/01\/WhatsApp-Image-2021-01-21-at-20.28.21.jpeg?fit=718%2C718&ssl=1&resize=525%2C300 1.5x, https:\/\/i0.wp.com\/iratiirratia.eus\/wp-content\/uploads\/2021\/01\/WhatsApp-Image-2021-01-21-at-20.28.21.jpeg?fit=718%2C718&ssl=1&resize=700%2C400 2x"},"classes":[]},{"id":15540,"url":"https:\/\/iratiirratia.eus\/index.php\/2020\/11\/13\/egun-on-aunamendi-esklerosi-anizkoitza-nafarroa-sostalaritza-eta-erronkariko-konexioa\/","url_meta":{"origin":15537,"position":1},"title":"Egun On, Au\u00f1amendi! Esklerosi Anizkoitza Nafarroa, SOStalaritza eta Erronkariko konexioa","author":"Irati Irratia","date":"13 azaroa, 2020","format":false,"excerpt":"Gaurkoan lehendabizi Esklerosi Anizkoitza elkarteko Nora Go\u00f1i izan dugu, exoeskeletoen erabileraz eta crowdfunding kanpainaz aritu zaigula. Ondoren, SOStalaritzako kidea den David Castillo izan dugu, ostalaritzaren egoeraz mintzatzen eta igandeko mobilizaziora deia eginez. Bukatzeko, Julian Gabas bisitatzera joan gara Erronkari ibarreko berriak pasa zitzan. Izenburua: Azaroaren 13ko saioa Iraupena: 2:35 ordu\u2026","rel":"","context":"In &quot;Egun on, Au\u00f1amendi!&quot;","block_context":{"text":"Egun on, Au\u00f1amendi!","link":"https:\/\/iratiirratia.eus\/index.php\/category\/egunon-aunamendi\/"},"img":{"alt_text":"","src":"","width":0,"height":0},"classes":[]},{"id":15463,"url":"https:\/\/iratiirratia.eus\/index.php\/2020\/10\/23\/neurri-berriekin-ostalaritza-kolokan\/","url_meta":{"origin":15537,"position":2},"title":"Neurri berriekin ostalaritza kolokan","author":"Irati Irratia","date":"23 urria, 2020","format":false,"excerpt":"Astearteko neurri berriak indarrean jarri ziren martxan atzo. Horrek kolpe latza suposatu du batez ere ostalaritzarentzat. Honengatik, Ibarraetxeako Maite Maisterra eta Juan Pito Bentako Julian Gabas izan ditugu gaurkoan euren iritziak plazaratzen. Argazkia Diario de Noticias Maite Maisterra Irati irratian. [audio:http:\/\/iratiirratia.eus\/audio\/20-10-23MaiteIbarraetxea.mp3] Julian Gabas Irati irratian. [audio:http:\/\/iratiirratia.eus\/audio\/20-10-23Julian.mp3]","rel":"","context":"In &quot;Berriak&quot;","block_context":{"text":"Berriak","link":"https:\/\/iratiirratia.eus\/index.php\/category\/berriak\/"},"img":{"alt_text":"","src":"https:\/\/i0.wp.com\/iratiirratia.eus\/wp-content\/uploads\/2020\/10\/segunda-jornada-e1603457156502.jpg?fit=690%2C265&ssl=1&resize=350%2C200","width":350,"height":200,"srcset":"https:\/\/i0.wp.com\/iratiirratia.eus\/wp-content\/uploads\/2020\/10\/segunda-jornada-e1603457156502.jpg?fit=690%2C265&ssl=1&resize=350%2C200 1x, https:\/\/i0.wp.com\/iratiirratia.eus\/wp-content\/uploads\/2020\/10\/segunda-jornada-e1603457156502.jpg?fit=690%2C265&ssl=1&resize=525%2C300 1.5x"},"classes":[]},{"id":15739,"url":"https:\/\/iratiirratia.eus\/index.php\/2021\/01\/22\/egun-on-aunamendi-sos-ostalaritza-eta-erronkariko-konexioa\/","url_meta":{"origin":15537,"position":3},"title":"Egun On, Au\u00f1amendi! SOS ostalaritza eta Erronkariko konexioa","author":"Irati Irratia","date":"22 urtarrila, 2021","format":false,"excerpt":"Gaurkoan ostalaritzaren egoeraz solasten hasi gara Iosu Eseberri Sos Ostalaritzako kidearekin. Ondroen Juan Pito bentako Julian Gabasen laguntzarekin jaso ditugu Erronkaribarko berriak. Izenburua: Urtarrilaren 22ko saioa Iraupena: 2:35 ordu Klikatu hemen saioa jaisteko [audio:http:\/\/iratiirratia.eus\/audio\/21-01-22.mp3]","rel":"","context":"In &quot;Egun on, Au\u00f1amendi!&quot;","block_context":{"text":"Egun on, Au\u00f1amendi!","link":"https:\/\/iratiirratia.eus\/index.php\/category\/egunon-aunamendi\/"},"img":{"alt_text":"","src":"","width":0,"height":0},"classes":[]},{"id":19091,"url":"https:\/\/iratiirratia.eus\/index.php\/2023\/10\/06\/1080-eurotako-pentsioen-eskakizunekin-bat-egin-dute-zenbait-eragilek-eta-azaroaren-11n-mobilizatzera-deitu\/","url_meta":{"origin":15537,"position":4},"title":"1080 eurotako pentsioen eskakizunekin bat egin dute zenbait eragilek eta azaroaren 11n mobilizatzera deitu","author":"Irati Irratia","date":"6 urria, 2023","format":false,"excerpt":"1080 Orain plataformaren baitan egituratu dira pentsiodunen mugimenduaren eskaerari laguntzeko asmoz. Sindikatuak, kolektiboak, eragile sozialak eta mugimendu feminista izan dira bertan dabiltzanak eta azaroaren 11n mobilizazioa deitu dute. Mugimendu feministako eta plataformako kide den Paula Garcia Garcia izan dugu gaur gurean eta berak adierazi bezala pentsioen eskakizun hori azaroaren 30eko\u2026","rel":"","context":"In &quot;Berriak&quot;","block_context":{"text":"Berriak","link":"https:\/\/iratiirratia.eus\/index.php\/category\/berriak\/"},"img":{"alt_text":"","src":"https:\/\/i0.wp.com\/iratiirratia.eus\/wp-content\/uploads\/2023\/10\/1080orain-e1696590814131.jpg?fit=480%2C331&ssl=1&resize=350%2C200","width":350,"height":200},"classes":[]},{"id":5159,"url":"https:\/\/iratiirratia.eus\/index.php\/2014\/08\/01\/eneko-del-castilloren-hitzaldia-ariben\/","url_meta":{"origin":15537,"position":5},"title":"Eneko Del Castilloren hitzaldia, Ariben","author":"Irati Irratia","date":"1 abuztua, 2014","format":false,"excerpt":"Izenburua: Eneko Del Castilloren hitzaldia, Ariben Iraupena: 1:30 ordu Klikatu hemen saioa jaisteko [audio:http:\/\/iratiirratia.net\/audio\/eneko_hitzaldia.MP3|titles=Egun on, Au\u00f1amendi! 14-08-01]","rel":"","context":"In &quot;Egun on, Au\u00f1amendi!&quot;","block_context":{"text":"Egun on, Au\u00f1amendi!","link":"https:\/\/iratiirratia.eus\/index.php\/category\/egunon-aunamendi\/"},"img":{"alt_text":"","src":"","width":0,"height":0},"classes":[]}],"_links":{"self":[{"href":"https:\/\/iratiirratia.eus\/index.php\/wp-json\/wp\/v2\/posts\/15537"}],"collection":[{"href":"https:\/\/iratiirratia.eus\/index.php\/wp-json\/wp\/v2\/posts"}],"about":[{"href":"https:\/\/iratiirratia.eus\/index.php\/wp-json\/wp\/v2\/types\/post"}],"author":[{"embeddable":true,"href":"https:\/\/iratiirratia.eus\/index.php\/wp-json\/wp\/v2\/users\/1"}],"replies":[{"embeddable":true,"href":"https:\/\/iratiirratia.eus\/index.php\/wp-json\/wp\/v2\/comments?post=15537"}],"version-history":[{"count":1,"href":"https:\/\/iratiirratia.eus\/index.php\/wp-json\/wp\/v2\/posts\/15537\/revisions"}],"predecessor-version":[{"id":15539,"href":"https:\/\/iratiirratia.eus\/index.php\/wp-json\/wp\/v2\/posts\/15537\/revisions\/15539"}],"wp:featuredmedia":[{"embeddable":true,"href":"https:\/\/iratiirratia.eus\/index.php\/wp-json\/wp\/v2\/media\/15538"}],"wp:attachment":[{"href":"https:\/\/iratiirratia.eus\/index.php\/wp-json\/wp\/v2\/media?parent=15537"}],"wp:term":[{"taxonomy":"category","embeddable":true,"href":"https:\/\/iratiirratia.eus\/index.php\/wp-json\/wp\/v2\/categories?post=15537"},{"taxonomy":"post_tag","embeddable":true,"href":"https:\/\/iratiirratia.eus\/index.php\/wp-json\/wp\/v2\/tags?post=15537"}],"curies":[{"name":"wp","href":"https:\/\/api.w.org\/{rel}","templated":true}]}}