{"id":15771,"date":"2021-01-29T13:59:40","date_gmt":"2021-01-29T12:59:40","guid":{"rendered":"http:\/\/iratiirratia.eus\/?p=15771"},"modified":"2021-01-29T14:00:33","modified_gmt":"2021-01-29T13:00:33","slug":"euskararen-hauspoa-izan-nahiean-dator-euskararen-ginkanaren-7-edizioa","status":"publish","type":"post","link":"https:\/\/iratiirratia.eus\/index.php\/2021\/01\/29\/euskararen-hauspoa-izan-nahiean-dator-euskararen-ginkanaren-7-edizioa\/","title":{"rendered":"Euskararen hauspoa izan nahiean dator Euskararen Ginkanaren 7. edizioa"},"content":{"rendered":"<p>\n<!--StartFragment--><\/p>\n\n\n<p>Aurten ere <strong>Kutxa Ekogunea<\/strong>k eta <strong>Euskaltzaleen Topagunea<\/strong>k elkarlanean Euskararen Ginkana dakarte. 7. edizioa izanen da eta euskararen hauspoa izan nahiean sortu zen egitasmoa. Honetaz solasteko ekimeneko koordinatzaile eta Topaguneako kide den <strong>Itxaso Paia<\/strong> izan dugu irratian. Animatu zaitezte zuen taldeak egitera! <\/p>\n\n\n\n<p>Informazio gehiago: <a href=\"http:\/\/www.euskararenginkana.eus\/\">Euskararen Ginkana<\/a><\/p>\n\n\n\n<figure class=\"wp-block-image size-large\"><img data-attachment-id=\"15772\" data-permalink=\"https:\/\/iratiirratia.eus\/index.php\/2021\/01\/29\/euskararen-hauspoa-izan-nahiean-dator-euskararen-ginkanaren-7-edizioa\/unnamed-8\/\" data-orig-file=\"https:\/\/i0.wp.com\/iratiirratia.eus\/wp-content\/uploads\/2021\/01\/unnamed.png?fit=421%2C595&amp;ssl=1\" data-orig-size=\"421,595\" data-comments-opened=\"1\" data-image-meta=\"{&quot;aperture&quot;:&quot;0&quot;,&quot;credit&quot;:&quot;&quot;,&quot;camera&quot;:&quot;&quot;,&quot;caption&quot;:&quot;&quot;,&quot;created_timestamp&quot;:&quot;0&quot;,&quot;copyright&quot;:&quot;&quot;,&quot;focal_length&quot;:&quot;0&quot;,&quot;iso&quot;:&quot;0&quot;,&quot;shutter_speed&quot;:&quot;0&quot;,&quot;title&quot;:&quot;&quot;,&quot;orientation&quot;:&quot;0&quot;}\" data-image-title=\"unnamed\" data-image-description=\"\" data-image-caption=\"\" data-medium-file=\"https:\/\/i0.wp.com\/iratiirratia.eus\/wp-content\/uploads\/2021\/01\/unnamed.png?fit=212%2C300&amp;ssl=1\" data-large-file=\"https:\/\/i0.wp.com\/iratiirratia.eus\/wp-content\/uploads\/2021\/01\/unnamed.png?fit=421%2C595&amp;ssl=1\" decoding=\"async\" loading=\"lazy\" width=\"421\" height=\"595\" src=\"https:\/\/i0.wp.com\/iratiirratia.eus\/wp-content\/uploads\/2021\/01\/unnamed.png?resize=421%2C595\" alt=\"\" class=\"wp-image-15772\" srcset=\"https:\/\/i0.wp.com\/iratiirratia.eus\/wp-content\/uploads\/2021\/01\/unnamed.png?w=421&amp;ssl=1 421w, https:\/\/i0.wp.com\/iratiirratia.eus\/wp-content\/uploads\/2021\/01\/unnamed.png?resize=212%2C300&amp;ssl=1 212w\" sizes=\"(max-width: 421px) 100vw, 421px\" data-recalc-dims=\"1\" \/><\/figure>\n\n\n\n<p><a href=\"http:\/\/www.iratiirratia.eus\/audio\/21-01-29ItxasoGinkana.mp3\">Itxaso Paia Irati irratian<\/a><\/p>\n\n\n<p class=\"audioplayer_container\"><span style=\"display:block;padding:5px;border:1px solid #dddddd;background:#f8f8f8\" id=\"audioplayer_1\">Audio clip: Adobe Flash Player (version 9 or above) is required to play this audio clip. Download the latest version <a href=\"http:\/\/www.adobe.com\/shockwave\/download\/download.cgi?P1_Prod_Version=ShockwaveFlash&amp;promoid=BIOW\" title=\"Download Adobe Flash Player\">here<\/a>. You also need to have JavaScript enabled in your browser.<\/span><\/p>\n\n\n<p><!--EndFragment--><\/p>","protected":false},"excerpt":{"rendered":"<p>Aurten ere Kutxa Ekoguneak eta Euskaltzaleen Topaguneak elkarlanean Euskararen Ginkana dakarte. 7. edizioa izanen da eta euskararen hauspoa izan nahiean sortu zen egitasmoa. Honetaz solasteko ekimeneko koordinatzaile eta Topaguneako kide den Itxaso Paia izan dugu irratian. Animatu zaitezte zuen taldeak egitera! Informazio gehiago: Euskararen Ginkana Itxaso Paia Irati irratian<\/p>\n","protected":false},"author":1,"featured_media":15773,"comment_status":"open","ping_status":"open","sticky":false,"template":"","format":"standard","meta":{"jetpack_post_was_ever_published":false,"_jetpack_newsletter_access":"","_jetpack_newsletter_tier_id":0,"jetpack_publicize_message":"Euskararen hauspoa izan nahiean dator Euskararen Ginkanaren 7. edizioa @topagunea -ko Itxaso Paiarekin solasaldia #EuskararenGinkana","jetpack_is_tweetstorm":false,"jetpack_publicize_feature_enabled":true,"jetpack_social_post_already_shared":true,"jetpack_social_options":{"image_generator_settings":{"template":"highway","enabled":false}}},"categories":[2,6,59],"tags":[1292,1294,96,1291,1293],"jetpack_publicize_connections":[],"jetpack_featured_media_url":"https:\/\/i0.wp.com\/iratiirratia.eus\/wp-content\/uploads\/2021\/01\/unnamed.jpg?fit=800%2C500&ssl=1","jetpack_shortlink":"https:\/\/wp.me\/p7eaXY-46n","jetpack_sharing_enabled":true,"jetpack-related-posts":[{"id":15769,"url":"https:\/\/iratiirratia.eus\/index.php\/2021\/01\/29\/egun-on-aunamendi-euskararen-ginkana-eta-erronkariko-konexioa\/","url_meta":{"origin":15771,"position":0},"title":"Egun On, Au\u00f1amendi! Euskararen ginkana eta Erronkariko konexioa","author":"Irati Irratia","date":"29 urtarrila, 2021","format":false,"excerpt":"Gaurkoan Euskararen Ginkana ekimena ezagutu dugu Euskaldunon Topaguneako kide den Itxaso Paiaren eskutik. Ondroen Juan Pito bentako Julian Gabasen laguntzarekin jaso ditugu Erronkaribarko berriak. Izenburua: Urtarrilaren 29ko saioa Iraupena: 2:35 ordu Klikatu hemen saioa jaisteko [audio:http:\/\/iratiirratia.eus\/audio\/21-01-29.mp3]","rel":"","context":"In &quot;Egun on, Au\u00f1amendi!&quot;","block_context":{"text":"Egun on, Au\u00f1amendi!","link":"https:\/\/iratiirratia.eus\/index.php\/category\/egunon-aunamendi\/"},"img":{"alt_text":"","src":"","width":0,"height":0},"classes":[]},{"id":4352,"url":"https:\/\/iratiirratia.eus\/index.php\/2013\/11\/28\/euskararen-ginkana\/","url_meta":{"origin":15771,"position":1},"title":"Euskararen ginkana","author":"Irati Irratia","date":"28 azaroa, 2013","format":false,"excerpt":"Izenburua: Euskararen ginkana Iraupena: 0:13 ordu Klikatu hemen saioa jaisteko [audio:http:\/\/iratiirratia.net\/audio\/4euskararen_ginkana.mp3|titles=Egun on, Au\u00f1amendi! 13-11-28]","rel":"","context":"In &quot;Egun on, Au\u00f1amendi!&quot;","block_context":{"text":"Egun on, Au\u00f1amendi!","link":"https:\/\/iratiirratia.eus\/index.php\/category\/egunon-aunamendi\/"},"img":{"alt_text":"","src":"","width":0,"height":0},"classes":[]},{"id":5732,"url":"https:\/\/iratiirratia.eus\/index.php\/2015\/02\/18\/euskararen-ginkana-prest\/","url_meta":{"origin":15771,"position":2},"title":"Euskararen ginkana, prest!","author":"Irati Irratia","date":"18 otsaila, 2015","format":false,"excerpt":"Izenburua: Euskararen ginkana, prest! Iraupena: 0:10 min Klikatu hemen saioa jaisteko [audio:http:\/\/iratiirratia.eus\/audio\/ginkana.mp3|titles=Egun on, Au\u00f1amendi! 15-02-18]","rel":"","context":"In &quot;Egun on, Au\u00f1amendi!&quot;","block_context":{"text":"Egun on, Au\u00f1amendi!","link":"https:\/\/iratiirratia.eus\/index.php\/category\/egunon-aunamendi\/"},"img":{"alt_text":"","src":"","width":0,"height":0},"classes":[]},{"id":22428,"url":"https:\/\/iratiirratia.eus\/index.php\/2025\/08\/21\/euskarari-hauspoa-emateko-zita-izanen-da-behorlegin\/","url_meta":{"origin":15771,"position":3},"title":"Euskarari hauspoa emateko zita izanen da Behorlegin","author":"Eneko Villegas","date":"21 abuztua, 2025","format":false,"excerpt":"Euskarak jasaten dituen erasoei aurre egin eta bere hauspoa eta suspertzea izan nahiean Euskaltzale Independentisten akanpada antolatu egin dute agorrilaren 25etik 31ra Behorlegin. Nafarroa Behereako Euskal Herrian Euskarazek eta Euskara Lurra eta Askatasuna (ELEA) elkarteak elkarlanean. Egitarau oparoa eta ertz desberdinak lantzeko profitatu dutena.\u00a0 \u00a0 Izen ematea: nafarroabEHErea@proton.me Gorka Torre\u00a0Irati\u2026","rel":"","context":"In &quot;Berriak&quot;","block_context":{"text":"Berriak","link":"https:\/\/iratiirratia.eus\/index.php\/category\/berriak\/"},"img":{"alt_text":"","src":"https:\/\/i0.wp.com\/iratiirratia.eus\/wp-content\/uploads\/2025\/08\/Imagen-de-WhatsApp-2025-08-21-a-las-11.58.19_4b710647.jpg?fit=848%2C1200&ssl=1&resize=350%2C200","width":350,"height":200,"srcset":"https:\/\/i0.wp.com\/iratiirratia.eus\/wp-content\/uploads\/2025\/08\/Imagen-de-WhatsApp-2025-08-21-a-las-11.58.19_4b710647.jpg?fit=848%2C1200&ssl=1&resize=350%2C200 1x, https:\/\/i0.wp.com\/iratiirratia.eus\/wp-content\/uploads\/2025\/08\/Imagen-de-WhatsApp-2025-08-21-a-las-11.58.19_4b710647.jpg?fit=848%2C1200&ssl=1&resize=525%2C300 1.5x, https:\/\/i0.wp.com\/iratiirratia.eus\/wp-content\/uploads\/2025\/08\/Imagen-de-WhatsApp-2025-08-21-a-las-11.58.19_4b710647.jpg?fit=848%2C1200&ssl=1&resize=700%2C400 2x"},"classes":[]},{"id":16563,"url":"https:\/\/iratiirratia.eus\/index.php\/2021\/08\/26\/iruneko-hilerrian\/","url_meta":{"origin":15771,"position":4},"title":"Iru\u00f1eko hilerrian","author":"Irati Irratia","date":"26 abuztua, 2021","format":false,"excerpt":"Aurrekoan ezin izan ginen berarekin egon arazo tekniko batzuk zirela medio baina gaurkoan bai. Gaurkoan bizi etorri zaigu Xanti Begiristain kolaboratzailea, Iru\u00f1eko hilerrian testua besapean zuela. Hilerrian gertatutako hizkuntz eskubide urraketa salatu nahi izan du gurean. Xanti Begiristain Irati irratian. [audio:http:\/\/iratiirratia.eus\/audio\/21-08-26Xanti.mp3]","rel":"","context":"In &quot;Berriak&quot;","block_context":{"text":"Berriak","link":"https:\/\/iratiirratia.eus\/index.php\/category\/berriak\/"},"img":{"alt_text":"","src":"","width":0,"height":0},"classes":[]},{"id":18416,"url":"https:\/\/iratiirratia.eus\/index.php\/2023\/05\/04\/igande-honetan-hasiko-da-aunamendiko-3-antzerki-zikloa\/","url_meta":{"origin":15771,"position":5},"title":"Igande honetan hasiko da Au\u00f1amendiko 3. Antzerki Zikloa.","author":"Irati Irratia","date":"4 maiatza, 2023","format":false,"excerpt":"3. edizioa da aurtengoa Au\u00f1amendiko Antzerki Zikloarentzat. Garaian Euskararen Ginkanara aurkeztutako lagun koadrila bati bururatu zitzaion ekimena zen zeina aurrera eramatea erabaki zuten. Horiek Au\u00f1amendiko Bitxiloreak taldea sortu eta ekin zioten lanari. Edizio arrakastatsuak izanda bideari jarraipena eman diote eta aurtengo edizioan lau emanaldi prestatu dituzte Irati irratia, Etxabarrengoa elkartea\u2026","rel":"","context":"In &quot;Aezkoa&quot;","block_context":{"text":"Aezkoa","link":"https:\/\/iratiirratia.eus\/index.php\/category\/aezkoa\/"},"img":{"alt_text":"","src":"https:\/\/i0.wp.com\/iratiirratia.eus\/wp-content\/uploads\/2023\/05\/Aunamendiko-Bitxiloreak4.png?fit=500%2C500&ssl=1&resize=350%2C200","width":350,"height":200},"classes":[]}],"_links":{"self":[{"href":"https:\/\/iratiirratia.eus\/index.php\/wp-json\/wp\/v2\/posts\/15771"}],"collection":[{"href":"https:\/\/iratiirratia.eus\/index.php\/wp-json\/wp\/v2\/posts"}],"about":[{"href":"https:\/\/iratiirratia.eus\/index.php\/wp-json\/wp\/v2\/types\/post"}],"author":[{"embeddable":true,"href":"https:\/\/iratiirratia.eus\/index.php\/wp-json\/wp\/v2\/users\/1"}],"replies":[{"embeddable":true,"href":"https:\/\/iratiirratia.eus\/index.php\/wp-json\/wp\/v2\/comments?post=15771"}],"version-history":[{"count":2,"href":"https:\/\/iratiirratia.eus\/index.php\/wp-json\/wp\/v2\/posts\/15771\/revisions"}],"predecessor-version":[{"id":15776,"href":"https:\/\/iratiirratia.eus\/index.php\/wp-json\/wp\/v2\/posts\/15771\/revisions\/15776"}],"wp:featuredmedia":[{"embeddable":true,"href":"https:\/\/iratiirratia.eus\/index.php\/wp-json\/wp\/v2\/media\/15773"}],"wp:attachment":[{"href":"https:\/\/iratiirratia.eus\/index.php\/wp-json\/wp\/v2\/media?parent=15771"}],"wp:term":[{"taxonomy":"category","embeddable":true,"href":"https:\/\/iratiirratia.eus\/index.php\/wp-json\/wp\/v2\/categories?post=15771"},{"taxonomy":"post_tag","embeddable":true,"href":"https:\/\/iratiirratia.eus\/index.php\/wp-json\/wp\/v2\/tags?post=15771"}],"curies":[{"name":"wp","href":"https:\/\/api.w.org\/{rel}","templated":true}]}}