{"id":15821,"date":"2021-02-12T13:54:31","date_gmt":"2021-02-12T12:54:31","guid":{"rendered":"http:\/\/iratiirratia.eus\/?p=15821"},"modified":"2021-02-12T13:54:31","modified_gmt":"2021-02-12T12:54:31","slug":"euskarafobiaren-kontra-haur-eskolak-borrokan","status":"publish","type":"post","link":"https:\/\/iratiirratia.eus\/index.php\/2021\/02\/12\/euskarafobiaren-kontra-haur-eskolak-borrokan\/","title":{"rendered":"Euskarafobiaren kontra haur eskolak borrokan"},"content":{"rendered":"<p>\n<!--StartFragment--><\/p>\n\n\n<p>Etengabeko erasoak jasaten ari du Euskarak Iru\u00f1eako udalaren partetik, batez ere, haur eskolen ereduei dagokionez. Plaza kopurua gutxitu eskaera nabarmen igo bada ere, ingeleseko edukiak sartzea inolako kontrasteak egin gabe,&#8230; Honen aurrean Iru\u00f1erriko Haur eskolak lanean jarri dira eta gaurkoan Greba deialdia egina dute. Honen inguruan <strong>LAB sindikatu<\/strong>ko <strong>Saioa<\/strong>rekin izan gara solasten. <strong>Grebaren jarraipena euskarazko Haur eskoletan %86koa izan da eta orokorrean %62koa<\/strong>.<\/p>\n\n\n\n<figure class=\"wp-block-image size-large\"><img data-attachment-id=\"15823\" data-permalink=\"https:\/\/iratiirratia.eus\/index.php\/2021\/02\/12\/euskarafobiaren-kontra-haur-eskolak-borrokan\/whatsapp-image-2021-02-11-at-18-19-26\/\" data-orig-file=\"https:\/\/i0.wp.com\/iratiirratia.eus\/wp-content\/uploads\/2021\/02\/WhatsApp-Image-2021-02-11-at-18.19.26.jpeg?fit=720%2C1005&amp;ssl=1\" data-orig-size=\"720,1005\" data-comments-opened=\"1\" data-image-meta=\"{&quot;aperture&quot;:&quot;0&quot;,&quot;credit&quot;:&quot;&quot;,&quot;camera&quot;:&quot;&quot;,&quot;caption&quot;:&quot;&quot;,&quot;created_timestamp&quot;:&quot;0&quot;,&quot;copyright&quot;:&quot;&quot;,&quot;focal_length&quot;:&quot;0&quot;,&quot;iso&quot;:&quot;0&quot;,&quot;shutter_speed&quot;:&quot;0&quot;,&quot;title&quot;:&quot;&quot;,&quot;orientation&quot;:&quot;0&quot;}\" data-image-title=\"WhatsApp-Image-2021-02-11-at-18.19.26\" data-image-description=\"\" data-image-caption=\"\" data-medium-file=\"https:\/\/i0.wp.com\/iratiirratia.eus\/wp-content\/uploads\/2021\/02\/WhatsApp-Image-2021-02-11-at-18.19.26.jpeg?fit=215%2C300&amp;ssl=1\" data-large-file=\"https:\/\/i0.wp.com\/iratiirratia.eus\/wp-content\/uploads\/2021\/02\/WhatsApp-Image-2021-02-11-at-18.19.26.jpeg?fit=640%2C893&amp;ssl=1\" decoding=\"async\" loading=\"lazy\" width=\"640\" height=\"893\" src=\"https:\/\/i0.wp.com\/iratiirratia.eus\/wp-content\/uploads\/2021\/02\/WhatsApp-Image-2021-02-11-at-18.19.26.jpeg?resize=640%2C893\" alt=\"\" class=\"wp-image-15823\" srcset=\"https:\/\/i0.wp.com\/iratiirratia.eus\/wp-content\/uploads\/2021\/02\/WhatsApp-Image-2021-02-11-at-18.19.26.jpeg?w=720&amp;ssl=1 720w, https:\/\/i0.wp.com\/iratiirratia.eus\/wp-content\/uploads\/2021\/02\/WhatsApp-Image-2021-02-11-at-18.19.26.jpeg?resize=215%2C300&amp;ssl=1 215w, https:\/\/i0.wp.com\/iratiirratia.eus\/wp-content\/uploads\/2021\/02\/WhatsApp-Image-2021-02-11-at-18.19.26.jpeg?resize=700%2C977&amp;ssl=1 700w\" sizes=\"(max-width: 640px) 100vw, 640px\" data-recalc-dims=\"1\" \/><\/figure>\n\n\n\n<figure class=\"wp-block-image size-large\"><img data-attachment-id=\"15824\" data-permalink=\"https:\/\/iratiirratia.eus\/index.php\/2021\/02\/12\/euskarafobiaren-kontra-haur-eskolak-borrokan\/whatsapp-image-2021-02-11-at-18-19-27\/\" data-orig-file=\"https:\/\/i0.wp.com\/iratiirratia.eus\/wp-content\/uploads\/2021\/02\/WhatsApp-Image-2021-02-11-at-18.19.27.jpeg?fit=720%2C542&amp;ssl=1\" data-orig-size=\"720,542\" data-comments-opened=\"1\" data-image-meta=\"{&quot;aperture&quot;:&quot;0&quot;,&quot;credit&quot;:&quot;&quot;,&quot;camera&quot;:&quot;&quot;,&quot;caption&quot;:&quot;&quot;,&quot;created_timestamp&quot;:&quot;0&quot;,&quot;copyright&quot;:&quot;&quot;,&quot;focal_length&quot;:&quot;0&quot;,&quot;iso&quot;:&quot;0&quot;,&quot;shutter_speed&quot;:&quot;0&quot;,&quot;title&quot;:&quot;&quot;,&quot;orientation&quot;:&quot;0&quot;}\" data-image-title=\"WhatsApp-Image-2021-02-11-at-18.19.27\" data-image-description=\"\" data-image-caption=\"\" data-medium-file=\"https:\/\/i0.wp.com\/iratiirratia.eus\/wp-content\/uploads\/2021\/02\/WhatsApp-Image-2021-02-11-at-18.19.27.jpeg?fit=300%2C226&amp;ssl=1\" data-large-file=\"https:\/\/i0.wp.com\/iratiirratia.eus\/wp-content\/uploads\/2021\/02\/WhatsApp-Image-2021-02-11-at-18.19.27.jpeg?fit=640%2C482&amp;ssl=1\" decoding=\"async\" loading=\"lazy\" width=\"640\" height=\"482\" src=\"https:\/\/i0.wp.com\/iratiirratia.eus\/wp-content\/uploads\/2021\/02\/WhatsApp-Image-2021-02-11-at-18.19.27.jpeg?resize=640%2C482\" alt=\"\" class=\"wp-image-15824\" srcset=\"https:\/\/i0.wp.com\/iratiirratia.eus\/wp-content\/uploads\/2021\/02\/WhatsApp-Image-2021-02-11-at-18.19.27.jpeg?w=720&amp;ssl=1 720w, https:\/\/i0.wp.com\/iratiirratia.eus\/wp-content\/uploads\/2021\/02\/WhatsApp-Image-2021-02-11-at-18.19.27.jpeg?resize=300%2C226&amp;ssl=1 300w, https:\/\/i0.wp.com\/iratiirratia.eus\/wp-content\/uploads\/2021\/02\/WhatsApp-Image-2021-02-11-at-18.19.27.jpeg?resize=700%2C527&amp;ssl=1 700w\" sizes=\"(max-width: 640px) 100vw, 640px\" data-recalc-dims=\"1\" \/><\/figure>\n\n\n\n<figure class=\"wp-block-image size-large\"><img data-attachment-id=\"15825\" data-permalink=\"https:\/\/iratiirratia.eus\/index.php\/2021\/02\/12\/euskarafobiaren-kontra-haur-eskolak-borrokan\/whatsapp-image-2021-02-11-at-18-19-27-1\/\" data-orig-file=\"https:\/\/i0.wp.com\/iratiirratia.eus\/wp-content\/uploads\/2021\/02\/WhatsApp-Image-2021-02-11-at-18.19.27-1.jpeg?fit=905%2C1280&amp;ssl=1\" data-orig-size=\"905,1280\" data-comments-opened=\"1\" data-image-meta=\"{&quot;aperture&quot;:&quot;0&quot;,&quot;credit&quot;:&quot;&quot;,&quot;camera&quot;:&quot;&quot;,&quot;caption&quot;:&quot;&quot;,&quot;created_timestamp&quot;:&quot;0&quot;,&quot;copyright&quot;:&quot;&quot;,&quot;focal_length&quot;:&quot;0&quot;,&quot;iso&quot;:&quot;0&quot;,&quot;shutter_speed&quot;:&quot;0&quot;,&quot;title&quot;:&quot;&quot;,&quot;orientation&quot;:&quot;0&quot;}\" data-image-title=\"WhatsApp-Image-2021-02-11-at-18.19.27-1\" data-image-description=\"\" data-image-caption=\"\" data-medium-file=\"https:\/\/i0.wp.com\/iratiirratia.eus\/wp-content\/uploads\/2021\/02\/WhatsApp-Image-2021-02-11-at-18.19.27-1.jpeg?fit=212%2C300&amp;ssl=1\" data-large-file=\"https:\/\/i0.wp.com\/iratiirratia.eus\/wp-content\/uploads\/2021\/02\/WhatsApp-Image-2021-02-11-at-18.19.27-1.jpeg?fit=640%2C905&amp;ssl=1\" decoding=\"async\" loading=\"lazy\" width=\"640\" height=\"905\" src=\"https:\/\/i0.wp.com\/iratiirratia.eus\/wp-content\/uploads\/2021\/02\/WhatsApp-Image-2021-02-11-at-18.19.27-1.jpeg?resize=640%2C905\" alt=\"\" class=\"wp-image-15825\" srcset=\"https:\/\/i0.wp.com\/iratiirratia.eus\/wp-content\/uploads\/2021\/02\/WhatsApp-Image-2021-02-11-at-18.19.27-1.jpeg?resize=724%2C1024&amp;ssl=1 724w, https:\/\/i0.wp.com\/iratiirratia.eus\/wp-content\/uploads\/2021\/02\/WhatsApp-Image-2021-02-11-at-18.19.27-1.jpeg?resize=212%2C300&amp;ssl=1 212w, https:\/\/i0.wp.com\/iratiirratia.eus\/wp-content\/uploads\/2021\/02\/WhatsApp-Image-2021-02-11-at-18.19.27-1.jpeg?resize=768%2C1086&amp;ssl=1 768w, https:\/\/i0.wp.com\/iratiirratia.eus\/wp-content\/uploads\/2021\/02\/WhatsApp-Image-2021-02-11-at-18.19.27-1.jpeg?resize=700%2C990&amp;ssl=1 700w, https:\/\/i0.wp.com\/iratiirratia.eus\/wp-content\/uploads\/2021\/02\/WhatsApp-Image-2021-02-11-at-18.19.27-1.jpeg?w=905&amp;ssl=1 905w\" sizes=\"(max-width: 640px) 100vw, 640px\" data-recalc-dims=\"1\" \/><\/figure>\n\n\n\n<p><a href=\"http:\/\/www.iratiirratia.eus\/audio\/21-02-12SaioaHaurEskolak.mp3\">LAB Sindikatuko Saioa Irati irratian<\/a><\/p>\n\n\n<p class=\"audioplayer_container\"><span style=\"display:block;padding:5px;border:1px solid #dddddd;background:#f8f8f8\" id=\"audioplayer_1\">Audio clip: Adobe Flash Player (version 9 or above) is required to play this audio clip. Download the latest version <a href=\"http:\/\/www.adobe.com\/shockwave\/download\/download.cgi?P1_Prod_Version=ShockwaveFlash&amp;promoid=BIOW\" title=\"Download Adobe Flash Player\">here<\/a>. You also need to have JavaScript enabled in your browser.<\/span><\/p>\n\n\n<p><!--EndFragment--><\/p>","protected":false},"excerpt":{"rendered":"<p>Etengabeko erasoak jasaten ari du Euskarak Iru\u00f1eako udalaren partetik, batez ere, haur eskolen ereduei dagokionez. Plaza kopurua gutxitu eskaera nabarmen igo bada ere, ingeleseko edukiak sartzea inolako kontrasteak egin gabe,&#8230; Honen aurrean Iru\u00f1erriko Haur eskolak lanean jarri dira eta gaurkoan Greba deialdia egina dute. Honen inguruan LAB sindikatuko Saioarekin izan gara solasten. Grebaren jarraipena euskarazko [&hellip;]<\/p>\n","protected":false},"author":1,"featured_media":15824,"comment_status":"open","ping_status":"open","sticky":false,"template":"","format":"standard","meta":{"jetpack_post_was_ever_published":false,"_jetpack_newsletter_access":"","_jetpack_newsletter_tier_id":0,"jetpack_publicize_message":"Euskarafobiaren kontra haur eskolak borrokan @LABnafarroa -ko kidea den Saioarekin elkarrizketa. #HaurEskolakEuskaraz","jetpack_is_tweetstorm":false,"jetpack_publicize_feature_enabled":true,"jetpack_social_post_already_shared":true,"jetpack_social_options":{"image_generator_settings":{"template":"highway","enabled":false}}},"categories":[2,6,59,1016],"tags":[940,1321,938,445,624,817],"jetpack_publicize_connections":[],"jetpack_featured_media_url":"https:\/\/i0.wp.com\/iratiirratia.eus\/wp-content\/uploads\/2021\/02\/WhatsApp-Image-2021-02-11-at-18.19.27.jpeg?fit=720%2C542&ssl=1","jetpack_shortlink":"https:\/\/wp.me\/p7eaXY-47b","jetpack_sharing_enabled":true,"jetpack-related-posts":[{"id":15819,"url":"https:\/\/iratiirratia.eus\/index.php\/2021\/02\/12\/egun-on-aunamendi-irunerriko-haur-eskolak-borrokan-eta-erronkariko-konexioa\/","url_meta":{"origin":15821,"position":0},"title":"Egun On, Au\u00f1amendi! Iru\u00f1erriko Haur Eskolak borrokan eta Erronkariko konexioa","author":"Irati Irratia","date":"12 otsaila, 2021","format":false,"excerpt":"Gaurko saioa Iru\u00f1errian izaten ari den mobilizazio baten berri edukitzen hasi dugu. Haur Eskolen euskarazko eskaintzarne inguruko greba deialdia egin dute CCOO eta LABek. LABeko liberatua eta hezitzailea den Saioarekin izan gara hau lantzeko. Ondoren, Erronkarira joan gara Julian Gabasekin egotera. Izenburua: Otsailaren 12ko saioa Iraupena: 2:35 ordu Klikatu hemen\u2026","rel":"","context":"In &quot;Egun on, Au\u00f1amendi!&quot;","block_context":{"text":"Egun on, Au\u00f1amendi!","link":"https:\/\/iratiirratia.eus\/index.php\/category\/egunon-aunamendi\/"},"img":{"alt_text":"","src":"","width":0,"height":0},"classes":[]},{"id":15074,"url":"https:\/\/iratiirratia.eus\/index.php\/2020\/07\/10\/haur-eskolak-euskaraz-eskatzetik-eraikitzera\/","url_meta":{"origin":15821,"position":1},"title":"Haur eskolak euskaraz eskatzetik eraikitzera","author":"Irati Irratia","date":"10 uztaila, 2020","format":false,"excerpt":"Iru\u00f1eko udalak %70n jeitsi zituen Haur eskolak euskaraz artatzeko lekuak eta horrek hainbat haur kanpo geratzea suertatu zuen. Honen aurrean zenbait guraso Haur Eskolak Euskaraz egitasmoa jarri zuten abian. Egoera salatu zuten hasieran eta ikusita administrazioetatik ez zutela gauza handirik lortuko beraiek haur eskola eraikitzera eman zuten salto. Horretarako Crowdfundig\u2026","rel":"","context":"In &quot;Berriak&quot;","block_context":{"text":"Berriak","link":"https:\/\/iratiirratia.eus\/index.php\/category\/berriak\/"},"img":{"alt_text":"","src":"https:\/\/i0.wp.com\/iratiirratia.eus\/wp-content\/uploads\/2020\/07\/maxresdefault-e1594378439886.jpg?fit=1200%2C588&ssl=1&resize=350%2C200","width":350,"height":200,"srcset":"https:\/\/i0.wp.com\/iratiirratia.eus\/wp-content\/uploads\/2020\/07\/maxresdefault-e1594378439886.jpg?fit=1200%2C588&ssl=1&resize=350%2C200 1x, https:\/\/i0.wp.com\/iratiirratia.eus\/wp-content\/uploads\/2020\/07\/maxresdefault-e1594378439886.jpg?fit=1200%2C588&ssl=1&resize=525%2C300 1.5x, https:\/\/i0.wp.com\/iratiirratia.eus\/wp-content\/uploads\/2020\/07\/maxresdefault-e1594378439886.jpg?fit=1200%2C588&ssl=1&resize=700%2C400 2x, https:\/\/i0.wp.com\/iratiirratia.eus\/wp-content\/uploads\/2020\/07\/maxresdefault-e1594378439886.jpg?fit=1200%2C588&ssl=1&resize=1050%2C600 3x"},"classes":[]},{"id":19906,"url":"https:\/\/iratiirratia.eus\/index.php\/2024\/05\/13\/haur-eskolak-euskaraz-edukitzeko-eskubidearen-aldeko-aldarriak-zeharkatuko-du-irunea-ostegunean\/","url_meta":{"origin":15821,"position":2},"title":"Haur Eskolak euskaraz edukitzeko eskubidearen aldeko aldarriak zeharkatuko du Iru\u00f1ea ostegunean.","author":"Eneko Villegas","date":"13 maiatza, 2024","format":false,"excerpt":"Iru\u00f1eko Euskalgintzak zabaldu zuen deia ostegun honetan Haur Eskolak Euskaraz izateko eskubidea defendatzeko. Beraiek deialdia eginda ere hainbat alor eta norbanakoek bat egin dute deialdiarekin sare sozialetan zabaldutako bideo baten bitartez. Gaur egun egoera latza da hizkuntz eskubide aldetik eskola bakarra baita euskara hutsean eta horrek nabarmenki kaltetzen ditu Iru\u00f1eko\u2026","rel":"","context":"In &quot;Berriak&quot;","block_context":{"text":"Berriak","link":"https:\/\/iratiirratia.eus\/index.php\/category\/berriak\/"},"img":{"alt_text":"","src":"https:\/\/i0.wp.com\/iratiirratia.eus\/wp-content\/uploads\/2024\/05\/M16Prentsa.jpeg?fit=1200%2C900&ssl=1&resize=350%2C200","width":350,"height":200,"srcset":"https:\/\/i0.wp.com\/iratiirratia.eus\/wp-content\/uploads\/2024\/05\/M16Prentsa.jpeg?fit=1200%2C900&ssl=1&resize=350%2C200 1x, https:\/\/i0.wp.com\/iratiirratia.eus\/wp-content\/uploads\/2024\/05\/M16Prentsa.jpeg?fit=1200%2C900&ssl=1&resize=525%2C300 1.5x, https:\/\/i0.wp.com\/iratiirratia.eus\/wp-content\/uploads\/2024\/05\/M16Prentsa.jpeg?fit=1200%2C900&ssl=1&resize=700%2C400 2x, https:\/\/i0.wp.com\/iratiirratia.eus\/wp-content\/uploads\/2024\/05\/M16Prentsa.jpeg?fit=1200%2C900&ssl=1&resize=1050%2C600 3x"},"classes":[]},{"id":21162,"url":"https:\/\/iratiirratia.eus\/index.php\/2024\/12\/02\/haur-eskoletan-dagoen-euskarazko-eskaintza-eskasa-salatuko-du-iruneko-euskalgintzak-abenduaren-11n\/","url_meta":{"origin":15821,"position":3},"title":"Haur eskoletan dagoen euskarazko eskaintza eskasa salatuko du Iru\u00f1eko euskalgintzak abenduaren 11n","author":"Eneko Villegas","date":"2 abendua, 2024","format":false,"excerpt":"Iru\u00f1eko Euskalgintzak nafar jendartea mobilizatzera deitu du datorren abenduaren 11n Iru\u00f1ean udalak egindako haur eskoletan euskarazko lerroaren eskaintza eskasa salatzeko. Udal gobernua aldatu arren ezer gutxi aldatu da alor honetan eta hori bera salatuko dute arratsaldeko 17:30tan izanen den mobilizazioarekin. Honen inguruan Iru\u00f1eko Euskalgintzako kidea den Amaia Razkinekin solastu gara.\u2026","rel":"","context":"In &quot;Berriak&quot;","block_context":{"text":"Berriak","link":"https:\/\/iratiirratia.eus\/index.php\/category\/berriak\/"},"img":{"alt_text":"","src":"https:\/\/i0.wp.com\/iratiirratia.eus\/wp-content\/uploads\/2024\/12\/prentsaurreoa.jpg?fit=1200%2C900&ssl=1&resize=350%2C200","width":350,"height":200,"srcset":"https:\/\/i0.wp.com\/iratiirratia.eus\/wp-content\/uploads\/2024\/12\/prentsaurreoa.jpg?fit=1200%2C900&ssl=1&resize=350%2C200 1x, https:\/\/i0.wp.com\/iratiirratia.eus\/wp-content\/uploads\/2024\/12\/prentsaurreoa.jpg?fit=1200%2C900&ssl=1&resize=525%2C300 1.5x, https:\/\/i0.wp.com\/iratiirratia.eus\/wp-content\/uploads\/2024\/12\/prentsaurreoa.jpg?fit=1200%2C900&ssl=1&resize=700%2C400 2x, https:\/\/i0.wp.com\/iratiirratia.eus\/wp-content\/uploads\/2024\/12\/prentsaurreoa.jpg?fit=1200%2C900&ssl=1&resize=1050%2C600 3x"},"classes":[]},{"id":8533,"url":"https:\/\/iratiirratia.eus\/index.php\/2016\/03\/17\/luzaide-eta-arnegiko-eskolak-batuko-dituzte\/","url_meta":{"origin":15821,"position":4},"title":"Luzaide eta Arnegiko eskolak batuko dituzte","author":"Irati Irratia","date":"17 martxoa, 2016","format":false,"excerpt":"Hurrengo ikasturtean elkarrekin jasoko dituzte klaseak Arnegi eta Luzaideko ikasleek. Nafarroako Gobernuko Hezkuntza sailak asteartean jakinarazi zuen mugaz gaindiko proiektua onartu dutela. Irailetik izan dira negoziazioetan, azken urteotan larritu egin den populazio arazoari aurre egiteko. Haur eta Lehen Hezkuntzako 3 eta 12 urte bitarteko ikasleek, beraz, elkarrekin ikasiko dute. Goizez\u2026","rel":"","context":"In &quot;Berriak&quot;","block_context":{"text":"Berriak","link":"https:\/\/iratiirratia.eus\/index.php\/category\/berriak\/"},"img":{"alt_text":"","src":"https:\/\/i0.wp.com\/iratiirratia.eus\/wp-content\/uploads\/2015\/09\/IMG-20150915-WA0006-e1442403564947.jpg?fit=1200%2C350&ssl=1&resize=350%2C200","width":350,"height":200,"srcset":"https:\/\/i0.wp.com\/iratiirratia.eus\/wp-content\/uploads\/2015\/09\/IMG-20150915-WA0006-e1442403564947.jpg?fit=1200%2C350&ssl=1&resize=350%2C200 1x, https:\/\/i0.wp.com\/iratiirratia.eus\/wp-content\/uploads\/2015\/09\/IMG-20150915-WA0006-e1442403564947.jpg?fit=1200%2C350&ssl=1&resize=525%2C300 1.5x, https:\/\/i0.wp.com\/iratiirratia.eus\/wp-content\/uploads\/2015\/09\/IMG-20150915-WA0006-e1442403564947.jpg?fit=1200%2C350&ssl=1&resize=700%2C400 2x, https:\/\/i0.wp.com\/iratiirratia.eus\/wp-content\/uploads\/2015\/09\/IMG-20150915-WA0006-e1442403564947.jpg?fit=1200%2C350&ssl=1&resize=1050%2C600 3x"},"classes":[]},{"id":18124,"url":"https:\/\/iratiirratia.eus\/index.php\/2023\/02\/14\/kasketak-eta-limiteak-nola-landu-ikasteko-tailerra-agoitzeko-taupadak-haur-eskolan\/","url_meta":{"origin":15821,"position":5},"title":"Kasketak eta limiteak nola landu ikasteko tailerra Agoitzeko Taupadak haur-eskolan","author":"Irati Irratia","date":"14 otsaila, 2023","format":false,"excerpt":"Askotan haurren hezkuntzan bizitzen dira kasketa momentuak edota limiteak ezartzeko egoera zenbait. Horietan zenbaitetan akatsak egiten dira eta honi aurre egiteko Agoitzeko Taupadak haur-eskolakoek tailerra batera deitu dituzte gurasoak. Kasketak eta mugen inguruan darabiliko den tailerra Lourdes Diez Psikoterapeuta eta Famili orientatzaileak gidatuko du. Gaur berarekin solastu gara honen inguruan.\u2026","rel":"","context":"In &quot;Agoitz&quot;","block_context":{"text":"Agoitz","link":"https:\/\/iratiirratia.eus\/index.php\/category\/agoitz\/"},"img":{"alt_text":"","src":"https:\/\/i0.wp.com\/iratiirratia.eus\/wp-content\/uploads\/2023\/02\/WhatsApp-Image-2023-02-08-at-17.45.44.jpeg?resize=350%2C200&ssl=1","width":350,"height":200,"srcset":"https:\/\/i0.wp.com\/iratiirratia.eus\/wp-content\/uploads\/2023\/02\/WhatsApp-Image-2023-02-08-at-17.45.44.jpeg?resize=350%2C200&ssl=1 1x, https:\/\/i0.wp.com\/iratiirratia.eus\/wp-content\/uploads\/2023\/02\/WhatsApp-Image-2023-02-08-at-17.45.44.jpeg?resize=525%2C300&ssl=1 1.5x, https:\/\/i0.wp.com\/iratiirratia.eus\/wp-content\/uploads\/2023\/02\/WhatsApp-Image-2023-02-08-at-17.45.44.jpeg?resize=700%2C400&ssl=1 2x, https:\/\/i0.wp.com\/iratiirratia.eus\/wp-content\/uploads\/2023\/02\/WhatsApp-Image-2023-02-08-at-17.45.44.jpeg?resize=1050%2C600&ssl=1 3x"},"classes":[]}],"_links":{"self":[{"href":"https:\/\/iratiirratia.eus\/index.php\/wp-json\/wp\/v2\/posts\/15821"}],"collection":[{"href":"https:\/\/iratiirratia.eus\/index.php\/wp-json\/wp\/v2\/posts"}],"about":[{"href":"https:\/\/iratiirratia.eus\/index.php\/wp-json\/wp\/v2\/types\/post"}],"author":[{"embeddable":true,"href":"https:\/\/iratiirratia.eus\/index.php\/wp-json\/wp\/v2\/users\/1"}],"replies":[{"embeddable":true,"href":"https:\/\/iratiirratia.eus\/index.php\/wp-json\/wp\/v2\/comments?post=15821"}],"version-history":[{"count":1,"href":"https:\/\/iratiirratia.eus\/index.php\/wp-json\/wp\/v2\/posts\/15821\/revisions"}],"predecessor-version":[{"id":15826,"href":"https:\/\/iratiirratia.eus\/index.php\/wp-json\/wp\/v2\/posts\/15821\/revisions\/15826"}],"wp:featuredmedia":[{"embeddable":true,"href":"https:\/\/iratiirratia.eus\/index.php\/wp-json\/wp\/v2\/media\/15824"}],"wp:attachment":[{"href":"https:\/\/iratiirratia.eus\/index.php\/wp-json\/wp\/v2\/media?parent=15821"}],"wp:term":[{"taxonomy":"category","embeddable":true,"href":"https:\/\/iratiirratia.eus\/index.php\/wp-json\/wp\/v2\/categories?post=15821"},{"taxonomy":"post_tag","embeddable":true,"href":"https:\/\/iratiirratia.eus\/index.php\/wp-json\/wp\/v2\/tags?post=15821"}],"curies":[{"name":"wp","href":"https:\/\/api.w.org\/{rel}","templated":true}]}}