{"id":16037,"date":"2021-04-16T14:08:42","date_gmt":"2021-04-16T12:08:42","guid":{"rendered":"https:\/\/iratiirratia.eus\/?p=16037"},"modified":"2021-04-16T14:08:50","modified_gmt":"2021-04-16T12:08:50","slug":"brecha-taldea-ezagutzen","status":"publish","type":"post","link":"https:\/\/iratiirratia.eus\/index.php\/2021\/04\/16\/brecha-taldea-ezagutzen\/","title":{"rendered":"Brecha taldea ezagutzen"},"content":{"rendered":"<p>\n<!--StartFragment--><\/p>\n\n\n<p><strong>&#8220;La muerte&#8221;<\/strong> du izenburu talde honen azken lana. zeina aurresalmentan jarri duten. Kolaborazio potenteak eta aberasgarriak ditu talde honen lanak besteak beste, Anari, Mursego, Tulsa,&#8230; eta hau guztiaz solasteko <strong>Gorka Beunz<\/strong>a izan dugu gaur gurean. Luze eta zabal ikertu dugu azken lan hau bere laguntzarekin.<\/p>\n\n\n\n<p>Hurrengo kontzertua<strong> apirilaren 25ean Zentral kafe antzokian eguerdiko 13:15etan<\/strong><\/p>\n\n\n\n<p>Diskoa entzungai: <a href=\"https:\/\/brecha.bandcamp.com\/album\/la-muerte\">Brecha- La muerte<\/a><\/p>\n\n\n\n<p>Aurre-salmentan parte hartzeko: <a href=\"https:\/\/es.ulule.com\/brecha-vinilo-de-la-muerte-\/?utm_campaign=presale_126100&amp;utm_source=shared-from-Ulule-project-page-on---http.referer--&amp;utm_medium=uluid_3571636-post-202104130957\">ulule- Brecha<\/a><\/p>\n\n\n\n<p><\/p>\n\n\n\n<p><a href=\"http:\/\/www.iratiirratia.eus\/audio\/21-04-16GorkaBrecha.mp3\">Gorka Beunza Irati irratian<\/a><\/p>\n\n\n<p class=\"audioplayer_container\"><span style=\"display:block;padding:5px;border:1px solid #dddddd;background:#f8f8f8\" id=\"audioplayer_1\">Audio clip: Adobe Flash Player (version 9 or above) is required to play this audio clip. Download the latest version <a href=\"http:\/\/www.adobe.com\/shockwave\/download\/download.cgi?P1_Prod_Version=ShockwaveFlash&amp;promoid=BIOW\" title=\"Download Adobe Flash Player\">here<\/a>. You also need to have JavaScript enabled in your browser.<\/span><\/p>\n\n\n<p><!--EndFragment--><\/p>\n\n\n<p><\/p>\n","protected":false},"excerpt":{"rendered":"<p>&#8220;La muerte&#8221; du izenburu talde honen azken lana. zeina aurresalmentan jarri duten. Kolaborazio potenteak eta aberasgarriak ditu talde honen lanak besteak beste, Anari, Mursego, Tulsa,&#8230; eta hau guztiaz solasteko Gorka Beunza izan dugu gaur gurean. Luze eta zabal ikertu dugu azken lan hau bere laguntzarekin. Hurrengo kontzertua apirilaren 25ean Zentral kafe antzokian eguerdiko 13:15etan Diskoa [&hellip;]<\/p>\n","protected":false},"author":1,"featured_media":16038,"comment_status":"open","ping_status":"open","sticky":false,"template":"","format":"standard","meta":{"jetpack_post_was_ever_published":false,"_jetpack_newsletter_access":"","_jetpack_newsletter_tier_id":0,"jetpack_publicize_message":"Brecha taldea ezagutzen Gorka Beunza lagunarekin solasaldia #Musika #Lamuerte\n","jetpack_is_tweetstorm":false,"jetpack_publicize_feature_enabled":true,"jetpack_social_post_already_shared":true,"jetpack_social_options":{"image_generator_settings":{"template":"highway","enabled":false}}},"categories":[2,6],"tags":[1408,1409,1411,191],"jetpack_publicize_connections":[],"jetpack_featured_media_url":"https:\/\/i0.wp.com\/iratiirratia.eus\/wp-content\/uploads\/2021\/04\/brecha.jpg?fit=225%2C224&ssl=1","jetpack_shortlink":"https:\/\/wp.me\/p7eaXY-4aF","jetpack_sharing_enabled":true,"jetpack-related-posts":[{"id":5431,"url":"https:\/\/iratiirratia.eus\/index.php\/2014\/10\/31\/hablemos-de-la-muerte\/","url_meta":{"origin":16037,"position":0},"title":"Hablemos de la muerte","author":"Irati Irratia","date":"31 urria, 2014","format":false,"excerpt":"Izenburua: Hablemos de la muerte Iraupena: 0:20 min Klikatu hemen saioa jaisteko [audio:http:\/\/iratiirratia.net\/audio\/heritzozaz_mintzo.mp3|titles=Egun on, Au\u00f1amendi! 14-10-31]","rel":"","context":"In &quot;Egun on, Au\u00f1amendi!&quot;","block_context":{"text":"Egun on, Au\u00f1amendi!","link":"https:\/\/iratiirratia.eus\/index.php\/category\/egunon-aunamendi\/"},"img":{"alt_text":"","src":"","width":0,"height":0},"classes":[]},{"id":5508,"url":"https:\/\/iratiirratia.eus\/index.php\/2014\/11\/13\/25-aniversario-de-la-muerte-de-la-pasionaria\/","url_meta":{"origin":16037,"position":1},"title":"25.aniversario de la muerte de &#8216;La Pasionaria&#8217;","author":"Irati Irratia","date":"13 azaroa, 2014","format":false,"excerpt":"Izenburua: 25.aniversario de la muerte de 'La Pasionaria' Iraupena: 0:40 min Klikatu hemen saioa jaisteko [audio:http:\/\/iratiirratia.net\/audio\/4mikel_sorauren.mp3|titles=Egun on, Au\u00f1amendi! 14-11-13]","rel":"","context":"In &quot;Egun on, Au\u00f1amendi!&quot;","block_context":{"text":"Egun on, Au\u00f1amendi!","link":"https:\/\/iratiirratia.eus\/index.php\/category\/egunon-aunamendi\/"},"img":{"alt_text":"","src":"","width":0,"height":0},"classes":[]},{"id":4277,"url":"https:\/\/iratiirratia.eus\/index.php\/2013\/10\/31\/heriotza-aztergai-la-muerte-a-examen\/","url_meta":{"origin":16037,"position":2},"title":"Heriotza, aztergai &#8211; La muerte, a examen","author":"Irati Irratia","date":"31 urria, 2013","format":false,"excerpt":"Izenburua: Heriotza, aztergai Iraupena: 0:17 ordu Klikatu hemen saioa jaisteko [audio:http:\/\/iratiirratia.net\/audio\/4heriotza.mp3|titles=Egun on, Au\u00f1amendi! 13-10-31]","rel":"","context":"In &quot;Egun on, Au\u00f1amendi!&quot;","block_context":{"text":"Egun on, Au\u00f1amendi!","link":"https:\/\/iratiirratia.eus\/index.php\/category\/egunon-aunamendi\/"},"img":{"alt_text":"","src":"","width":0,"height":0},"classes":[]},{"id":16031,"url":"https:\/\/iratiirratia.eus\/index.php\/2021\/04\/16\/egun-on-aunamendi-brecha-taldea-aroztegia-gelditu-eta-erronkariko-konexioa\/","url_meta":{"origin":16037,"position":3},"title":"Egun On, Au\u00f1amendi! Brecha taldea, Aroztegia gelditu eta Erronkariko konexioa","author":"Irati Irratia","date":"16 apirila, 2021","format":false,"excerpt":"Gaurkoa talde baten lan berri batekin hasi gara, Brecha taldearena alegia eta lan honetaz solasten izan gara Gorka Beunzarekin. Ondoren, Baztan aldera jo dugu Aroztegia proiektuaren baitako nondik norakoak eta honen kontrako aldarrikapenak ezagutzera Aintzane Ariztegiren laguntzaz. Bukatzeko, Erronkarira joan gara Julian Gabasekin egotera. Izenburua: Apirilaren 16ko saioa Iraupena: 2:35\u2026","rel":"","context":"In &quot;Egun on, Au\u00f1amendi!&quot;","block_context":{"text":"Egun on, Au\u00f1amendi!","link":"https:\/\/iratiirratia.eus\/index.php\/category\/egunon-aunamendi\/"},"img":{"alt_text":"","src":"","width":0,"height":0},"classes":[]},{"id":22769,"url":"https:\/\/iratiirratia.eus\/index.php\/2025\/10\/17\/bihar-aurkeztuko-du-kultur-olan-gorka-beunzak-bere-pegasoenea-liburua\/","url_meta":{"origin":16037,"position":4},"title":"Bihar aurkeztuko du Kultur Olan Gorka Beunzak bere Pegasoenea liburua","author":"Eneko Villegas","date":"17 urria, 2025","format":false,"excerpt":"Zoriak eraman zuen Gorka Beunza argazkilari eta musikaria bi urtez bere amatxiren etxea izandako Juriko etxean bizitzera. Bertan bizitakoak ardatz hartuta etxearen eta bere familiaren historia jasotzen hasi zen eta hori bera liburu batean jarri. Memoria ariketa bikaina da Pegasoenea, argazki ederrekin apainduta, Gorkak dioen moduan edertasun horrek argia dakarkiolako\u2026","rel":"","context":"In &quot;Aezkoa&quot;","block_context":{"text":"Aezkoa","link":"https:\/\/iratiirratia.eus\/index.php\/category\/aezkoa\/"},"img":{"alt_text":"","src":"https:\/\/i0.wp.com\/iratiirratia.eus\/wp-content\/uploads\/2025\/10\/Imagen-de-WhatsApp-2025-10-10-a-las-19.22.57_f9f62efb.jpg?fit=839%2C1200&ssl=1&resize=350%2C200","width":350,"height":200,"srcset":"https:\/\/i0.wp.com\/iratiirratia.eus\/wp-content\/uploads\/2025\/10\/Imagen-de-WhatsApp-2025-10-10-a-las-19.22.57_f9f62efb.jpg?fit=839%2C1200&ssl=1&resize=350%2C200 1x, https:\/\/i0.wp.com\/iratiirratia.eus\/wp-content\/uploads\/2025\/10\/Imagen-de-WhatsApp-2025-10-10-a-las-19.22.57_f9f62efb.jpg?fit=839%2C1200&ssl=1&resize=525%2C300 1.5x, https:\/\/i0.wp.com\/iratiirratia.eus\/wp-content\/uploads\/2025\/10\/Imagen-de-WhatsApp-2025-10-10-a-las-19.22.57_f9f62efb.jpg?fit=839%2C1200&ssl=1&resize=700%2C400 2x"},"classes":[]},{"id":4590,"url":"https:\/\/iratiirratia.eus\/index.php\/2014\/02\/18\/por-que-han-muerto-15-personas-en-el-mediterraneo-entrevista-con-sos-racismo-nafarroa\/","url_meta":{"origin":16037,"position":5},"title":"\u00bfPor qu\u00e9 han muerto 15 PERSONAS en el Mediterr\u00e1neo? (Entrevista con SOS Racismo Nafarroa)","author":"Irati Irratia","date":"18 otsaila, 2014","format":false,"excerpt":"Izenburua: \u00bfPor qu\u00e9 han muerto 15 PERSONAS en el Mediterr\u00e1neo? Iraupena: 0:20 ordu Klikatu hemen saioa jaisteko [audio:http:\/\/iratiirratia.net\/audio\/2sos_racismo_navarra.mp3|titles=Egun on, Au\u00f1amendi! 14-02-18]","rel":"","context":"In &quot;Egun on, Au\u00f1amendi!&quot;","block_context":{"text":"Egun on, Au\u00f1amendi!","link":"https:\/\/iratiirratia.eus\/index.php\/category\/egunon-aunamendi\/"},"img":{"alt_text":"","src":"","width":0,"height":0},"classes":[]}],"_links":{"self":[{"href":"https:\/\/iratiirratia.eus\/index.php\/wp-json\/wp\/v2\/posts\/16037"}],"collection":[{"href":"https:\/\/iratiirratia.eus\/index.php\/wp-json\/wp\/v2\/posts"}],"about":[{"href":"https:\/\/iratiirratia.eus\/index.php\/wp-json\/wp\/v2\/types\/post"}],"author":[{"embeddable":true,"href":"https:\/\/iratiirratia.eus\/index.php\/wp-json\/wp\/v2\/users\/1"}],"replies":[{"embeddable":true,"href":"https:\/\/iratiirratia.eus\/index.php\/wp-json\/wp\/v2\/comments?post=16037"}],"version-history":[{"count":1,"href":"https:\/\/iratiirratia.eus\/index.php\/wp-json\/wp\/v2\/posts\/16037\/revisions"}],"predecessor-version":[{"id":16039,"href":"https:\/\/iratiirratia.eus\/index.php\/wp-json\/wp\/v2\/posts\/16037\/revisions\/16039"}],"wp:featuredmedia":[{"embeddable":true,"href":"https:\/\/iratiirratia.eus\/index.php\/wp-json\/wp\/v2\/media\/16038"}],"wp:attachment":[{"href":"https:\/\/iratiirratia.eus\/index.php\/wp-json\/wp\/v2\/media?parent=16037"}],"wp:term":[{"taxonomy":"category","embeddable":true,"href":"https:\/\/iratiirratia.eus\/index.php\/wp-json\/wp\/v2\/categories?post=16037"},{"taxonomy":"post_tag","embeddable":true,"href":"https:\/\/iratiirratia.eus\/index.php\/wp-json\/wp\/v2\/tags?post=16037"}],"curies":[{"name":"wp","href":"https:\/\/api.w.org\/{rel}","templated":true}]}}