{"id":16784,"date":"2021-11-15T14:04:55","date_gmt":"2021-11-15T13:04:55","guid":{"rendered":"https:\/\/iratiirratia.eus\/?p=16784"},"modified":"2021-11-15T14:05:02","modified_gmt":"2021-11-15T13:05:02","slug":"amour-eta-toujour-ruper-ordorikaren-azken-lanaren-aurre-estreinaldia-larunbatean-ariben","status":"publish","type":"post","link":"https:\/\/iratiirratia.eus\/index.php\/2021\/11\/15\/amour-eta-toujour-ruper-ordorikaren-azken-lanaren-aurre-estreinaldia-larunbatean-ariben\/","title":{"rendered":"Amour eta toujour Ruper Ordorikaren azken lanaren aurre-estreinaldia larunbatean Ariben"},"content":{"rendered":"<p>Larunbateko kontzertua aitzakitzat hartuta O\u00f1atiko Koblakariarekin egoteko parada izan dugu. <strong>Ruper Ordorika<\/strong> dugu koblakari hori eta bere azken lanaren aurre-estreinaldia eginen du,<em><strong> &#8220;Amour eta Toujour&#8221;<\/strong><\/em> da lan berriaren izenburua eta erritmo eta errima berriarekin datorkigu. Berarekin batera bere ibilbidea eta azken lan honen nondik norakoak errepasatu ditugu.<\/p>\n<p>Larunbat honetan Pirinioetako AEK-k, Etxabarrengoak eta Aezkoako Batzarre Nagusiak gonbidatuta etorriko da gurera gogo eta atsegin handiz. <strong>Kontzertua Aribeko Aezkoako etxean izanen da arratsaldeko 19:00tan.<\/strong><\/p>\n<p><!--StartFragment--><\/p>\n\n\n<figure class=\"wp-block-image size-full\"><img data-attachment-id=\"16785\" data-permalink=\"https:\/\/iratiirratia.eus\/index.php\/2021\/11\/15\/amour-eta-toujour-ruper-ordorikaren-azken-lanaren-aurre-estreinaldia-larunbatean-ariben\/ruperkontzertua\/\" data-orig-file=\"https:\/\/i0.wp.com\/iratiirratia.eus\/wp-content\/uploads\/2021\/11\/RuperKontzertua.jpg?fit=577%2C1024&amp;ssl=1\" data-orig-size=\"577,1024\" data-comments-opened=\"1\" data-image-meta=\"{&quot;aperture&quot;:&quot;0&quot;,&quot;credit&quot;:&quot;&quot;,&quot;camera&quot;:&quot;&quot;,&quot;caption&quot;:&quot;&quot;,&quot;created_timestamp&quot;:&quot;0&quot;,&quot;copyright&quot;:&quot;&quot;,&quot;focal_length&quot;:&quot;0&quot;,&quot;iso&quot;:&quot;0&quot;,&quot;shutter_speed&quot;:&quot;0&quot;,&quot;title&quot;:&quot;&quot;,&quot;orientation&quot;:&quot;0&quot;}\" data-image-title=\"RuperKontzertua\" data-image-description=\"\" data-image-caption=\"\" data-medium-file=\"https:\/\/i0.wp.com\/iratiirratia.eus\/wp-content\/uploads\/2021\/11\/RuperKontzertua.jpg?fit=169%2C300&amp;ssl=1\" data-large-file=\"https:\/\/i0.wp.com\/iratiirratia.eus\/wp-content\/uploads\/2021\/11\/RuperKontzertua.jpg?fit=577%2C1024&amp;ssl=1\" decoding=\"async\" loading=\"lazy\" width=\"577\" height=\"1024\" src=\"https:\/\/i0.wp.com\/iratiirratia.eus\/wp-content\/uploads\/2021\/11\/RuperKontzertua.jpg?resize=577%2C1024&#038;ssl=1\" alt=\"\" class=\"wp-image-16785\" srcset=\"https:\/\/i0.wp.com\/iratiirratia.eus\/wp-content\/uploads\/2021\/11\/RuperKontzertua.jpg?w=577&amp;ssl=1 577w, https:\/\/i0.wp.com\/iratiirratia.eus\/wp-content\/uploads\/2021\/11\/RuperKontzertua.jpg?resize=169%2C300&amp;ssl=1 169w\" sizes=\"(max-width: 577px) 100vw, 577px\" data-recalc-dims=\"1\" \/><\/figure>\n\n\n\n<p><a href=\"http:\/\/iratiirratia.eus\/audio\/21-11-15RuperOrdorika.mp3\">Ruper Ordorika Irati irratian<\/a><\/p>\n\n\n\n<p><\/p>\n\n\n<p class=\"audioplayer_container\"><span style=\"display:block;padding:5px;border:1px solid #dddddd;background:#f8f8f8\" id=\"audioplayer_1\">Audio clip: Adobe Flash Player (version 9 or above) is required to play this audio clip. Download the latest version <a href=\"http:\/\/www.adobe.com\/shockwave\/download\/download.cgi?P1_Prod_Version=ShockwaveFlash&amp;promoid=BIOW\" title=\"Download Adobe Flash Player\">here<\/a>. You also need to have JavaScript enabled in your browser.<\/span><\/p>\n\n\n<p><!--EndFragment--><\/p>\n\n\n<p><\/p>\n","protected":false},"excerpt":{"rendered":"<p>Larunbateko kontzertua aitzakitzat hartuta O\u00f1atiko Koblakariarekin egoteko parada izan dugu. Ruper Ordorika dugu koblakari hori eta bere azken lanaren aurre-estreinaldia eginen du, &#8220;Amour eta Toujour&#8221; da lan berriaren izenburua eta erritmo eta errima berriarekin datorkigu. Berarekin batera bere ibilbidea eta azken lan honen nondik norakoak errepasatu ditugu. Larunbat honetan Pirinioetako AEK-k, Etxabarrengoak eta Aezkoako Batzarre [&hellip;]<\/p>\n","protected":false},"author":1,"featured_media":16786,"comment_status":"open","ping_status":"open","sticky":false,"template":"","format":"standard","meta":{"jetpack_post_was_ever_published":false,"_jetpack_newsletter_access":"","_jetpack_newsletter_tier_id":0,"jetpack_publicize_message":"Amour eta toujour Ruper Ordorikaren azken lanaren aurre-estreinaldia larunbatean Ariben #Aezkoa. Honen aitzakipean Ruperrekin solasaldia izan dugu gaurkoan. #Musika","jetpack_is_tweetstorm":false,"jetpack_publicize_feature_enabled":true,"jetpack_social_post_already_shared":true,"jetpack_social_options":{"image_generator_settings":{"template":"highway","enabled":false}}},"categories":[117,2,6,59,608],"tags":[1770,96,191,427],"jetpack_publicize_connections":[],"jetpack_featured_media_url":"https:\/\/i0.wp.com\/iratiirratia.eus\/wp-content\/uploads\/2021\/11\/1520-Ruper-Ordorika.jpg?fit=400%2C600&ssl=1","jetpack_shortlink":"https:\/\/wp.me\/p7eaXY-4mI","jetpack_sharing_enabled":true,"jetpack-related-posts":[{"id":16788,"url":"https:\/\/iratiirratia.eus\/index.php\/2021\/11\/15\/egun-on-aunamendi-euskalerria-eta-xorroxin-irratietara-bisita-eta-ruper-ordorikarekin-solasaldia\/","url_meta":{"origin":16784,"position":0},"title":"Egun On, Au\u00f1amendi! Euskalerria eta Xorroxin irratietara bisita eta Ruper Ordorikarekin solasaldia","author":"Irati Irratia","date":"15 azaroa, 2021","format":false,"excerpt":"Gaurko saio hasieran Irrintzi Dorrera joan gara Euskalerria irratira Haritz Pascual lagunak kronika egin zezan. Ondoren, Lesaka aldera jo dugu Xorroxin irratira Julen Zelaietak bertako azken berriak ekar zitzan. Bukatzeko, Ruper Ordorikarekin solasteko parada hartu dugu bere azken lana den \"Amour eta Toujour\" -en aurre-estreinaldia eginen baitu larunbatean Ariben. Izenburua:\u2026","rel":"","context":"In &quot;Egun on, Au\u00f1amendi!&quot;","block_context":{"text":"Egun on, Au\u00f1amendi!","link":"https:\/\/iratiirratia.eus\/index.php\/category\/egunon-aunamendi\/"},"img":{"alt_text":"","src":"","width":0,"height":0},"classes":[]},{"id":16808,"url":"https:\/\/iratiirratia.eus\/index.php\/2021\/11\/19\/egun-on-aunamendi-ruper-ordoika-eta-erronkariko-konexioa\/","url_meta":{"origin":16784,"position":1},"title":"Egun On, Au\u00f1amendi! Ruper Ordoika eta Erronkariko konexioa","author":"Irati Irratia","date":"19 azaroa, 2021","format":false,"excerpt":"Gaurko saiorako astelehenean Ruper Ordorikari egindako elkarrizketa berreskuratu dugu, bihar izanen baita kontzertua ematen Bukatzeko, Juan Pito bentara jo dugu Julian Gabasen ahotik Erronkariko azken berriak jasotzera. Izenburua: Azaroaren 19ko saioa Iraupena: 2 ordu 30 minutu Klikatu hemen saioa jaisteko [audio:http:\/\/iratiirratia.eus\/audio\/21-11-19.mp3]","rel":"","context":"In &quot;Egun on, Au\u00f1amendi!&quot;","block_context":{"text":"Egun on, Au\u00f1amendi!","link":"https:\/\/iratiirratia.eus\/index.php\/category\/egunon-aunamendi\/"},"img":{"alt_text":"","src":"","width":0,"height":0},"classes":[]},{"id":5694,"url":"https:\/\/iratiirratia.eus\/index.php\/2015\/01\/30\/ruper-ordorika-irati-irratian\/","url_meta":{"origin":16784,"position":2},"title":"Ruper Ordorika, Irati Irratian","author":"Irati Irratia","date":"30 urtarrila, 2015","format":false,"excerpt":"Izenburua: Ruper Ordorika, Irati Irratian Iraupena: 0:20 min Klikatu hemen saioa jaisteko [audio:http:\/\/iratiirratia.eus\/audio\/ruper_ordorika.mp3|titles=Egun on, Au\u00f1amendi! 15-01-30]","rel":"","context":"In &quot;Egun on, Au\u00f1amendi!&quot;","block_context":{"text":"Egun on, Au\u00f1amendi!","link":"https:\/\/iratiirratia.eus\/index.php\/category\/egunon-aunamendi\/"},"img":{"alt_text":"","src":"","width":0,"height":0},"classes":[]},{"id":14206,"url":"https:\/\/iratiirratia.eus\/index.php\/2019\/11\/04\/egunon-aunamendi-nafarroako-berdintasun-institutuarekin-solasean\/","url_meta":{"origin":16784,"position":3},"title":"Egunon Au\u00f1amendi! Nafarroako Berdintasun Institutuarekin solasean","author":"Irati Irratia","date":"4 azaroa, 2019","format":false,"excerpt":"Pirinioko emakumeen topaketen karietara mintzatu gara Marian Garcia INAIko (Nafarroako Berdintasun Institutua) kidearekin. Aurretik Euskalerria irratiko eta Xorroxin irratiko albisteak jaso ditugu gurean. Larunbatean Ruper Ordorikak Ariben emandako kontzertua ere gogoan hartu dugu, nola ez. Izenburua: Azaroaren 4ko saioa Iraupena: 2:30 ordu Klikatu hemen saioa jaisteko [audio:http:\/\/iratiirratia.eus\/audio\/19-11-04.mp3]","rel":"","context":"In &quot;Egun on, Au\u00f1amendi!&quot;","block_context":{"text":"Egun on, Au\u00f1amendi!","link":"https:\/\/iratiirratia.eus\/index.php\/category\/egunon-aunamendi\/"},"img":{"alt_text":"","src":"https:\/\/i0.wp.com\/iratiirratia.eus\/wp-content\/uploads\/2019\/11\/ruperAriben.jpg?fit=960%2C960&ssl=1&resize=350%2C200","width":350,"height":200,"srcset":"https:\/\/i0.wp.com\/iratiirratia.eus\/wp-content\/uploads\/2019\/11\/ruperAriben.jpg?fit=960%2C960&ssl=1&resize=350%2C200 1x, https:\/\/i0.wp.com\/iratiirratia.eus\/wp-content\/uploads\/2019\/11\/ruperAriben.jpg?fit=960%2C960&ssl=1&resize=525%2C300 1.5x, https:\/\/i0.wp.com\/iratiirratia.eus\/wp-content\/uploads\/2019\/11\/ruperAriben.jpg?fit=960%2C960&ssl=1&resize=700%2C400 2x"},"classes":[]},{"id":14719,"url":"https:\/\/iratiirratia.eus\/index.php\/2020\/04\/01\/pirinioko-soinu-banda-10-atala-eneko-villegas\/","url_meta":{"origin":16784,"position":4},"title":"Pirinioko Soinu Banda, 10. atala: Eneko Villegas","author":"Irati Irratia","date":"1 apirila, 2020","format":false,"excerpt":"Gaur aprobetxatuz bere urtebetetze eguna zela gure esataria den Eneko Villegas aritu da kantak jartzen. Bere bizitzari errepaso egin dio 10 kantuen bitartez. Zorionak Eneko! Abestiak: 1-Amaren besoetan-Sorotan Bele;2. The final countdown-Europe;3.Itxaropena- Su Ta Gar; 4.Otherside-Red Hot Cilli Peppers; 5.Bozgorailuetatik- Esne Beltza;6.Berandu dabiltza-Ruper Ordorika; 7. Ojos color sol- Calle 13\u2026","rel":"","context":"In &quot;Berriak&quot;","block_context":{"text":"Berriak","link":"https:\/\/iratiirratia.eus\/index.php\/category\/berriak\/"},"img":{"alt_text":"","src":"https:\/\/i0.wp.com\/iratiirratia.eus\/wp-content\/uploads\/2020\/04\/WhatsApp-Image-2020-04-01-at-09.03.21-e1585743687382.jpeg?fit=747%2C627&ssl=1&resize=350%2C200","width":350,"height":200,"srcset":"https:\/\/i0.wp.com\/iratiirratia.eus\/wp-content\/uploads\/2020\/04\/WhatsApp-Image-2020-04-01-at-09.03.21-e1585743687382.jpeg?fit=747%2C627&ssl=1&resize=350%2C200 1x, https:\/\/i0.wp.com\/iratiirratia.eus\/wp-content\/uploads\/2020\/04\/WhatsApp-Image-2020-04-01-at-09.03.21-e1585743687382.jpeg?fit=747%2C627&ssl=1&resize=525%2C300 1.5x, https:\/\/i0.wp.com\/iratiirratia.eus\/wp-content\/uploads\/2020\/04\/WhatsApp-Image-2020-04-01-at-09.03.21-e1585743687382.jpeg?fit=747%2C627&ssl=1&resize=700%2C400 2x"},"classes":[]},{"id":21542,"url":"https:\/\/iratiirratia.eus\/index.php\/2025\/02\/14\/pirinioetako-aek-ak-40-urte-egin-ditu-gure-lurraldea-euskalduntzen\/","url_meta":{"origin":16784,"position":5},"title":"Pirinioetako AEK-ak 40 urte egin ditu gure lurraldea euskalduntzen","author":"Eneko Villegas","date":"14 otsaila, 2025","format":false,"excerpt":"40 urte pasa dira Iosu gazte batek Pirinioetara helduen euskalduntzea bultzatzera gonbidatu zutenetik. Apurka-apurka hasi zen AEK gorpuzten eta gaur egun 16 talde eta 160 ikasle dira Pirinioetako AEKren bueltan euskara ikasten dabiltzanak, Esteribarretik hasita Erronkariraino, Agoitzera ere heldu egiten direlarik.Hau ospatzeko zenbait ekimen antolatu egin dituzte ikasturte honetan. Jada\u2026","rel":"","context":"In &quot;Berriak&quot;","block_context":{"text":"Berriak","link":"https:\/\/iratiirratia.eus\/index.php\/category\/berriak\/"},"img":{"alt_text":"","src":"https:\/\/i0.wp.com\/iratiirratia.eus\/wp-content\/uploads\/2019\/09\/aek.jpg?fit=475%2C350&ssl=1&resize=350%2C200","width":350,"height":200},"classes":[]}],"_links":{"self":[{"href":"https:\/\/iratiirratia.eus\/index.php\/wp-json\/wp\/v2\/posts\/16784"}],"collection":[{"href":"https:\/\/iratiirratia.eus\/index.php\/wp-json\/wp\/v2\/posts"}],"about":[{"href":"https:\/\/iratiirratia.eus\/index.php\/wp-json\/wp\/v2\/types\/post"}],"author":[{"embeddable":true,"href":"https:\/\/iratiirratia.eus\/index.php\/wp-json\/wp\/v2\/users\/1"}],"replies":[{"embeddable":true,"href":"https:\/\/iratiirratia.eus\/index.php\/wp-json\/wp\/v2\/comments?post=16784"}],"version-history":[{"count":1,"href":"https:\/\/iratiirratia.eus\/index.php\/wp-json\/wp\/v2\/posts\/16784\/revisions"}],"predecessor-version":[{"id":16787,"href":"https:\/\/iratiirratia.eus\/index.php\/wp-json\/wp\/v2\/posts\/16784\/revisions\/16787"}],"wp:featuredmedia":[{"embeddable":true,"href":"https:\/\/iratiirratia.eus\/index.php\/wp-json\/wp\/v2\/media\/16786"}],"wp:attachment":[{"href":"https:\/\/iratiirratia.eus\/index.php\/wp-json\/wp\/v2\/media?parent=16784"}],"wp:term":[{"taxonomy":"category","embeddable":true,"href":"https:\/\/iratiirratia.eus\/index.php\/wp-json\/wp\/v2\/categories?post=16784"},{"taxonomy":"post_tag","embeddable":true,"href":"https:\/\/iratiirratia.eus\/index.php\/wp-json\/wp\/v2\/tags?post=16784"}],"curies":[{"name":"wp","href":"https:\/\/api.w.org\/{rel}","templated":true}]}}