{"id":16788,"date":"2021-11-15T14:10:17","date_gmt":"2021-11-15T13:10:17","guid":{"rendered":"https:\/\/iratiirratia.eus\/?p=16788"},"modified":"2021-11-15T14:10:19","modified_gmt":"2021-11-15T13:10:19","slug":"egun-on-aunamendi-euskalerria-eta-xorroxin-irratietara-bisita-eta-ruper-ordorikarekin-solasaldia","status":"publish","type":"post","link":"https:\/\/iratiirratia.eus\/index.php\/2021\/11\/15\/egun-on-aunamendi-euskalerria-eta-xorroxin-irratietara-bisita-eta-ruper-ordorikarekin-solasaldia\/","title":{"rendered":"Egun On, Au\u00f1amendi! Euskalerria eta Xorroxin irratietara bisita eta Ruper Ordorikarekin solasaldia"},"content":{"rendered":"<p><!--StartFragment--><\/p>\n<p>Gaurko saio hasieran Irrintzi Dorrera joan gara <strong>Euskalerria irrati<\/strong>ra <strong>Haritz Pascual<\/strong> lagunak kronika egin zezan. Ondoren, Lesaka aldera jo dugu<strong> Xorroxin irrati<\/strong>ra <strong>Julen Zelaieta<\/strong>k bertako azken berriak ekar zitzan. Bukatzeko, <strong>Ruper Ordorika<\/strong>rekin solasteko parada hartu dugu bere azken lana den <strong>&#8220;Amour eta Toujour&#8221;<\/strong> -en aurre-estreinaldia eginen baitu larunbatean Ariben.<br \/><!--StartFragment--><\/p>\n\n\n<p><\/p>\n\n\n<p><!--StartFragment--><\/p>\n\n\n<figure class=\"wp-block-image\"><img data-attachment-id=\"535\" data-permalink=\"https:\/\/iratiirratia.eus\/egunon\/\" data-orig-file=\"https:\/\/i0.wp.com\/iratiirratia.eus\/wp-content\/uploads\/2011\/04\/egunon.jpg?fit=132%2C125&amp;ssl=1\" data-orig-size=\"132,125\" data-comments-opened=\"1\" data-image-meta=\"{&quot;aperture&quot;:&quot;0&quot;,&quot;credit&quot;:&quot;&quot;,&quot;camera&quot;:&quot;&quot;,&quot;caption&quot;:&quot;&quot;,&quot;created_timestamp&quot;:&quot;0&quot;,&quot;copyright&quot;:&quot;&quot;,&quot;focal_length&quot;:&quot;0&quot;,&quot;iso&quot;:&quot;0&quot;,&quot;shutter_speed&quot;:&quot;0&quot;,&quot;title&quot;:&quot;&quot;,&quot;orientation&quot;:&quot;0&quot;}\" data-image-title=\"egunon\" data-image-description=\"\" data-image-caption=\"\" data-medium-file=\"https:\/\/i0.wp.com\/iratiirratia.eus\/wp-content\/uploads\/2011\/04\/egunon.jpg?fit=132%2C125&amp;ssl=1\" data-large-file=\"https:\/\/i0.wp.com\/iratiirratia.eus\/wp-content\/uploads\/2011\/04\/egunon.jpg?fit=132%2C125&amp;ssl=1\" decoding=\"async\" loading=\"lazy\" width=\"132\" height=\"125\" src=\"https:\/\/i2.wp.com\/iratiirratia.eus\/wp-content\/uploads\/2011\/04\/egunon.jpg?w=640\" alt=\"Egun on, Au\u00f1amendi!\" class=\"wp-image-535\"\/><\/figure>\n\n\n\n<p><strong>Izenburua:<\/strong>  Azaroaren 15ko  saioa<\/p>\n\n\n\n<p><strong>Iraupena:<\/strong>  2  ordu 30 minutu<\/p>\n\n\n\n<p><a href=\"http:\/\/iratiirratia.eus\/audio\/21-11-15.mp3\">Klikatu  hemen  saioa  jaisteko<\/a><\/p>\n\n\n<p class=\"audioplayer_container\"><span style=\"display:block;padding:5px;border:1px solid #dddddd;background:#f8f8f8\" id=\"audioplayer_1\">Audio clip: Adobe Flash Player (version 9 or above) is required to play this audio clip. Download the latest version <a href=\"http:\/\/www.adobe.com\/shockwave\/download\/download.cgi?P1_Prod_Version=ShockwaveFlash&amp;promoid=BIOW\" title=\"Download Adobe Flash Player\">here<\/a>. You also need to have JavaScript enabled in your browser.<\/span><\/p>\n\n\n\n<p><\/p>\n","protected":false},"excerpt":{"rendered":"<p>Gaurko saio hasieran Irrintzi Dorrera joan gara Euskalerria irratira Haritz Pascual lagunak kronika egin zezan. Ondoren, Lesaka aldera jo dugu Xorroxin irratira Julen Zelaietak bertako azken berriak ekar zitzan. Bukatzeko, Ruper Ordorikarekin solasteko parada hartu dugu bere azken lana den &#8220;Amour eta Toujour&#8221; -en aurre-estreinaldia eginen baitu larunbatean Ariben. Izenburua: Azaroaren 15ko saioa Iraupena: 2 [&hellip;]<\/p>\n","protected":false},"author":1,"featured_media":0,"comment_status":"open","ping_status":"open","sticky":false,"template":"","format":"standard","meta":{"jetpack_post_was_ever_published":false,"_jetpack_newsletter_access":"","_jetpack_newsletter_tier_id":0,"jetpack_publicize_message":"#EgunOnAu\u00f1amendi! Euskalerria eta Xorroxin irratietara bisita eta Ruper Ordorikarekin solasaldia","jetpack_is_tweetstorm":false,"jetpack_publicize_feature_enabled":true,"jetpack_social_post_already_shared":true,"jetpack_social_options":{"image_generator_settings":{"template":"highway","enabled":false}}},"categories":[4],"tags":[1770,226,178,96,1091,497,191,427,181],"jetpack_publicize_connections":[],"jetpack_featured_media_url":"","jetpack_shortlink":"https:\/\/wp.me\/p7eaXY-4mM","jetpack_sharing_enabled":true,"jetpack-related-posts":[{"id":5694,"url":"https:\/\/iratiirratia.eus\/index.php\/2015\/01\/30\/ruper-ordorika-irati-irratian\/","url_meta":{"origin":16788,"position":0},"title":"Ruper Ordorika, Irati Irratian","author":"Irati Irratia","date":"30 urtarrila, 2015","format":false,"excerpt":"Izenburua: Ruper Ordorika, Irati Irratian Iraupena: 0:20 min Klikatu hemen saioa jaisteko [audio:http:\/\/iratiirratia.eus\/audio\/ruper_ordorika.mp3|titles=Egun on, Au\u00f1amendi! 15-01-30]","rel":"","context":"In &quot;Egun on, Au\u00f1amendi!&quot;","block_context":{"text":"Egun on, Au\u00f1amendi!","link":"https:\/\/iratiirratia.eus\/index.php\/category\/egunon-aunamendi\/"},"img":{"alt_text":"","src":"","width":0,"height":0},"classes":[]},{"id":16784,"url":"https:\/\/iratiirratia.eus\/index.php\/2021\/11\/15\/amour-eta-toujour-ruper-ordorikaren-azken-lanaren-aurre-estreinaldia-larunbatean-ariben\/","url_meta":{"origin":16788,"position":1},"title":"Amour eta toujour Ruper Ordorikaren azken lanaren aurre-estreinaldia larunbatean Ariben","author":"Irati Irratia","date":"15 azaroa, 2021","format":false,"excerpt":"Larunbateko kontzertua aitzakitzat hartuta O\u00f1atiko Koblakariarekin egoteko parada izan dugu. Ruper Ordorika dugu koblakari hori eta bere azken lanaren aurre-estreinaldia eginen du, \"Amour eta Toujour\" da lan berriaren izenburua eta erritmo eta errima berriarekin datorkigu. Berarekin batera bere ibilbidea eta azken lan honen nondik norakoak errepasatu ditugu. Larunbat honetan Pirinioetako\u2026","rel":"","context":"In &quot;Aezkoa&quot;","block_context":{"text":"Aezkoa","link":"https:\/\/iratiirratia.eus\/index.php\/category\/aezkoa\/"},"img":{"alt_text":"","src":"https:\/\/i0.wp.com\/iratiirratia.eus\/wp-content\/uploads\/2021\/11\/1520-Ruper-Ordorika.jpg?fit=400%2C600&ssl=1&resize=350%2C200","width":350,"height":200},"classes":[]},{"id":16808,"url":"https:\/\/iratiirratia.eus\/index.php\/2021\/11\/19\/egun-on-aunamendi-ruper-ordoika-eta-erronkariko-konexioa\/","url_meta":{"origin":16788,"position":2},"title":"Egun On, Au\u00f1amendi! Ruper Ordoika eta Erronkariko konexioa","author":"Irati Irratia","date":"19 azaroa, 2021","format":false,"excerpt":"Gaurko saiorako astelehenean Ruper Ordorikari egindako elkarrizketa berreskuratu dugu, bihar izanen baita kontzertua ematen Bukatzeko, Juan Pito bentara jo dugu Julian Gabasen ahotik Erronkariko azken berriak jasotzera. Izenburua: Azaroaren 19ko saioa Iraupena: 2 ordu 30 minutu Klikatu hemen saioa jaisteko [audio:http:\/\/iratiirratia.eus\/audio\/21-11-19.mp3]","rel":"","context":"In &quot;Egun on, Au\u00f1amendi!&quot;","block_context":{"text":"Egun on, Au\u00f1amendi!","link":"https:\/\/iratiirratia.eus\/index.php\/category\/egunon-aunamendi\/"},"img":{"alt_text":"","src":"","width":0,"height":0},"classes":[]},{"id":14206,"url":"https:\/\/iratiirratia.eus\/index.php\/2019\/11\/04\/egunon-aunamendi-nafarroako-berdintasun-institutuarekin-solasean\/","url_meta":{"origin":16788,"position":3},"title":"Egunon Au\u00f1amendi! Nafarroako Berdintasun Institutuarekin solasean","author":"Irati Irratia","date":"4 azaroa, 2019","format":false,"excerpt":"Pirinioko emakumeen topaketen karietara mintzatu gara Marian Garcia INAIko (Nafarroako Berdintasun Institutua) kidearekin. Aurretik Euskalerria irratiko eta Xorroxin irratiko albisteak jaso ditugu gurean. Larunbatean Ruper Ordorikak Ariben emandako kontzertua ere gogoan hartu dugu, nola ez. Izenburua: Azaroaren 4ko saioa Iraupena: 2:30 ordu Klikatu hemen saioa jaisteko [audio:http:\/\/iratiirratia.eus\/audio\/19-11-04.mp3]","rel":"","context":"In &quot;Egun on, Au\u00f1amendi!&quot;","block_context":{"text":"Egun on, Au\u00f1amendi!","link":"https:\/\/iratiirratia.eus\/index.php\/category\/egunon-aunamendi\/"},"img":{"alt_text":"","src":"https:\/\/i0.wp.com\/iratiirratia.eus\/wp-content\/uploads\/2019\/11\/ruperAriben.jpg?fit=960%2C960&ssl=1&resize=350%2C200","width":350,"height":200,"srcset":"https:\/\/i0.wp.com\/iratiirratia.eus\/wp-content\/uploads\/2019\/11\/ruperAriben.jpg?fit=960%2C960&ssl=1&resize=350%2C200 1x, https:\/\/i0.wp.com\/iratiirratia.eus\/wp-content\/uploads\/2019\/11\/ruperAriben.jpg?fit=960%2C960&ssl=1&resize=525%2C300 1.5x, https:\/\/i0.wp.com\/iratiirratia.eus\/wp-content\/uploads\/2019\/11\/ruperAriben.jpg?fit=960%2C960&ssl=1&resize=700%2C400 2x"},"classes":[]},{"id":17531,"url":"https:\/\/iratiirratia.eus\/index.php\/2022\/06\/21\/egun-on-aunamendi-euskalerria-eta-xorroxin-irratietara-bisita-9\/","url_meta":{"origin":16788,"position":4},"title":"Egun On, Au\u00f1amendi! Euskalerria eta Xorroxin irratietara bisita","author":"Irati Irratia","date":"21 ekaina, 2022","format":false,"excerpt":"Astelehenero bezala saioa Euskalerria irratian hasi dugu Haritz Pascualek bertako kronika pasa zezan. Ondoren, Lesakara joan gara Xorroxin irratira JuLen Zelaietaren ahotsetik bertako azken berriak ezagutzera. Izenburua: Ekainaren 13ko saioa Iraupena: 2 ordu 30 minutu Klikatu hemen saioa jeisteko [audio:http:\/\/iratiirratia.eus\/audio\/22-06-13.mp3]","rel":"","context":"In &quot;Egun on, Au\u00f1amendi!&quot;","block_context":{"text":"Egun on, Au\u00f1amendi!","link":"https:\/\/iratiirratia.eus\/index.php\/category\/egunon-aunamendi\/"},"img":{"alt_text":"","src":"","width":0,"height":0},"classes":[]},{"id":15866,"url":"https:\/\/iratiirratia.eus\/index.php\/2021\/03\/01\/egun-on-aunamendi-euskalerria-eta-xorroxin-irratiak-eta-mikel-zabalza-auzia\/","url_meta":{"origin":16788,"position":5},"title":"Egun On, Au\u00f1amendi! Euskalerria eta Xorroxin irratiak eta Mikel Zabalza auzia","author":"Irati Irratia","date":"1 martxoa, 2021","format":false,"excerpt":"Saio hau Euskalerria irratia eta Xorroxin irratia bisitatzen hasi dugu . Lehendabizikoek, Euskalerria irratikoek alegia, enplazamendu berri batetik gainera. Bertatik Haritz Pascualek eta Julen Zelaietak besteak beste pasa dizkigute bertako kronikak. Ondoren, Mikel Zabalza auziaren azkenengo gertakariak errepasatu ditugu. Izenburua: Martxoaren 1eko saioa Iraupena: 2:35 ordu Klikatu hemen saioa jaisteko\u2026","rel":"","context":"In &quot;Egun on, Au\u00f1amendi!&quot;","block_context":{"text":"Egun on, Au\u00f1amendi!","link":"https:\/\/iratiirratia.eus\/index.php\/category\/egunon-aunamendi\/"},"img":{"alt_text":"","src":"","width":0,"height":0},"classes":[]}],"_links":{"self":[{"href":"https:\/\/iratiirratia.eus\/index.php\/wp-json\/wp\/v2\/posts\/16788"}],"collection":[{"href":"https:\/\/iratiirratia.eus\/index.php\/wp-json\/wp\/v2\/posts"}],"about":[{"href":"https:\/\/iratiirratia.eus\/index.php\/wp-json\/wp\/v2\/types\/post"}],"author":[{"embeddable":true,"href":"https:\/\/iratiirratia.eus\/index.php\/wp-json\/wp\/v2\/users\/1"}],"replies":[{"embeddable":true,"href":"https:\/\/iratiirratia.eus\/index.php\/wp-json\/wp\/v2\/comments?post=16788"}],"version-history":[{"count":1,"href":"https:\/\/iratiirratia.eus\/index.php\/wp-json\/wp\/v2\/posts\/16788\/revisions"}],"predecessor-version":[{"id":16789,"href":"https:\/\/iratiirratia.eus\/index.php\/wp-json\/wp\/v2\/posts\/16788\/revisions\/16789"}],"wp:attachment":[{"href":"https:\/\/iratiirratia.eus\/index.php\/wp-json\/wp\/v2\/media?parent=16788"}],"wp:term":[{"taxonomy":"category","embeddable":true,"href":"https:\/\/iratiirratia.eus\/index.php\/wp-json\/wp\/v2\/categories?post=16788"},{"taxonomy":"post_tag","embeddable":true,"href":"https:\/\/iratiirratia.eus\/index.php\/wp-json\/wp\/v2\/tags?post=16788"}],"curies":[{"name":"wp","href":"https:\/\/api.w.org\/{rel}","templated":true}]}}