{"id":17411,"date":"2022-05-20T12:57:56","date_gmt":"2022-05-20T10:57:56","guid":{"rendered":"http:\/\/iratiirratia.eus\/?p=17411"},"modified":"2022-05-20T12:58:04","modified_gmt":"2022-05-20T10:58:04","slug":"mozal-legea-arbitrarioki-aplikatu-diotela-salatu-du-ahotsa-infoko-inigo-orduna-kazetaria","status":"publish","type":"post","link":"https:\/\/iratiirratia.eus\/index.php\/2022\/05\/20\/mozal-legea-arbitrarioki-aplikatu-diotela-salatu-du-ahotsa-infoko-inigo-orduna-kazetaria\/","title":{"rendered":"Mozal legea arbitrarioki aplikatu diotela salatu du Ahotsa.infoko I\u00f1igo Ordu\u00f1a kazetaria"},"content":{"rendered":"<p>Herri mugimenduaren hamaika ekimen eta lanketari bozgorailu lanak egiten die <strong>Ahotsa.info<\/strong> atariak. Halere, lan horri erantzunez hamaika izan dira errepresio ekimenak ere. Azkenekoa, Kontseilu Sozialistak egindako ekimen bat grabatzeagatik Mozal Legea aplikatu diotela salatu du <strong>I\u00f1igo Ordu\u00f1a<\/strong> kazetariak. Honen inguruan berarekin solasteko aukera izan dugu.<\/p>\n<p>\u00a0<\/p>\n<p><!--StartFragment--><\/p>\n\n\n<figure class=\"wp-block-embed is-type-video is-provider-youtube wp-block-embed-youtube wp-embed-aspect-16-9 wp-has-aspect-ratio\"><div class=\"wp-block-embed__wrapper\">\n<span class=\"embed-youtube\" style=\"text-align:center; display: block;\"><iframe loading=\"lazy\" class=\"youtube-player\" width=\"640\" height=\"360\" src=\"https:\/\/www.youtube.com\/embed\/fPUe2_BNaW4?version=3&#038;rel=1&#038;showsearch=0&#038;showinfo=1&#038;iv_load_policy=1&#038;fs=1&#038;hl=eu&#038;autohide=2&#038;wmode=transparent\" allowfullscreen=\"true\" style=\"border:0;\" sandbox=\"allow-scripts allow-same-origin allow-popups allow-presentation allow-popups-to-escape-sandbox\"><\/iframe><\/span>\n<\/div><\/figure>\n\n\n\n<p><a href=\"http:\/\/iratiirratia.eus\/audio\/22-05-18InigoAhotsa.mp3\">I\u00f1igo Ordu\u00f1a Irati irratian<\/a><\/p>\n\n\n\n<p><\/p>\n\n\n<p class=\"audioplayer_container\"><span style=\"display:block;padding:5px;border:1px solid #dddddd;background:#f8f8f8\" id=\"audioplayer_1\">Audio clip: Adobe Flash Player (version 9 or above) is required to play this audio clip. Download the latest version <a href=\"http:\/\/www.adobe.com\/shockwave\/download\/download.cgi?P1_Prod_Version=ShockwaveFlash&amp;promoid=BIOW\" title=\"Download Adobe Flash Player\">here<\/a>. You also need to have JavaScript enabled in your browser.<\/span><\/p>\n\n\n<p><!--EndFragment--><\/p>\n\n\n<p><p><\/p>\n\n\n<p><\/p>\n<p><!-- \/wp:paragraph --><\/p>","protected":false},"excerpt":{"rendered":"<p>Herri mugimenduaren hamaika ekimen eta lanketari bozgorailu lanak egiten die Ahotsa.info atariak. Halere, lan horri erantzunez hamaika izan dira errepresio ekimenak ere. Azkenekoa, Kontseilu Sozialistak egindako ekimen bat grabatzeagatik Mozal Legea aplikatu diotela salatu du I\u00f1igo Ordu\u00f1a kazetariak. Honen inguruan berarekin solasteko aukera izan dugu. \u00a0 I\u00f1igo Ordu\u00f1a Irati irratian<\/p>\n","protected":false},"author":1,"featured_media":0,"comment_status":"open","ping_status":"open","sticky":false,"template":"","format":"standard","meta":{"jetpack_post_was_ever_published":false,"_jetpack_newsletter_access":"","_jetpack_newsletter_tier_id":0,"jetpack_publicize_message":"Mozal legea arbitrarioki aplikatu diotela salatu du @AhotsaInfo -ko I\u00f1igo Ordu\u00f1a kazetaria #MozalLegeariEz","jetpack_is_tweetstorm":false,"jetpack_publicize_feature_enabled":true,"jetpack_social_post_already_shared":true,"jetpack_social_options":{"image_generator_settings":{"template":"highway","enabled":false}}},"categories":[2,6,641],"tags":[668,1999,2000],"jetpack_publicize_connections":[],"jetpack_featured_media_url":"","jetpack_shortlink":"https:\/\/wp.me\/p7eaXY-4wP","jetpack_sharing_enabled":true,"jetpack-related-posts":[{"id":17401,"url":"https:\/\/iratiirratia.eus\/index.php\/2022\/05\/20\/egun-on-aunamendi-euskara-aurrera-eta-karrape-irratia\/","url_meta":{"origin":17411,"position":0},"title":"Egun On, Au\u00f1amendi! Euskara aurrera eta Mozal Legea Ahotsa Infoko lagunei","author":"Irati Irratia","date":"20 maiatza, 2022","format":false,"excerpt":"Gaurkoa larunbatean Donostian izanen den Euskara Aurrera mobilizazioa aitzakitzat hartuta berreskuratu dugu bere garaian honen inguruan Gazte Euskaltzaleon Sareako kidea den Unai Irigarairekin izandako elkarrizketa. Ondoren, Ahotsa.infoko I\u00f1igo Ordu\u00f1a izan dugu berari aplikatutako Mozal legearen inguruan solasean. Izenburua: Maiatzaren 18ko saioa Iraupena: 2 ordu 30 minutu Klikatu hemen saioa jeisteko\u2026","rel":"","context":"In &quot;Egun on, Au\u00f1amendi!&quot;","block_context":{"text":"Egun on, Au\u00f1amendi!","link":"https:\/\/iratiirratia.eus\/index.php\/category\/egunon-aunamendi\/"},"img":{"alt_text":"","src":"","width":0,"height":0},"classes":[]},{"id":6308,"url":"https:\/\/iratiirratia.eus\/index.php\/2015\/07\/03\/eskubideak-murriztuz-mozala-ahora\/","url_meta":{"origin":17411,"position":1},"title":"Zer da Mozal Legea?","author":"Irati Irratia","date":"3 uztaila, 2015","format":false,"excerpt":"Izenburua: Paz Frances NUPeko irakaslea eta Salhaketako kidea Iraupena: 0:20 ordu Klikatu hemen saioa jaisteko [audio:http:\/\/iratiirratia.eus\/audio\/mozal.mp3|titles=Paz Frances NUPeko irakaslea eta Salhaketako kidea]","rel":"","context":"In &quot;Elkarrizketak&quot;","block_context":{"text":"Elkarrizketak","link":"https:\/\/iratiirratia.eus\/index.php\/category\/elkarrizketak\/"},"img":{"alt_text":"","src":"https:\/\/i0.wp.com\/iratiirratia.eus\/wp-content\/uploads\/2015\/07\/paz.jpg?fit=643%2C362&ssl=1&resize=350%2C200","width":350,"height":200,"srcset":"https:\/\/i0.wp.com\/iratiirratia.eus\/wp-content\/uploads\/2015\/07\/paz.jpg?fit=643%2C362&ssl=1&resize=350%2C200 1x, https:\/\/i0.wp.com\/iratiirratia.eus\/wp-content\/uploads\/2015\/07\/paz.jpg?fit=643%2C362&ssl=1&resize=525%2C300 1.5x"},"classes":[]},{"id":6306,"url":"https:\/\/iratiirratia.eus\/index.php\/2015\/07\/03\/egun-on-aunamendi-452\/","url_meta":{"origin":17411,"position":2},"title":"Egun on, Au\u00f1amendi!","author":"Irati Irratia","date":"3 uztaila, 2015","format":false,"excerpt":"Kritikatua izan da oso; baina indarreanda dago jada Mozal legea. Zer aldatu da? Galdera erantzun digu Paz Frances NUPeko irakasle eta Salhaketako kideak. Gure ingurura erreparatuz, berriz, Erronkariko, Luzaideko eta Aezkoako kontuak errepasatu ditugu. Izenburua: Uztailaren 3ko saioa Iraupena: 2:30 ordu Klikatu hemen saioa jaisteko [audio:http:\/\/iratiirratia.eus\/audio\/15-07-03.mp3|titles=Egun on, Au\u00f1amendi! 15-07-03]","rel":"","context":"In &quot;Egun on, Au\u00f1amendi!&quot;","block_context":{"text":"Egun on, Au\u00f1amendi!","link":"https:\/\/iratiirratia.eus\/index.php\/category\/egunon-aunamendi\/"},"img":{"alt_text":"","src":"","width":0,"height":0},"classes":[]},{"id":11950,"url":"https:\/\/iratiirratia.eus\/index.php\/2018\/03\/23\/egun-on-aunamendi-1056\/","url_meta":{"origin":17411,"position":3},"title":"Egun on, Au\u00f1amendi!","author":"Irati Irratia","date":"23 martxoa, 2018","format":false,"excerpt":"Gaurkoan Leire Barberena izan dugu, Au\u00f1amendi Gizarte zebitzuen mankomunitateak atera duen Jaibusaren inguruko kanpaina berriaz hitz egiten. Ondoren Gabriela Orduna izan dugu, Cederna-Garalurrekoa, eta berak Negozioen Erreleboa sustatzeko Burtsa iniziatibaz mintzo. Baite ere Erronkari aldera egin dugu salto eta Julian Gabasekin Erronkaribarko agenda errepasatu dugu. Eta, nola ez, berriak, inguruko\u2026","rel":"","context":"In &quot;Egun on, Au\u00f1amendi!&quot;","block_context":{"text":"Egun on, Au\u00f1amendi!","link":"https:\/\/iratiirratia.eus\/index.php\/category\/egunon-aunamendi\/"},"img":{"alt_text":"","src":"","width":0,"height":0},"classes":[]},{"id":21917,"url":"https:\/\/iratiirratia.eus\/index.php\/2025\/05\/09\/soinuaren-akordeak-entzunen-dira-larunbatean-ezkarozen\/","url_meta":{"origin":17411,"position":4},"title":"Soinuaren akordeak entzunen dira larunbatean Ezkarozen","author":"Eneko Villegas","date":"9 maiatza, 2025","format":false,"excerpt":"Nafarroako Goi-Mailako Musika Kontserbatorioko soinujoleak kontzertu bira bat antolatu dute euren herrietatik, ikasturte amaierako azterketa prestakuntza gisa. Bira honetan Ezkaroze, Antsoain, Galar eta Erriberri bisitatuko dituzte I\u00f1igo Pascual, Izarbe Loras, Adrian Martinez , Hegoi Bertolo eta Aitor Garciak sortutako boskotea. Lehen geldialdia asteburu honetan Ezkarozen izanen delako beraiengana jo eta\u2026","rel":"","context":"In &quot;Berriak&quot;","block_context":{"text":"Berriak","link":"https:\/\/iratiirratia.eus\/index.php\/category\/berriak\/"},"img":{"alt_text":"","src":"https:\/\/i0.wp.com\/iratiirratia.eus\/wp-content\/uploads\/2025\/05\/Imagen-de-WhatsApp-2025-04-30-a-las-21.08.06_3fcaf9d4.jpg?fit=848%2C1200&ssl=1&resize=350%2C200","width":350,"height":200,"srcset":"https:\/\/i0.wp.com\/iratiirratia.eus\/wp-content\/uploads\/2025\/05\/Imagen-de-WhatsApp-2025-04-30-a-las-21.08.06_3fcaf9d4.jpg?fit=848%2C1200&ssl=1&resize=350%2C200 1x, https:\/\/i0.wp.com\/iratiirratia.eus\/wp-content\/uploads\/2025\/05\/Imagen-de-WhatsApp-2025-04-30-a-las-21.08.06_3fcaf9d4.jpg?fit=848%2C1200&ssl=1&resize=525%2C300 1.5x, https:\/\/i0.wp.com\/iratiirratia.eus\/wp-content\/uploads\/2025\/05\/Imagen-de-WhatsApp-2025-04-30-a-las-21.08.06_3fcaf9d4.jpg?fit=848%2C1200&ssl=1&resize=700%2C400 2x"},"classes":[]},{"id":11957,"url":"https:\/\/iratiirratia.eus\/index.php\/2018\/03\/23\/negozien-erreleborako-burtsa\/","url_meta":{"origin":17411,"position":5},"title":"Negozien Erreleborako Burtsa","author":"Irati Irratia","date":"23 martxoa, 2018","format":false,"excerpt":"Gaurko saioan Cederna-Garalurreko kide den Gabriela Orduna izan dugu, Negozioen Erreleborako Burtsa iniziatiba berria aurkeztuz. Ikusita arazo franko zirela hainbat tokitan negozioen jarraipenean Nafar Gobernuak abian jarri zuen burtsa hau. Badira batzuk iniziatiban parte hartzen ari direnak. Iniziatiban parte-hartzeko: Negozien Errelebo Burtsa Klikatu hemen elkarrizketa jaisteko [audio:http:\/\/iratiirratia.eus\/audio\/18-03-23GabrielaCederna.mp3|titles=Negozio Errelebo]","rel":"","context":"In &quot;Berriak&quot;","block_context":{"text":"Berriak","link":"https:\/\/iratiirratia.eus\/index.php\/category\/berriak\/"},"img":{"alt_text":"","src":"","width":0,"height":0},"classes":[]}],"_links":{"self":[{"href":"https:\/\/iratiirratia.eus\/index.php\/wp-json\/wp\/v2\/posts\/17411"}],"collection":[{"href":"https:\/\/iratiirratia.eus\/index.php\/wp-json\/wp\/v2\/posts"}],"about":[{"href":"https:\/\/iratiirratia.eus\/index.php\/wp-json\/wp\/v2\/types\/post"}],"author":[{"embeddable":true,"href":"https:\/\/iratiirratia.eus\/index.php\/wp-json\/wp\/v2\/users\/1"}],"replies":[{"embeddable":true,"href":"https:\/\/iratiirratia.eus\/index.php\/wp-json\/wp\/v2\/comments?post=17411"}],"version-history":[{"count":1,"href":"https:\/\/iratiirratia.eus\/index.php\/wp-json\/wp\/v2\/posts\/17411\/revisions"}],"predecessor-version":[{"id":17412,"href":"https:\/\/iratiirratia.eus\/index.php\/wp-json\/wp\/v2\/posts\/17411\/revisions\/17412"}],"wp:attachment":[{"href":"https:\/\/iratiirratia.eus\/index.php\/wp-json\/wp\/v2\/media?parent=17411"}],"wp:term":[{"taxonomy":"category","embeddable":true,"href":"https:\/\/iratiirratia.eus\/index.php\/wp-json\/wp\/v2\/categories?post=17411"},{"taxonomy":"post_tag","embeddable":true,"href":"https:\/\/iratiirratia.eus\/index.php\/wp-json\/wp\/v2\/tags?post=17411"}],"curies":[{"name":"wp","href":"https:\/\/api.w.org\/{rel}","templated":true}]}}