{"id":17500,"date":"2022-06-07T14:06:59","date_gmt":"2022-06-07T12:06:59","guid":{"rendered":"https:\/\/iratiirratia.eus\/?p=17500"},"modified":"2022-06-07T14:07:05","modified_gmt":"2022-06-07T12:07:05","slug":"egun-on-aunamendi-biela-y-tierra-liburua-eta-estatu-batuak-eta-armak-hala-bedin","status":"publish","type":"post","link":"https:\/\/iratiirratia.eus\/index.php\/2022\/06\/07\/egun-on-aunamendi-biela-y-tierra-liburua-eta-estatu-batuak-eta-armak-hala-bedin\/","title":{"rendered":"Egun On, Au\u00f1amendi! Biela y Tierra liburua eta Estatu Batuak eta armak Hala Bedin"},"content":{"rendered":"<p><!--StartFragment--><\/p>\n<p>Saioa <strong>Biela y Tierra<\/strong> egitasmoa aurrera atera zuten <strong>Edurne Caballero<\/strong> eta <strong>Ana Santidrian<\/strong> izan ditugu, gaur honen inguruko liburua aurkeztuko baitute Jaurrietan. Ondoren, <strong>Ander Morazak<\/strong> <strong>Hala Bedin<\/strong> eginiko kolaborazioa ekarri dugu, Estatu Batuak eta Armak binomioa lantzen duena.<strong><br \/><\/strong><\/p>\n\n\n<p><\/p>\n\n\n<p><!--StartFragment--><\/p>\n\n\n<figure class=\"wp-block-image\"><img data-attachment-id=\"535\" data-permalink=\"https:\/\/iratiirratia.eus\/egunon\/\" data-orig-file=\"https:\/\/i0.wp.com\/iratiirratia.eus\/wp-content\/uploads\/2011\/04\/egunon.jpg?fit=132%2C125&amp;ssl=1\" data-orig-size=\"132,125\" data-comments-opened=\"1\" data-image-meta=\"{&quot;aperture&quot;:&quot;0&quot;,&quot;credit&quot;:&quot;&quot;,&quot;camera&quot;:&quot;&quot;,&quot;caption&quot;:&quot;&quot;,&quot;created_timestamp&quot;:&quot;0&quot;,&quot;copyright&quot;:&quot;&quot;,&quot;focal_length&quot;:&quot;0&quot;,&quot;iso&quot;:&quot;0&quot;,&quot;shutter_speed&quot;:&quot;0&quot;,&quot;title&quot;:&quot;&quot;,&quot;orientation&quot;:&quot;0&quot;}\" data-image-title=\"egunon\" data-image-description=\"\" data-image-caption=\"\" data-medium-file=\"https:\/\/i0.wp.com\/iratiirratia.eus\/wp-content\/uploads\/2011\/04\/egunon.jpg?fit=132%2C125&amp;ssl=1\" data-large-file=\"https:\/\/i0.wp.com\/iratiirratia.eus\/wp-content\/uploads\/2011\/04\/egunon.jpg?fit=132%2C125&amp;ssl=1\" decoding=\"async\" loading=\"lazy\" width=\"132\" height=\"125\" src=\"https:\/\/i2.wp.com\/iratiirratia.eus\/wp-content\/uploads\/2011\/04\/egunon.jpg?w=640\" alt=\"Egun on, Au\u00f1amendi!\" class=\"wp-image-535\"\/><\/figure>\n\n\n\n<p><strong>Izenburua:<\/strong>  Ekainaren 7ko saioa<\/p>\n\n\n\n<p><strong>Iraupena:<\/strong>  2 ordu 30 minutu<\/p>\n\n\n\n<p><a href=\"http:\/\/iratiirratia.eus\/audio\/22-06-07.mp3\">Klikatu  hemen  saioa jeisteko<\/a><\/p>\n\n\n<p class=\"audioplayer_container\"><span style=\"display:block;padding:5px;border:1px solid #dddddd;background:#f8f8f8\" id=\"audioplayer_1\">Audio clip: Adobe Flash Player (version 9 or above) is required to play this audio clip. Download the latest version <a href=\"http:\/\/www.adobe.com\/shockwave\/download\/download.cgi?P1_Prod_Version=ShockwaveFlash&amp;promoid=BIOW\" title=\"Download Adobe Flash Player\">here<\/a>. You also need to have JavaScript enabled in your browser.<\/span><\/p>\n\n\n\n<p><\/p>\n","protected":false},"excerpt":{"rendered":"<p>Saioa Biela y Tierra egitasmoa aurrera atera zuten Edurne Caballero eta Ana Santidrian izan ditugu, gaur honen inguruko liburua aurkeztuko baitute Jaurrietan. Ondoren, Ander Morazak Hala Bedin eginiko kolaborazioa ekarri dugu, Estatu Batuak eta Armak binomioa lantzen duena. Izenburua: Ekainaren 7ko saioa Iraupena: 2 ordu 30 minutu Klikatu hemen saioa jeisteko<\/p>\n","protected":false},"author":1,"featured_media":0,"comment_status":"open","ping_status":"open","sticky":false,"template":"","format":"standard","meta":{"jetpack_post_was_ever_published":false,"_jetpack_newsletter_access":"","_jetpack_newsletter_tier_id":0,"jetpack_publicize_message":"#EgunOnAu\u00f1amendi! Biela y Tierra liburua eta Estatu Batuak eta armak Hala Bedin","jetpack_is_tweetstorm":false,"jetpack_publicize_feature_enabled":true,"jetpack_social_post_already_shared":true,"jetpack_social_options":{"image_generator_settings":{"template":"highway","enabled":false}}},"categories":[4],"tags":[2040,2042,2039,2041,226,225],"jetpack_publicize_connections":[],"jetpack_featured_media_url":"","jetpack_shortlink":"https:\/\/wp.me\/p7eaXY-4yg","jetpack_sharing_enabled":true,"jetpack-related-posts":[{"id":17502,"url":"https:\/\/iratiirratia.eus\/index.php\/2022\/06\/07\/biela-y-tierra-liburua-aurkeztuko-dute-jaurrietan\/","url_meta":{"origin":17500,"position":0},"title":"Biela y Tierra liburua aurkeztuko dute Jaurrietan","author":"Irati Irratia","date":"7 ekaina, 2022","format":false,"excerpt":"2019. urtean 3000km egin zituzten bizikletaz Iberiar Penintsulan zehar, agroekologia eta elikadura subirautza proiektuak lotzen. Honen inguruko egunerokoa eraman zuten eta jendearen eskakizunei erantzunez erabaki zuten proiektua liburu bilakatzea. Liburua Biela y Tierra dugu eta proiektuaren laburpen bat da, zeina gaur Jaurrietan aurkeztuko duten Pirimakume emakume sareak gonbidatuta. Honen inguruan\u2026","rel":"","context":"In &quot;Berriak&quot;","block_context":{"text":"Berriak","link":"https:\/\/iratiirratia.eus\/index.php\/category\/berriak\/"},"img":{"alt_text":"","src":"https:\/\/i0.wp.com\/iratiirratia.eus\/wp-content\/uploads\/2019\/08\/logo-home-head-2.png?fit=425%2C265&ssl=1&resize=350%2C200","width":350,"height":200},"classes":[]},{"id":21419,"url":"https:\/\/iratiirratia.eus\/index.php\/2025\/01\/28\/landa-eremua-gazteak-eta-bizikletak-batzen-dituen-rural-forks-proiektua-ezagutzen\/","url_meta":{"origin":17500,"position":1},"title":"Landa eremua, gazteak eta bizikletak batzen dituen Rural Forks proiektua ezagutzen","author":"Eneko Villegas","date":"28 urtarrila, 2025","format":false,"excerpt":"Bada Aragoien, Gaztelan eta Nafarroan landa-eremua, gazteak eta bizikletak batzen dituen proiektu bat eta hori litzateke Rural Forks proiektua. Biela y Tierra eta Brujula Intercultural elkarteak batu eta ideia garatzen aritu ziren. Aurtengoa 3. edizioa izanen da eta euren helburuak gazteen ahalduntzea, landa-eremuko proiektu interesgarriei ikusgarritasuna ematea, garapen jasangarria sustatzea\u2026","rel":"","context":"In &quot;Berriak&quot;","block_context":{"text":"Berriak","link":"https:\/\/iratiirratia.eus\/index.php\/category\/berriak\/"},"img":{"alt_text":"","src":"https:\/\/i0.wp.com\/img.youtube.com\/vi\/HTe9kns5EbA\/0.jpg?resize=350%2C200","width":350,"height":200},"classes":[]},{"id":13813,"url":"https:\/\/iratiirratia.eus\/index.php\/2019\/08\/29\/egun-on-aunamendi-1363\/","url_meta":{"origin":17500,"position":2},"title":"Egun on, Au\u00f1amendi!","author":"Irati Irratia","date":"29 abuztua, 2019","format":false,"excerpt":"Gaurkoa Erronkari ibarra bisitatzen hasi dugu. Hantxe ADI-IKEko kidea den Aitor Perez topatu dugu eta berak lagundua Belagoa Kilometro Bertikalari egin diogu errepasoa. Bukatzeko bikote bat izan dugu \"Biela y Tierra\" proiektuaren barnean dabiltzan Ana Santidrian eta Edurne Caballero izan ditugu proiektu bera aurkezten. Eta, nola ez, berriak, inguruko abisuak\u2026","rel":"","context":"In &quot;Egun on, Au\u00f1amendi!&quot;","block_context":{"text":"Egun on, Au\u00f1amendi!","link":"https:\/\/iratiirratia.eus\/index.php\/category\/egunon-aunamendi\/"},"img":{"alt_text":"","src":"","width":0,"height":0},"classes":[]},{"id":13815,"url":"https:\/\/iratiirratia.eus\/index.php\/2019\/08\/29\/garapen-jasangarriaren-aldeko-ekimen-mugikorra\/","url_meta":{"origin":17500,"position":3},"title":"Garapen jasangarriaren aldeko ekimen mugikorra","author":"Irati Irratia","date":"29 abuztua, 2019","format":false,"excerpt":"Horrelakoa da \"Biela y Tierra\" proiektua. Garapen jasangarria eta nekazaritza ekologikoa barnebiltzen dituen proiektua. Zaragozatik irten eta 2500 km egitera doaz gure hurrengo bi gonbidatuak, Ana Santidrian eta Edurne Caballero. Ekimen honetan lehen aipatutako helburuak dituzten iniziatiba ezberdinak bisitatu dituzte(100dik gora), horien artean Trigolimpio, Mari Cruz nekazal turismoa eta Lakabe.\u2026","rel":"","context":"In &quot;Berriak&quot;","block_context":{"text":"Berriak","link":"https:\/\/iratiirratia.eus\/index.php\/category\/berriak\/"},"img":{"alt_text":"","src":"https:\/\/i0.wp.com\/iratiirratia.eus\/wp-content\/uploads\/2019\/08\/logo-home-head-2.png?fit=425%2C265&ssl=1&resize=350%2C200","width":350,"height":200},"classes":[]},{"id":5599,"url":"https:\/\/iratiirratia.eus\/index.php\/2014\/12\/12\/presentacion-del-libro-mirthad-la-tierra-conocida-de-arkaitz-leon\/","url_meta":{"origin":17500,"position":4},"title":"Presentaci\u00f3n del libro &#8216;Mirthad, la Tierra Conocida&#8217;, de Arkaitz Leon","author":"Irati Irratia","date":"12 abendua, 2014","format":false,"excerpt":"Izenburua: Presentaci\u00f3n del libro 'Mirthad, la Tierra Conocida' Iraupena: 0:20 min Klikatu hemen saioa jaisteko [audio:http:\/\/iratiirratia.net\/audio\/arkaitz_leon.mp3|titles=Egun on, Au\u00f1amendi! 14-12-12]","rel":"","context":"In &quot;Egun on, Au\u00f1amendi!&quot;","block_context":{"text":"Egun on, Au\u00f1amendi!","link":"https:\/\/iratiirratia.eus\/index.php\/category\/egunon-aunamendi\/"},"img":{"alt_text":"","src":"","width":0,"height":0},"classes":[]},{"id":23348,"url":"https:\/\/iratiirratia.eus\/index.php\/2026\/03\/09\/manuel-de-ynchausti-ardatz-duen-liburua-aurkeztuko-da-ostiralean-irunean\/","url_meta":{"origin":17500,"position":5},"title":"Manuel De Ynchausti ardatz duen liburua aurkeztuko da ostiralean Iru\u00f1ean","author":"Eneko Villegas","date":"9 martxoa, 2026","format":false,"excerpt":"Gerraostekoetan izandako zenbait lagun ezezagun bezain esainguratsuk beharko lukete ostirala honetan aurkeztuko den lan baten beharra. Hori litzateke Manuel De Ynchausti filipinar eta estatu batuar nortasuna zuen euskal herritarra, zeina Jatsu herrian gerratik ihes egindako haurrak artatzeko kolonia bat zabaldu zuen. Hor ere garrantzitsua izan zen bere emaztea Ana Belen\u2026","rel":"","context":"In &quot;Berriak&quot;","block_context":{"text":"Berriak","link":"https:\/\/iratiirratia.eus\/index.php\/category\/berriak\/"},"img":{"alt_text":"","src":"https:\/\/i0.wp.com\/iratiirratia.eus\/wp-content\/uploads\/2026\/03\/irratia_Manuel_Ynchausti.jpg?fit=750%2C356&ssl=1&resize=350%2C200","width":350,"height":200,"srcset":"https:\/\/i0.wp.com\/iratiirratia.eus\/wp-content\/uploads\/2026\/03\/irratia_Manuel_Ynchausti.jpg?fit=750%2C356&ssl=1&resize=350%2C200 1x, https:\/\/i0.wp.com\/iratiirratia.eus\/wp-content\/uploads\/2026\/03\/irratia_Manuel_Ynchausti.jpg?fit=750%2C356&ssl=1&resize=525%2C300 1.5x, https:\/\/i0.wp.com\/iratiirratia.eus\/wp-content\/uploads\/2026\/03\/irratia_Manuel_Ynchausti.jpg?fit=750%2C356&ssl=1&resize=700%2C400 2x"},"classes":[]}],"_links":{"self":[{"href":"https:\/\/iratiirratia.eus\/index.php\/wp-json\/wp\/v2\/posts\/17500"}],"collection":[{"href":"https:\/\/iratiirratia.eus\/index.php\/wp-json\/wp\/v2\/posts"}],"about":[{"href":"https:\/\/iratiirratia.eus\/index.php\/wp-json\/wp\/v2\/types\/post"}],"author":[{"embeddable":true,"href":"https:\/\/iratiirratia.eus\/index.php\/wp-json\/wp\/v2\/users\/1"}],"replies":[{"embeddable":true,"href":"https:\/\/iratiirratia.eus\/index.php\/wp-json\/wp\/v2\/comments?post=17500"}],"version-history":[{"count":1,"href":"https:\/\/iratiirratia.eus\/index.php\/wp-json\/wp\/v2\/posts\/17500\/revisions"}],"predecessor-version":[{"id":17501,"href":"https:\/\/iratiirratia.eus\/index.php\/wp-json\/wp\/v2\/posts\/17500\/revisions\/17501"}],"wp:attachment":[{"href":"https:\/\/iratiirratia.eus\/index.php\/wp-json\/wp\/v2\/media?parent=17500"}],"wp:term":[{"taxonomy":"category","embeddable":true,"href":"https:\/\/iratiirratia.eus\/index.php\/wp-json\/wp\/v2\/categories?post=17500"},{"taxonomy":"post_tag","embeddable":true,"href":"https:\/\/iratiirratia.eus\/index.php\/wp-json\/wp\/v2\/tags?post=17500"}],"curies":[{"name":"wp","href":"https:\/\/api.w.org\/{rel}","templated":true}]}}