{"id":17545,"date":"2022-06-22T13:31:00","date_gmt":"2022-06-22T11:31:00","guid":{"rendered":"https:\/\/iratiirratia.eus\/?p=17545"},"modified":"2022-06-22T13:31:07","modified_gmt":"2022-06-22T11:31:07","slug":"transpirenaica-social-y-solidaria-bakearen-aldeko-bidea-eginen-du-aurten","status":"publish","type":"post","link":"https:\/\/iratiirratia.eus\/index.php\/2022\/06\/22\/transpirenaica-social-y-solidaria-bakearen-aldeko-bidea-eginen-du-aurten\/","title":{"rendered":"Transpirenaica Social y Solidaria bakearen aldeko bidea eginen du aurten"},"content":{"rendered":"<p>Gaur <strong>Transpirenaica Social y Solidaria<\/strong> proiektua ezagutzen eman dugu saioa. Lehendabizi<strong>, Irene Zendrera<\/strong> izan dugu proiektuaren osotasuna zein den erakusten. Ondoren.<strong> CEAR Nafarroako Michelle <\/strong>izan dugu proiektuaren egunerokotasunean zer egiten duten azaltzen. <strong><br \/><\/strong><\/p>\n<p>Informazio gehiagorako edo proiektuan zure aletxoa jarri nahiko bazenu hemen duzue aukera: <a href=\"https:\/\/transpirenaicasocialsolidaria.org\/\">https:\/\/transpirenaicasocialsolidaria.org\/<\/a><\/p>\n<p>\u00a0<\/p>\n<p><em>\u00a0Irene Zendrera Irati Irratian:<br \/><\/em><\/p>\n<p><!--StartFragment--><\/p>\n\n\n<figure class=\"wp-block-audio\"><audio controls src=\"http:\/\/iratiirratia.eus\/audio\/22-06-21IreneTranspi.mp3\"><\/audio><\/figure>\n\n\n\n<p><em>CEAReko Michelle Irati irratian<\/em><\/p>\n\n\n\n<figure class=\"wp-block-audio\"><audio controls src=\"http:\/\/iratiirratia.eus\/audio\/22-06-21MichelleONA.mp3\"><\/audio><\/figure>\n\n\n<p><!--EndFragment--><\/p>\n\n\n<p><\/p>\n\n\n<p><\/p>\n<p><!-- \/wp:paragraph -\n<\/p>\n\n\n\n\n\n\n\n\n\n\n\n\n\n--><\/p>","protected":false},"excerpt":{"rendered":"<p>Gaur Transpirenaica Social y Solidaria proiektua ezagutzen eman dugu saioa. Lehendabizi, Irene Zendrera izan dugu proiektuaren osotasuna zein den erakusten. Ondoren. CEAR Nafarroako Michelle izan dugu proiektuaren egunerokotasunean zer egiten duten azaltzen. Informazio gehiagorako edo proiektuan zure aletxoa jarri nahiko bazenu hemen duzue aukera: https:\/\/transpirenaicasocialsolidaria.org\/ \u00a0 \u00a0Irene Zendrera Irati Irratian: CEAReko Michelle Irati irratian<\/p>\n","protected":false},"author":1,"featured_media":17546,"comment_status":"open","ping_status":"open","sticky":false,"template":"","format":"standard","meta":{"jetpack_post_was_ever_published":false,"_jetpack_newsletter_access":"","_jetpack_newsletter_tier_id":0,"jetpack_publicize_message":"@TranspiSS bakearen aldeko bidea eginen du aurten. Bertako kide diren Irene Zendrera eta  @CEARefugio -ko Michelle izan ditugu gurean. #Elkartasuna #Bakea","jetpack_is_tweetstorm":false,"jetpack_publicize_feature_enabled":true,"jetpack_social_post_already_shared":true,"jetpack_social_options":{"image_generator_settings":{"template":"highway","enabled":false}}},"categories":[2,6,1016],"tags":[2060,2058,2059,2057],"jetpack_publicize_connections":[],"jetpack_featured_media_url":"https:\/\/i0.wp.com\/iratiirratia.eus\/wp-content\/uploads\/2022\/06\/transpirenaica.jpg?fit=300%2C168&ssl=1","jetpack_shortlink":"https:\/\/wp.me\/p7eaXY-4yZ","jetpack_sharing_enabled":true,"jetpack-related-posts":[{"id":17543,"url":"https:\/\/iratiirratia.eus\/index.php\/2022\/06\/22\/egun-on-aunamendi-aralar-irratia-eta-transpirenaica-social-y-solidaria-egitasmoa\/","url_meta":{"origin":17545,"position":0},"title":"Egun On, Au\u00f1amendi! Aralar irratia eta Transpirenaica Social y Solidaria egitasmoa","author":"Irati Irratia","date":"22 ekaina, 2022","format":false,"excerpt":"Gaurko saioaren hasieran Martin Juanenarekin izan gara Aralar irratian bertako kronika eman zezan. Ondoren, Transpirenaica Social y Solidaria egitasmoa ezagutu dugu bertako antolatzailea den Irene Zendrera eta CEAR Nafarroako Michellen laguntzarekin. Izenburua: Ekainaren 21eko saioa Iraupena: 2 ordu 30 minutu Klikatu hemen saioa jeisteko [audio:http:\/\/iratiirratia.eus\/audio\/22-06-21.mp3]","rel":"","context":"In &quot;Egun on, Au\u00f1amendi!&quot;","block_context":{"text":"Egun on, Au\u00f1amendi!","link":"https:\/\/iratiirratia.eus\/index.php\/category\/egunon-aunamendi\/"},"img":{"alt_text":"","src":"","width":0,"height":0},"classes":[]},{"id":8983,"url":"https:\/\/iratiirratia.eus\/index.php\/2016\/06\/15\/hiriberrira-iritsiko-da-gaur-transpirenaica-social-y-solidaria\/","url_meta":{"origin":17545,"position":1},"title":"Hiriberrira iritsiko da gaur Transpirenaica Social y Solidaria","author":"Irati Irratia","date":"15 ekaina, 2016","format":false,"excerpt":"Orreagatik Hiriberrira dute gaur paseoa Transpirenaica Social y Solidaria martxan parte hartzen ari diren pertsonek. Irene Zendrera antolatzailearekin izan gara hizketan, eta beste parte hartzaile batzuk aurkeztu dizkigu: [audio:http:\/\/iratiirratia.eus\/audio\/Transpirenaica.mp3|titles= TranspirenaicaSS] Klikatu hemen elkarrizketa jaisteko Europako hainbat errefuxiatu guneetan izan den pertsona batek bere esperientzia kontatuko du gaur Hiriberriko Pettuberro aretoan,\u2026","rel":"","context":"In &quot;Berriak&quot;","block_context":{"text":"Berriak","link":"https:\/\/iratiirratia.eus\/index.php\/category\/berriak\/"},"img":{"alt_text":"","src":"https:\/\/i0.wp.com\/iratiirratia.eus\/wp-content\/uploads\/2016\/06\/maxresdefault-e1465900413966.jpg?fit=963%2C281&ssl=1&resize=350%2C200","width":350,"height":200,"srcset":"https:\/\/i0.wp.com\/iratiirratia.eus\/wp-content\/uploads\/2016\/06\/maxresdefault-e1465900413966.jpg?fit=963%2C281&ssl=1&resize=350%2C200 1x, https:\/\/i0.wp.com\/iratiirratia.eus\/wp-content\/uploads\/2016\/06\/maxresdefault-e1465900413966.jpg?fit=963%2C281&ssl=1&resize=525%2C300 1.5x, https:\/\/i0.wp.com\/iratiirratia.eus\/wp-content\/uploads\/2016\/06\/maxresdefault-e1465900413966.jpg?fit=963%2C281&ssl=1&resize=700%2C400 2x"},"classes":[]},{"id":8967,"url":"https:\/\/iratiirratia.eus\/index.php\/2016\/06\/14\/gaur-iritsiko-da-sorogainera-transpirenaica-social-y-solidaria\/","url_meta":{"origin":17545,"position":2},"title":"Gaur iritsiko da Sorogainera Transpirenaica Social y Solidaria","author":"Irati Irratia","date":"14 ekaina, 2016","format":false,"excerpt":"Ostegunean hasi zen Transpirenaica Social y Solidaria. 300 gaztek hartuko dute parte, eta 42 egunetan zeharkatuko dituzte Pirinioak. Urkiagatik Sorogainera dute gaur ibilbidea, eta arratsaldeko seietan Foro de Inclusi\u00f3n Social \"Abre tu mirada\" izanen dute Zabaldikan, aterpeko eta Iru\u00f1ako Sagrado Coraz\u00f3neko kideekin. Bihar Orreagatik Hiriberrira eginen dute paseoa, eta etzi\u2026","rel":"","context":"In &quot;Berriak&quot;","block_context":{"text":"Berriak","link":"https:\/\/iratiirratia.eus\/index.php\/category\/berriak\/"},"img":{"alt_text":"","src":"https:\/\/i0.wp.com\/iratiirratia.eus\/wp-content\/uploads\/2016\/06\/maxresdefault-e1465900413966.jpg?fit=963%2C281&ssl=1&resize=350%2C200","width":350,"height":200,"srcset":"https:\/\/i0.wp.com\/iratiirratia.eus\/wp-content\/uploads\/2016\/06\/maxresdefault-e1465900413966.jpg?fit=963%2C281&ssl=1&resize=350%2C200 1x, https:\/\/i0.wp.com\/iratiirratia.eus\/wp-content\/uploads\/2016\/06\/maxresdefault-e1465900413966.jpg?fit=963%2C281&ssl=1&resize=525%2C300 1.5x, https:\/\/i0.wp.com\/iratiirratia.eus\/wp-content\/uploads\/2016\/06\/maxresdefault-e1465900413966.jpg?fit=963%2C281&ssl=1&resize=700%2C400 2x"},"classes":[]},{"id":8977,"url":"https:\/\/iratiirratia.eus\/index.php\/2016\/06\/15\/egun-on-aunamendi-651\/","url_meta":{"origin":17545,"position":3},"title":"Egun on, Au\u00f1amendi!","author":"Irati Irratia","date":"15 ekaina, 2016","format":false,"excerpt":"Aranzadi Zientzia Elkarteko Ekhi\u00f1e Garcia elkarrizketatu dugu. Ostiral eta larunbatean hitzaldiak eskainiko dituzte Aurizberrin eta Auritzen Pirinioko erromatar galtzadak eta aztarnategiak ezagutarazteko. Transpirenaica Social y Solidarian parte hartzen dauden pertsonak ere ezagutu ditugu, gaur Hiriberrin izanen dira. Asteartero bezala, gainera, Karrape irratia bisitatu dugu. Au\u00f1amendi Gizarte Zerbitzuen mankomunitateak antolatuako jaibusaren\u2026","rel":"","context":"In &quot;Egun on, Au\u00f1amendi!&quot;","block_context":{"text":"Egun on, Au\u00f1amendi!","link":"https:\/\/iratiirratia.eus\/index.php\/category\/egunon-aunamendi\/"},"img":{"alt_text":"","src":"","width":0,"height":0},"classes":[]},{"id":17502,"url":"https:\/\/iratiirratia.eus\/index.php\/2022\/06\/07\/biela-y-tierra-liburua-aurkeztuko-dute-jaurrietan\/","url_meta":{"origin":17545,"position":4},"title":"Biela y Tierra liburua aurkeztuko dute Jaurrietan","author":"Irati Irratia","date":"7 ekaina, 2022","format":false,"excerpt":"2019. urtean 3000km egin zituzten bizikletaz Iberiar Penintsulan zehar, agroekologia eta elikadura subirautza proiektuak lotzen. Honen inguruko egunerokoa eraman zuten eta jendearen eskakizunei erantzunez erabaki zuten proiektua liburu bilakatzea. Liburua Biela y Tierra dugu eta proiektuaren laburpen bat da, zeina gaur Jaurrietan aurkeztuko duten Pirimakume emakume sareak gonbidatuta. Honen inguruan\u2026","rel":"","context":"In &quot;Berriak&quot;","block_context":{"text":"Berriak","link":"https:\/\/iratiirratia.eus\/index.php\/category\/berriak\/"},"img":{"alt_text":"","src":"https:\/\/i0.wp.com\/iratiirratia.eus\/wp-content\/uploads\/2019\/08\/logo-home-head-2.png?fit=425%2C265&ssl=1&resize=350%2C200","width":350,"height":200},"classes":[]},{"id":4384,"url":"https:\/\/iratiirratia.eus\/index.php\/2013\/12\/13\/cambio-social-en-navarra\/","url_meta":{"origin":17545,"position":5},"title":"Cambio social en Navarra","author":"Irati Irratia","date":"13 abendua, 2013","format":false,"excerpt":"Izenburua: Cambio social en Navarra Iraupena: 0:19 ordu Klikatu hemen saioa jaisteko [audio:http:\/\/iratiirratia.net\/audio\/2cambiosocial.mp3|titles=Egun on, Au\u00f1amendi! 13-12-13]","rel":"","context":"In &quot;Egun on, Au\u00f1amendi!&quot;","block_context":{"text":"Egun on, Au\u00f1amendi!","link":"https:\/\/iratiirratia.eus\/index.php\/category\/egunon-aunamendi\/"},"img":{"alt_text":"","src":"","width":0,"height":0},"classes":[]}],"_links":{"self":[{"href":"https:\/\/iratiirratia.eus\/index.php\/wp-json\/wp\/v2\/posts\/17545"}],"collection":[{"href":"https:\/\/iratiirratia.eus\/index.php\/wp-json\/wp\/v2\/posts"}],"about":[{"href":"https:\/\/iratiirratia.eus\/index.php\/wp-json\/wp\/v2\/types\/post"}],"author":[{"embeddable":true,"href":"https:\/\/iratiirratia.eus\/index.php\/wp-json\/wp\/v2\/users\/1"}],"replies":[{"embeddable":true,"href":"https:\/\/iratiirratia.eus\/index.php\/wp-json\/wp\/v2\/comments?post=17545"}],"version-history":[{"count":1,"href":"https:\/\/iratiirratia.eus\/index.php\/wp-json\/wp\/v2\/posts\/17545\/revisions"}],"predecessor-version":[{"id":17547,"href":"https:\/\/iratiirratia.eus\/index.php\/wp-json\/wp\/v2\/posts\/17545\/revisions\/17547"}],"wp:featuredmedia":[{"embeddable":true,"href":"https:\/\/iratiirratia.eus\/index.php\/wp-json\/wp\/v2\/media\/17546"}],"wp:attachment":[{"href":"https:\/\/iratiirratia.eus\/index.php\/wp-json\/wp\/v2\/media?parent=17545"}],"wp:term":[{"taxonomy":"category","embeddable":true,"href":"https:\/\/iratiirratia.eus\/index.php\/wp-json\/wp\/v2\/categories?post=17545"},{"taxonomy":"post_tag","embeddable":true,"href":"https:\/\/iratiirratia.eus\/index.php\/wp-json\/wp\/v2\/tags?post=17545"}],"curies":[{"name":"wp","href":"https:\/\/api.w.org\/{rel}","templated":true}]}}